{"id":469821,"date":"2017-01-28T18:40:26","date_gmt":"2017-01-28T23:40:26","guid":{"rendered":"http:\/\/diarioelpopular.com\/?p=469821"},"modified":"2017-01-28T18:40:36","modified_gmt":"2017-01-28T23:40:36","slug":"planta-de-empaquetado-de-aguacates-en-tancitaro-en-el-estado-mexicano-de-michoacan","status":"publish","type":"post","link":"https:\/\/diarioelpopular.com\/index.php\/2017\/01\/28\/planta-de-empaquetado-de-aguacates-en-tancitaro-en-el-estado-mexicano-de-michoacan\/","title":{"rendered":"Planta de empaquetado de aguacates en Tanc\u00edtaro, en el estado mexicano de Michoac\u00e1n."},"content":{"rendered":"<p>&nbsp;<\/p>\n<div id=\"attachment_469822\" style=\"width: 570px\" class=\"wp-caption aligncenter\"><a href=\"https:\/\/diarioelpopular.com\/wp-content\/uploads\/2017\/01\/1485628428_375975_1485635878_portada_normal.jpg\"><img loading=\"lazy\" decoding=\"async\" aria-describedby=\"caption-attachment-469822\" class=\"size-large wp-image-469822\" src=\"https:\/\/diarioelpopular.com\/wp-content\/uploads\/2017\/01\/1485628428_375975_1485635878_portada_normal-560x279.jpg\" alt=\"Viajeros procedentes de Dubai tras aterrizar hoy en el aeropuerto \" width=\"560\" height=\"279\" \/><\/a><p id=\"caption-attachment-469822\" class=\"wp-caption-text\">Viajeros procedentes de Dubai tras aterrizar hoy en el aeropuerto<\/p><\/div>\n<p><span style=\"color: #111111\">El\u00a0<\/span><a style=\"color: #016ca2\" href=\"http:\/\/internacional.elpais.com\/internacional\/2017\/01\/27\/estados_unidos\/1485551816_434347.html\">veto aprobado por Donald Trump para prohibir la entrada en el pa\u00eds a refugiados<\/a><span style=\"color: #111111\">\u00a0e inmigrantes de siete pa\u00edses de mayor\u00eda musulmana ha provocado las primeras detenciones y desatado una crisis que se extiende ya a varios pa\u00edses desde donde hab\u00edan recibido la luz verde para iniciar una nueva vida en Estados Unidos. La firma de la orden ejecutiva sorprendi\u00f3 en pleno vuelo a refugiados con permiso para viajar a EE UU. Mientras decenas de estudiantes y trabajadores con visados en regla descubren que no podr\u00e1n regresar de sus destinos, las aerol\u00edneas alertan de que s\u00f3lo podr\u00e1n embarcar quienes cuenten con permisos diplom\u00e1ticos.<\/span><\/p>\n<p dir=\"ltr\" style=\"color: #444444\">Al menos dos ciudadanos iraqu\u00edes han sido detenidos en el aeropuerto neoyorquino de Kennedy tras la entrada en vigor de\u00a0<a style=\"font-style: inherit;color: #016ca2\" href=\"http:\/\/elpais.com\/internacional\/2017\/01\/27\/estados_unidos\/1485551816_434347.html\">la orden ejecutiva de Donald Trump<\/a>\u00a0que proh\u00edbe la entrada en Estados Unidos a refugiados sirios e inmigrantes de siete naciones de mayor\u00eda musulmana. La aplicaci\u00f3n inmediata de este decreto ha creado un limbo legal para aquellos que se encontraban volando o aterrizando en aeropuertos estadounidenses en el momento de ser aprobada. Los dos primeros afectados contaban con peticiones de asilo ya aprobadas y que han sido detenidos en el aeropuerto Kennedy de Nueva York.<\/p>\n<p dir=\"ltr\" style=\"color: #444444\">\u201cSe trata de dos personas que cuentan con todos los papeles necesarios y con permiso, en gran parte, por el trabajo que han realizado para Estados Unidos\u201d, asegura a EL PA\u00cdS, Nicholas Esp\u00edritu, uno de los abogados que han presentado la demanda en su nombre. \u201cA cambio, lo que han encontrado al llegar aqu\u00ed ha sido su detenci\u00f3n\u201d. Esp\u00edritu explica que su organizaci\u00f3n, el\u00a0<a style=\"font-style: inherit;color: #016ca2\" href=\"https:\/\/www.nilc.org\/\">Centro Nacional de Leyes de Inmigraci\u00f3n<\/a>, demanda a un juez federal que impida al gobierno de Donald Trump obligarles a regresar a su pa\u00eds.<\/p>\n<section id=\"sumario_4|foto\" class=\"sumario_foto centro\" style=\"color: #444444\"><a style=\"font-style: inherit;color: #016ca2\" name=\"sumario_4\"><\/a><\/p>\n<div class=\"sumario__interior\" style=\"font-style: inherit\">\n<figure class=\"foto foto_w980\" style=\"font-style: inherit\"><img loading=\"lazy\" decoding=\"async\" style=\"font-style: inherit\" title=\"Hameed Darweesh tras ser liberado en Nueva York.\" src=\"http:\/\/ep01.epimg.net\/internacional\/imagenes\/2017\/01\/28\/estados_unidos\/1485612878_788233_1485637177_sumario_normal.jpg\" alt=\"Hameed Darweesh tras ser liberado en Nueva York.\" width=\"980\" height=\"653\" \/><figcaption class=\"foto-pie\" style=\"font-style: inherit;color: #646464\">Hameed Darweesh tras ser liberado en Nueva York.\u00a0<span class=\"foto-firma\" style=\"font-style: inherit;color: #111111\"><span class=\"foto-autor\" style=\"font-style: inherit\">ANDREW KELLY<\/span>\u00a0<span class=\"foto-agencia\" style=\"font-style: inherit\">REUTERS<\/span><\/span><\/figcaption><\/figure>\n<div class=\"sumario-texto\" style=\"font-style: inherit\"><\/div>\n<\/div>\n<\/section>\n<p dir=\"ltr\" style=\"color: #444444\">El primero de ellos, Hameed Khalid Darweesh, int\u00e9rprete en Irak para el gobierno estadounidense durante diez a\u00f1os, ya ha quedado en libertad. Khalid Darweesh declar\u00f3 este s\u00e1bado que fue recibido \u201ccomo si hubiera hecho algo malo\u201d, pero que siempre dese\u00f3 viajar a EE UU porque lo considera \u201cel mejor pa\u00eds del mundo\u201d. El int\u00e9rprete a\u00f1adi\u00f3, rodeado de decenas de personas que acudieron en su apoyo, que ese es \u201cel esp\u00edritu de Am\u00e9rica\u201d. \u201cEsto es lo que me inspir\u00f3 a dejar mi pa\u00eds y venir aqu\u00ed\u201d, dijo. Dos congresistas dem\u00f3cratas que se desplazaron este s\u00e1bado hasta el aeropuerto JFK declararon que est\u00e1n trabajando para ayudar a 11 refugiados m\u00e1s.<\/p>\n<section id=\"sumario_1|apoyos\" class=\"sumario_apoyos izquierda\" style=\"color: #444444\"><a style=\"font-style: inherit;color: #016ca2\" name=\"sumario_1\"><\/a><\/p>\n<div class=\"sumario__interior\" style=\"font-style: inherit\">\n<header class=\"sumario-encabezado\" style=\"font-style: inherit\">\n<h3 class=\"sumario-titulo\" style=\"font-style: inherit;color: #111111\"><span class=\"sin_enlace\" style=\"font-weight: inherit;font-style: inherit\">M\u00c1S INFORMACI\u00d3N<\/span><\/h3>\n<\/header>\n<div class=\"sumario-texto\" style=\"font-style: inherit\">\n<div class=\"apoyos\" style=\"font-style: inherit\">\n<ul class=\"apoyos-listado\" style=\"font-style: inherit\">\n<li class=\"apoyo_normal apoyo_foto\" style=\"font-style: inherit\">\n<figure class=\"foto foto_w140\" style=\"font-style: inherit\"><img loading=\"lazy\" decoding=\"async\" style=\"font-style: inherit\" title=\"EE UU proh\u00edbe la entrada de los primeros refugiados tras la orden de Trump\" src=\"http:\/\/ep01.epimg.net\/internacional\/imagenes\/2017\/01\/28\/estados_unidos\/1485612878_788233_1485629999_sumarioapoyo_normal.jpg\" alt=\"EE UU proh\u00edbe la entrada de los primeros refugiados tras la orden de Trump\" width=\"140\" height=\"100\" \/><\/figure>\n<p><span class=\"apoyo-titulo\" style=\"font-style: inherit\"><a style=\"font-style: inherit;color: #000000\" href=\"http:\/\/cultura.elpais.com\/cultura\/2017\/01\/28\/actualidad\/1485625363_726707.html\">El cineasta iran\u00ed Asghar Farhadi, nominado al Oscar, no podr\u00e1 acudir a la gala<\/a><\/span><\/li>\n<li class=\"apoyo_normal apoyo_sinfoto\" style=\"font-style: inherit\"><span class=\"apoyo-titulo\" style=\"font-style: inherit\"><a style=\"font-style: inherit;color: #000000\" href=\"http:\/\/elpais.com\/internacional\/2017\/01\/27\/estados_unidos\/1485551816_434347.html\">Trump veta que entren refugiados e inmigrantes de varios pa\u00edses musulmanes<\/a><\/span><\/li>\n<li class=\"apoyo_normal apoyo_sinfoto\" style=\"font-style: inherit\"><span class=\"apoyo-titulo\" style=\"font-style: inherit\"><a style=\"font-style: inherit;color: #000000\" href=\"http:\/\/internacional.elpais.com\/internacional\/2017\/01\/27\/estados_unidos\/1485473982_563360.html\">Alud de cr\u00edticas a Trump por defender la utilidad de la tortura<\/a><\/span><\/li>\n<li class=\"apoyo_normal apoyo_sinfoto\" style=\"font-style: inherit\"><span class=\"apoyo-titulo\" style=\"font-style: inherit\"><a style=\"font-style: inherit;color: #000000\" href=\"http:\/\/internacional.elpais.com\/internacional\/2015\/12\/12\/estados_unidos\/1449942076_929299.html\">Los musulmanes apelan a su fundamento pac\u00edfico ante Trump<\/a><\/span><\/li>\n<\/ul>\n<\/div>\n<\/div>\n<\/div>\n<\/section>\n<p dir=\"ltr\" style=\"color: #444444\">El decreto de\u00a0<a style=\"font-style: inherit;color: #016ca2\" href=\"http:\/\/elpais.com\/tag\/donald_trump\/a\/\">Trump<\/a>\u00a0bloquea las admisiones de todos los refugiados durante los pr\u00f3ximos cuatro meses, as\u00ed como la entrada de inmigrantes de siete pa\u00edses de mayor\u00eda musulmana durante 90 d\u00edas. Las naciones afectadas son Irak, Siria, Sud\u00e1n, Ir\u00e1n, Libia, Somalia y Yemen. Los dos detenidos en Nueva York son ciudadanos iraqu\u00edes \u2014el segundo viajaba para reunirse con su esposa\u2014 cuya petici\u00f3n de asilo hab\u00eda sido aprobada antes de que Trump tomara posesi\u00f3n del cargo. Ir\u00e1n es el primer pa\u00eds que ha asegurado que tomar\u00e1 la misma medida con respecto a los ciudadanos de origen estadounidense que quieran entrar en el pa\u00eds.<\/p>\n<p dir=\"ltr\" style=\"color: #444444\">Las dos primeras v\u00edctimas del veto a los refugiados han contado con el apoyo de una coalici\u00f3n de organizaciones por los derechos civiles y de la comunidad musulmana en EE UU que, seg\u00fan Esp\u00edritu, &#8220;adelantaba esta situaci\u00f3n desde hace mucho tiempo&#8221; y estaba lista para actuar en los tribunales. \u201cQueremos que un juez federal escuche por qu\u00e9 creemos que se est\u00e1 violando la ley de inmigraci\u00f3n y la Constituci\u00f3n\u201d, afirma el abogado. Esp\u00edritu a\u00f1ade que los dos refugiados iraqu\u00edes han podido hablar con sus familiares pero no con los abogados que les representan.<\/p>\n<p dir=\"ltr\" style=\"color: #444444\">Varias compa\u00f1\u00edas a\u00e9reas tambi\u00e9n se han negado a dejar embarcar a iran\u00edes con visados americanos. Una estudiante iran\u00ed de California con billete para regresar a EE UU el 4 de febrero ha recibido la notificaci\u00f3n de que acaba de ser cancelado, seg\u00fan la agencia AFP. \u201cHe hablado con mi universidad y estaban sorprendidos\u201d, declar\u00f3 la estudiante. \u201cMe tienen que enviar una carta para que pueda intentar volar desde Europa\u201d. Qatar Airways ha alertado a los pasajeros que tengan billetes para volar desde los pa\u00edses vetados que solo podr\u00e1n embarcar si cuentan con un visado diplom\u00e1tico \u2014de un gobierno extranjero o de organizaciones internacionales como Naciones Unidas\u2014 o un permiso de residencia.<\/p>\n<p dir=\"ltr\" style=\"color: #444444\">Un portavoz del Departamento de Seguridad Nacional ha asegurado a Reuters, sin embargo, que ese permiso de residencia, conocido popularmente como<em>Green Card<\/em>, no ser\u00e1 v\u00e1lido si los inmigrantes proceden de uno de los siete pa\u00edses vetados.<\/p>\n<section id=\"sumario_2|html\" class=\"sumario_html derecha\" style=\"color: #444444\"><a style=\"font-style: inherit;color: #016ca2\" name=\"sumario_2\"><\/a><\/p>\n<div class=\"sumario__interior\" style=\"font-style: inherit\">\n<div class=\"sumario-texto\" style=\"font-style: inherit\">\n<div class=\"SandboxRoot env-bp-min\" style=\"color: #1c2022\">\n<div id=\"twitter-widget-0\" class=\"EmbeddedTweet js-clickToOpenTarget\" lang=\"en\">\n<div class=\"EmbeddedTweet-tweet\">\n<blockquote class=\"Tweet h-entry js-tweetIdInfo subject expanded&lt;br \/&gt; \n<p>                    is-deciderHtmlWhitespace\" cite=\"https:\/\/twitter.com\/GovPenceIN\/status\/674249808610066433\"><\/p>\n<div class=\"Tweet-header u-cf\">\n<div class=\"Tweet-brand u-floatRight\"><\/div>\n<div class=\"TweetAuthor \"><a class=\"TweetAuthor-link Identity u-linkBlend\" style=\"color: inherit\" href=\"https:\/\/twitter.com\/GovPenceIN\"><span class=\"TweetAuthor-avatar Identity-avatar\"><img decoding=\"async\" class=\"Avatar\" src=\"https:\/\/pbs.twimg.com\/profile_images\/656557453518110720\/9nofiWkK_normal.jpg\" alt=\"\" \/><\/span><span class=\"TweetAuthor-name Identity-name customisable-highlight\" style=\"font-weight: bold\" title=\"Governor Mike Pence\">Governor Mike Pence<\/span>\u00a0<\/a><\/p>\n<div class=\"Icon Icon--verified \" title=\"Verified Account\"><\/div>\n<p><a class=\"TweetAuthor-link Identity u-linkBlend\" style=\"color: inherit\" href=\"https:\/\/twitter.com\/GovPenceIN\"><span class=\"TweetAuthor-verifiedBadge\"><span class=\"u-hiddenVisually\">\u2714<\/span><\/span><span class=\"TweetAuthor-screenName Identity-screenName\" dir=\"ltr\" style=\"color: #697882\" title=\"@GovPenceIN\">@GovPenceIN<\/span><\/a><\/p>\n<\/div>\n<\/div>\n<div class=\"Tweet-body e-entry-content\">\n<p class=\"Tweet-text e-entry-title\" dir=\"ltr\" lang=\"en\">Calls to ban Muslims from entering the U.S. are offensive and unconstitutional.<\/p>\n<div class=\"Tweet-metadata dateline\" style=\"color: #697882\"><a class=\"u-linkBlend u-url customisable-highlight long-permalink\" style=\"color: inherit\" href=\"https:\/\/twitter.com\/GovPenceIN\/status\/674249808610066433\">10:30 AM &#8211; 8 Dec 2015<\/a><\/div>\n<ul class=\"Tweet-actions\">\n<li class=\"Tweet-action\"><\/li>\n<li class=\"Tweet-action\">\n<div class=\"Icon Icon--retweet TweetAction-icon\" title=\"Retweet\"><\/div>\n<p><a class=\"TweetAction TweetAction--retweet web-intent\" style=\"color: #697882\" href=\"https:\/\/twitter.com\/intent\/retweet?tweet_id=674249808610066433\">\u00a0<span class=\"TweetAction-stat\">134,189<\/span><span class=\"u-hiddenVisually\">134,189 Retweets<\/span><\/a><\/li>\n<li class=\"Tweet-action\">\n<div class=\"Icon Icon--heart TweetAction-icon\" title=\"Like\"><\/div>\n<p><a class=\"TweetAction TweetAction--heart web-intent\" style=\"color: #697882\" href=\"https:\/\/twitter.com\/intent\/like?tweet_id=674249808610066433\">\u00a0<span class=\"TweetAction-stat\">100,021<\/span><span class=\"u-hiddenVisually\">100,021 likes<\/span><\/a><\/li>\n<\/ul>\n<\/div>\n<\/blockquote>\n<\/div>\n<\/div>\n<div class=\"resize-sensor\"><\/div>\n<\/div>\n<p class=\"nota_pie\" dir=\"ltr\" style=\"font-style: inherit\">El veto de Trump a los inmigrantes de pa\u00edses de mayor\u00eda musulmana caus\u00f3 una gran pol\u00e9mica cuando lo propuso, por primera vez, tras los atentados en Par\u00eds en noviembre de 2015. Entonces, el ahora vicepresidente Mike Pence public\u00f3 en Twitter que \u201cla petici\u00f3n de prohibir la entrada a los musulmanes es ofensiva y anticonstitucional\u201d. Los principales l\u00edderes republicanos no han mostrado ning\u00fan rechazo a la firma del decreto este viernes.<\/p>\n<\/div>\n<\/div>\n<\/section>\n<p dir=\"ltr\" style=\"color: #444444\">Se desconoce cu\u00e1ntos afectados hay en todo el pa\u00eds. Siete personas m\u00e1s \u2014seis ciudadanos de Irak y otro de Yemen\u2014 no pudieron embarcar su vuelo en El Cairo con destino a Nueva York. La medida puede afectar asimismo a miles de personas con residencia legal en EE UU y que se encontraban de vacaciones o desplazados en sus pa\u00edses de origen. Seg\u00fan un documento interno de Google obtenido por Bloomberg News, m\u00e1s de 100 de sus empleados pueden verse perjudicados por el decreto.<\/p>\n<p dir=\"ltr\" style=\"color: #444444\">\u201cNos preocupa el impacto de esta orden y de cualquier propuesta que pueda imponer restricciones a nuestros trabajadores y sus familias, o que pueda crear barreras para traer talento a EE UU\u201d, dice un comunicado de la compa\u00f1\u00eda, que no hace referencia a la situaci\u00f3n de sus empleados. \u201cSeguiremos transmitiendo nuestra postura en estos asuntos a los l\u00edderes en Washington y en otros lugares\u201d.<\/p>\n<p dir=\"ltr\" style=\"color: #444444\">Varias organizaciones por los derechos civiles presentaron este s\u00e1bado una demanda ante un juzgado de Nueva York para pedir la puesta en libertad de los dos detenidos en el aeropuerto Kennedy y solicitar que esa decisi\u00f3n se aplique tambi\u00e9n a cualquiera de los futuros afectados. La justicia deber\u00e1 resolver una de las grandes dudas creadas por la orden ejecutiva de Trump: si a\u00fan pueden entrar en EE UU los inmigrantes y solicitantes de asilo que ya hab\u00edan recibido la luz verde para entrar en el pa\u00eds pero a\u00fan no hab\u00edan iniciado su viaje.<\/p>\n<p dir=\"ltr\" style=\"color: #444444\">El\u00a0<a style=\"font-style: inherit;color: #016ca2\" href=\"https:\/\/refugeerights.org\/\">Proyecto Internacional para la Asistencia a Refugiados<\/a>\u00a0(IRAP), una de las organizaciones implicadas en la demanda, ha calificado la orden de Trump de \u201cirresponsable y peligrosa\u201d, seg\u00fan un comunicado emitido este s\u00e1bado. \u201cNegar a miles de refugiados la oportunidad de vivir seguros es una decisi\u00f3n irresponsable y peligrosa que socava los valores americanos y pone en peligro nuestras relaciones internacionales y seguridad nacional.<\/p>\n<p dir=\"ltr\" style=\"color: #444444\">La IRAP alerta de que el decreto de Trump puede abandonar \u201cen situaci\u00f3n de peligro inmediato\u201d a miles de ni\u00f1os, enfermos, supervivientes de actos de violencia y tortura, as\u00ed como a ciudadanos provenientes de Irak y Afganist\u00e1n que han trabajado para el gobierno de EE UU en sus respectivos pa\u00edses, como es el caso de los dos detenidos en el aeropuerto Kennedy.<\/p>\n<section id=\"sumario_3|despiece\" class=\"sumario_despiece centro\" style=\"color: #444444\"><a style=\"font-style: inherit;color: #016ca2\" name=\"sumario_3\"><\/a><\/p>\n<div class=\"sumario__interior\" style=\"font-style: inherit\">\n<header class=\"sumario-encabezado\" style=\"font-style: inherit\">\n<h4 class=\"sumario-titulo\" style=\"font-style: inherit;color: #111111\"><span class=\"sin_enlace\" style=\"font-weight: inherit;font-style: inherit\">TRUMP VUELVE A ATACAR A LA PRENSA<\/span><\/h4>\n<\/header>\n<div class=\"sumario-texto\" style=\"font-style: inherit\">\n<p dir=\"ltr\" style=\"font-style: inherit\">El presidente de Estados Unidos recurri\u00f3 este s\u00e1bado a su cuenta personal en Twitter para acusar al diario\u00a0<em>The New York Times<\/em>\u00a0de \u201cequivocarse en todo\u201d lo relativo a su campa\u00f1a y su presidencial. Trump acusa al\u00a0<em>Times<\/em>\u00a0de ser \u201c<a style=\"font-style: inherit;color: #016ca2\" href=\"https:\/\/twitter.com\/realDonaldTrump\/status\/825328817833123840\">noticias falsas<\/a>\u201d como ya hizo con CNN, y de hacer una cobertura \u201csobre m\u00ed, tan falsa que de hecho se han\u00a0<a style=\"font-style: inherit;color: #016ca2\" href=\"https:\/\/twitter.com\/realDonaldTrump\/status\/825329757646618624\">disculpado a sus cada vez menos suscriptores y lectores<\/a>\u201d, algo que niega el diario. \u201cSe equivocaron desde el principio y todav\u00eda no han corregido la tendencia, ni lo har\u00e1n. DESHONESTOS\u201d, dice\u00a0<a style=\"font-style: inherit;color: #016ca2\" href=\"https:\/\/twitter.com\/realDonaldTrump\/status\/825331665509691393\">el tercero de sus mensajes<\/a>.<\/p>\n<div class=\"SandboxRoot env-bp-350\" style=\"color: #1c2022\">\n<div id=\"twitter-widget-1\" class=\"EmbeddedTweet js-clickToOpenTarget\" lang=\"en\">\n<div class=\"EmbeddedTweet-tweet\">\n<blockquote class=\"Tweet h-entry js-tweetIdInfo subject expanded&lt;br \/&gt; \n<p>                    is-deciderHtmlWhitespace\" cite=\"https:\/\/twitter.com\/realDonaldTrump\/status\/825328817833123840\"><\/p>\n<div class=\"Tweet-header u-cf\">\n<div class=\"Tweet-brand u-floatRight\"><span class=\"u-hiddenInNarrowEnv\"><a class=\"FollowButton follow-button profile\" style=\"font-weight: bold;color: #55acee\" title=\"Follow Donald J. Trump on Twitter\" href=\"https:\/\/twitter.com\/realDonaldTrump\">\u00a0Follow<\/a><\/span><\/div>\n<div class=\"TweetAuthor \"><a class=\"TweetAuthor-link Identity u-linkBlend\" style=\"color: inherit\" href=\"https:\/\/twitter.com\/realDonaldTrump\"><span class=\"TweetAuthor-avatar Identity-avatar\"><img decoding=\"async\" class=\"Avatar\" src=\"https:\/\/pbs.twimg.com\/profile_images\/1980294624\/DJT_Headshot_V2_normal.jpg\" alt=\"\" \/><\/span><span class=\"TweetAuthor-name Identity-name customisable-highlight\" style=\"font-weight: bold\" title=\"Donald J. Trump\">Donald J. Trump<\/span>\u00a0<\/a><\/p>\n<div class=\"Icon Icon--verified \" title=\"Verified Account\"><\/div>\n<p><a class=\"TweetAuthor-link Identity u-linkBlend\" style=\"color: inherit\" href=\"https:\/\/twitter.com\/realDonaldTrump\"><span class=\"TweetAuthor-verifiedBadge\"><span class=\"u-hiddenVisually\">\u2714<\/span><\/span><span class=\"TweetAuthor-screenName Identity-screenName\" dir=\"ltr\" style=\"color: #697882\" title=\"@realDonaldTrump\">@realDonaldTrump<\/span><\/a><\/p>\n<\/div>\n<\/div>\n<div class=\"Tweet-body e-entry-content\">\n<p class=\"Tweet-text e-entry-title\" dir=\"ltr\" lang=\"en\">The failing\u00a0<a class=\"PrettyLink profile customisable h-card\" style=\"color: #2b7bb9\" href=\"https:\/\/twitter.com\/nytimes\"><span class=\"PrettyLink-prefix\">@<\/span><span class=\"PrettyLink-value\">nytimes<\/span><\/a>\u00a0has been wrong about me from the very beginning. Said I would lose the primaries, then the general election. FAKE NEWS!<\/p>\n<div class=\"Tweet-metadata dateline\" style=\"color: #697882\"><a class=\"u-linkBlend u-url customisable-highlight long-permalink\" style=\"color: inherit\" href=\"https:\/\/twitter.com\/realDonaldTrump\/status\/825328817833123840\">8:04 AM &#8211; 28 Jan 2017<\/a><\/div>\n<ul class=\"Tweet-actions\">\n<li class=\"Tweet-action\"><\/li>\n<li class=\"Tweet-action\">\n<div class=\"Icon Icon--retweet TweetAction-icon\" title=\"Retweet\"><\/div>\n<p><a class=\"TweetAction TweetAction--retweet web-intent\" style=\"color: #697882\" href=\"https:\/\/twitter.com\/intent\/retweet?tweet_id=825328817833123840\">\u00a0<span class=\"TweetAction-stat\">15,148<\/span><span class=\"u-hiddenVisually\">15,148 Retweets<\/span><\/a><\/li>\n<li class=\"Tweet-action\">\n<div class=\"Icon Icon--heart TweetAction-icon\" title=\"Like\"><\/div>\n<p><a class=\"TweetAction TweetAction--heart web-intent\" style=\"color: #697882\" href=\"https:\/\/twitter.com\/intent\/like?tweet_id=825328817833123840\">\u00a0<span class=\"TweetAction-stat\">73,596<\/span><span class=\"u-hiddenVisually\">73,596 likes<\/span><\/a><\/li>\n<\/ul>\n<\/div>\n<\/blockquote>\n<\/div>\n<\/div>\n<\/div>\n<\/div>\n<\/div>\n<\/section>\n","protected":false},"excerpt":{"rendered":"<p>Varias organizaciones demandan a Trump ante la justicia por bloquear la entrada de dos ciudadanos iraqu\u00edes que han sido detenidos en el aeropuerto en Nueva York<\/p>\n","protected":false},"author":5842,"featured_media":0,"comment_status":"open","ping_status":"open","sticky":false,"template":"","format":"standard","meta":{"footnotes":""},"categories":[24],"tags":[],"class_list":["post-469821","post","type-post","status-publish","format-standard","hentry","category-mundo"],"_links":{"self":[{"href":"https:\/\/diarioelpopular.com\/index.php\/wp-json\/wp\/v2\/posts\/469821","targetHints":{"allow":["GET"]}}],"collection":[{"href":"https:\/\/diarioelpopular.com\/index.php\/wp-json\/wp\/v2\/posts"}],"about":[{"href":"https:\/\/diarioelpopular.com\/index.php\/wp-json\/wp\/v2\/types\/post"}],"author":[{"embeddable":true,"href":"https:\/\/diarioelpopular.com\/index.php\/wp-json\/wp\/v2\/users\/5842"}],"replies":[{"embeddable":true,"href":"https:\/\/diarioelpopular.com\/index.php\/wp-json\/wp\/v2\/comments?post=469821"}],"version-history":[{"count":2,"href":"https:\/\/diarioelpopular.com\/index.php\/wp-json\/wp\/v2\/posts\/469821\/revisions"}],"predecessor-version":[{"id":469824,"href":"https:\/\/diarioelpopular.com\/index.php\/wp-json\/wp\/v2\/posts\/469821\/revisions\/469824"}],"wp:attachment":[{"href":"https:\/\/diarioelpopular.com\/index.php\/wp-json\/wp\/v2\/media?parent=469821"}],"wp:term":[{"taxonomy":"category","embeddable":true,"href":"https:\/\/diarioelpopular.com\/index.php\/wp-json\/wp\/v2\/categories?post=469821"},{"taxonomy":"post_tag","embeddable":true,"href":"https:\/\/diarioelpopular.com\/index.php\/wp-json\/wp\/v2\/tags?post=469821"}],"curies":[{"name":"wp","href":"https:\/\/api.w.org\/{rel}","templated":true}]}}