{"id":469848,"date":"2017-01-29T17:33:33","date_gmt":"2017-01-29T22:33:33","guid":{"rendered":"http:\/\/diarioelpopular.com\/?p=469848"},"modified":"2017-01-29T17:33:42","modified_gmt":"2017-01-29T22:33:42","slug":"la-casa-blanca-abre-una-crisis-constitucional-sin-precedentes","status":"publish","type":"post","link":"https:\/\/diarioelpopular.com\/index.php\/2017\/01\/29\/la-casa-blanca-abre-una-crisis-constitucional-sin-precedentes\/","title":{"rendered":"La Casa Blanca abre una crisis constitucional sin precedentes"},"content":{"rendered":"<p>&nbsp;<\/p>\n<div id=\"attachment_469849\" style=\"width: 570px\" class=\"wp-caption aligncenter\"><a href=\"https:\/\/diarioelpopular.com\/wp-content\/uploads\/2017\/01\/1485708438_981186_1485709163_noticia_normal_recorte1-1.jpg\"><img loading=\"lazy\" decoding=\"async\" aria-describedby=\"caption-attachment-469849\" class=\"size-large wp-image-469849\" src=\"https:\/\/diarioelpopular.com\/wp-content\/uploads\/2017\/01\/1485708438_981186_1485709163_noticia_normal_recorte1-1-560x334.jpg\" alt=\"Protesta en el aeropuerto de Seattle\" width=\"560\" height=\"334\" \/><\/a><p id=\"caption-attachment-469849\" class=\"wp-caption-text\">Protesta en el aeropuerto de Seattle<\/p><\/div>\n<p><span style=\"color: #111111\">Tras las\u00a0<\/span><a style=\"color: #016ca2\" href=\"http:\/\/internacional.elpais.com\/internacional\/2017\/01\/28\/estados_unidos\/1485643437_880761.html\">numerosas protestas<\/a><span style=\"color: #111111\">\u00a0en contra de la prohibici\u00f3n de entrar en Estados Unidos a refugiados e inmigrantes de naciones de mayor\u00eda musulmana, el presidente Donald Trump ha desplegado a los principales miembros de su equipo para defender su orden ejecutiva m\u00e1s agresiva de los \u00faltimo d\u00edas. A \u00faltima hora del s\u00e1bado, una juez federal de Nueva York suspendi\u00f3 partes clave del decreto migratorio a las pocas horas de entrar en vigor, pero\u00a0<\/span><a style=\"color: #016ca2\" href=\"http:\/\/internacional.elpais.com\/internacional\/2017\/01\/28\/estados_unidos\/1485612878_788233.html\">el caos y la confusi\u00f3n siguen reinando en los aeropuertos dentro y fuera de EE UU<\/a><span style=\"color: #111111\">\u00a0ante las dudas de qui\u00e9n puede o no entrar en el pa\u00eds.<\/span><\/p>\n<p dir=\"ltr\" style=\"color: #444444\">Mientras la Casa Blanca minimizaba el impacto, varios congresistas dem\u00f3cratas se desplazaron hasta los aeropuertos donde a\u00fan permanecen detenidos varios extranjeros a pesar de tener permiso para entrar en el pa\u00eds. El representante dem\u00f3crata Don Beyer denunci\u00f3 la &#8220;crisis constitucional&#8221; provocada por la orden de Trump ya que los agentes fronterizos han negado el acceso de los abogados a sus clientes, detenidos a pesar de la orden judicial a su favor. Los legisladores acusan a los agentes de desacatar una sentencia legal, lo que tendr\u00eda implicaciones graves.<\/p>\n<p dir=\"ltr\" style=\"color: #444444\">Las cr\u00edticas al veto de Trump han llegado a su propio partido. En un comunicado conjunto, los senadores republicanos Lindsey Graham y John McCain expresaron su temor a que el veto &#8220;ayude m\u00e1s a reclutar terroristas que a mejorar nuestra seguridad&#8221;. Los dos legisladores afirman que la orden ejecutiva entr\u00f3 en vigor sin que la Casa Blanca consultase apenas con el Departamento de Defensa, de Estado ni de Justicia, a pesar de que todos ellos est\u00e1n involucrados en su puesta en funcionamiento.<\/p>\n<section id=\"sumario_2|apoyos\" class=\"sumario_apoyos derecha\" style=\"color: #444444\"><a style=\"font-style: inherit;color: #016ca2\" name=\"sumario_2\"><\/a><\/p>\n<div class=\"sumario__interior\" style=\"font-style: inherit\">\n<header class=\"sumario-encabezado\" style=\"font-style: inherit\">\n<h3 class=\"sumario-titulo\" style=\"font-style: inherit;color: #111111\"><span class=\"sin_enlace\" style=\"font-weight: inherit;font-style: inherit\">M\u00c1S INFORMACI\u00d3N<\/span><\/h3>\n<\/header>\n<div class=\"sumario-texto\" style=\"font-style: inherit\">\n<div class=\"apoyos\" style=\"font-style: inherit\">\n<ul class=\"apoyos-listado\" style=\"font-style: inherit\">\n<li class=\"apoyo_normal apoyo_foto\" style=\"font-style: inherit\">\n<figure class=\"foto foto_w140\" style=\"font-style: inherit\"><img loading=\"lazy\" decoding=\"async\" style=\"font-style: inherit\" title=\"La Casa Blanca abre una crisis constitucional sin precedentes\" src=\"http:\/\/ep01.epimg.net\/internacional\/imagenes\/2017\/01\/29\/estados_unidos\/1485708438_981186_1485708761_sumarioapoyo_normal.jpg\" alt=\"La Casa Blanca abre una crisis constitucional sin precedentes\" width=\"140\" height=\"100\" \/><\/figure>\n<p><span class=\"apoyo-titulo\" style=\"font-style: inherit\"><a style=\"font-style: inherit;color: #000000\" href=\"http:\/\/elpais.com\/internacional\/2017\/01\/28\/estados_unidos\/1485642013_978610.html\">El nuevo presidente sacude Estados Unidos en una semana<\/a><\/span><\/li>\n<li class=\"apoyo_normal apoyo_foto\" style=\"font-style: inherit\">\n<figure class=\"foto foto_w140\" style=\"font-style: inherit\"><img loading=\"lazy\" decoding=\"async\" style=\"font-style: inherit\" title=\"La Casa Blanca abre una crisis constitucional sin precedentes\" src=\"http:\/\/ep01.epimg.net\/internacional\/imagenes\/2017\/01\/29\/estados_unidos\/1485708438_981186_1485708807_sumarioapoyo_normal.jpg\" alt=\"La Casa Blanca abre una crisis constitucional sin precedentes\" width=\"140\" height=\"100\" \/><\/figure>\n<p><span class=\"apoyo-titulo\" style=\"font-style: inherit\"><a style=\"font-style: inherit;color: #000000\" href=\"http:\/\/elpais.com\/internacional\/2017\/01\/29\/actualidad\/1485658203_918931.html\">Una juez federal bloquea temporalmente las deportaciones<\/a><\/span><\/li>\n<li class=\"apoyo_normal apoyo_sinfoto\" style=\"font-style: inherit\"><span class=\"apoyo-titulo\" style=\"font-style: inherit\"><a style=\"font-style: inherit;color: #000000\" href=\"http:\/\/internacional.elpais.com\/internacional\/2017\/01\/28\/actualidad\/1485636582_239031.html\">Qu\u00e9 dice y a qui\u00e9n afecta la orden<\/a><\/span><\/li>\n<\/ul>\n<\/div>\n<\/div>\n<\/div>\n<\/section>\n<div id=\"ds_cpp\" class=\"ds_cpp\" style=\"color: #444444\"><\/div>\n<p style=\"color: #444444\">Los fiscales generales de 16 estados emitieron este domingo una declaraci\u00f3n conjunta en la que condenan el decreto presidencial. &#8220;Como jefes de los funcionarios legales de m\u00e1s de 130 millones de estadounidenses y residentes extranjeros de nuestros estados, condenamos la inconstitucional y antiestadounidense orden ejecutiva del presidente Trump&#8221;, afirman los fiscales, entre los que se cuentan los de California, Nueva York o Pensilvania.<\/p>\n<p style=\"color: #444444\"><strong style=\"font-style: inherit\">La Casa Blanca se defiende<\/strong><\/p>\n<p dir=\"ltr\" style=\"color: #444444\">El jefe de Gabinete del presidente,\u00a0<a style=\"font-style: inherit;color: #016ca2\" href=\"http:\/\/www.nbcnews.com\/politics\/politics-news\/priebus-immigration-order-doesn-t-include-green-card-holders-anyone-n713731\">Rience Priebus, declar\u00f3 este domingo<\/a>\u00a0que el Gobierno no descarta \u201cllevar a\u00fan m\u00e1s lejos\u201d la medida aprobada este viernes contra la inmigraci\u00f3n y que la lista de siete pa\u00edses puede verse ampliada \u201ca su debido tiempo\u201d. Preguntado por el periodista de NBC acerca de los detalles de la orden ejecutiva, Priebus a\u00f1adi\u00f3 despu\u00e9s que el veto no afecta a quienes ya poseen un permiso de residencia legal en EE UU, conocido como\u00a0<em>Green Card<\/em>. Sin embargo, despu\u00e9s a\u00f1adi\u00f3 que esas personas ser\u00e1n sometidas a \u201cun mayor escrutinio\u201d y que la veintena de afectados que a\u00fan est\u00e1n detenidos \u201cpodr\u00e1n salir al exterior en pocas horas mientras no se demuestre que son mala gente&#8221;.<\/p>\n<p dir=\"ltr\" style=\"color: #444444\">Pese a que Priebus habl\u00f3 de una veintena de afectados, el Departamento de Seguridad Nacional inform\u00f3 que se neg\u00f3 la entrada a 109 personas que viajaban a EE UU cuando entr\u00f3 en vigor la orden y otras 173 fueron retenidas antes de embarcar el vuelo. El decreto sorprendi\u00f3 a muchos residentes legales que, a pesar de llevar d\u00e9cadas viviendo legalmente en EE UU, se encontraban en su pa\u00eds de origen y desconocen si podr\u00e1n entrar nuevamente.<\/p>\n<p dir=\"ltr\" style=\"color: #444444\">\u201cSi eres un ciudadano estadounidense que no para de ir y venir de Libia, podr\u00edas acabar siendo objeto de a\u00fan m\u00e1s interrogatorios&#8221;, declar\u00f3 el jefe de Gabinete en NBC, aunque no termin\u00f3 de explicar c\u00f3mo afectar\u00e1 la restricci\u00f3n a los poseedores de una\u00a0<em>Green Card<\/em>. \u201cEs una medida a discreci\u00f3n de las autoridades aduaneras. No digo que est\u00e9 en la orden, pero la autoridad aduanera tiene la capacidad de realizar preguntas a esta gente\u201d.<\/p>\n<section id=\"sumario_1|despiece\" class=\"sumario_despiece centro\" style=\"color: #444444\"><a style=\"font-style: inherit;color: #016ca2\" name=\"sumario_1\"><\/a><\/p>\n<div class=\"sumario__interior\" style=\"font-style: inherit\">\n<header class=\"sumario-encabezado\" style=\"font-style: inherit\">\n<h4 class=\"sumario-titulo\" style=\"font-style: inherit;color: #111111\"><span class=\"sin_enlace\" style=\"font-weight: inherit;font-style: inherit\">LOS AFECTADOS POR LA ORDEN EJECUTIVA DE TRUMP<\/span><\/h4>\n<\/header>\n<div class=\"sumario-texto\" style=\"font-style: inherit\">\n<ul class=\"en_contenido\" style=\"font-style: inherit\">\n<li style=\"font-style: inherit\">Los ciudadanos de siete pa\u00edses de mayor\u00eda musulmana (Irak, Ir\u00e1n, Siria, Somalia, Sud\u00e1n, Libia y Yemen) no podr\u00e1n entrar en EE UU durante 90 d\u00edas desde la firma de la orden, el 27 de enero<\/li>\n<li style=\"font-style: inherit\">Residentes legales en EE UU que hayan nacido en uno de esos siete pa\u00edses deben dirigirse al consulado estadounidense para ser sometidos al \u201cveto extremo\u201d impuesto por Trump. Los funcionarios de la Embajada decidir\u00e1n si pueden viajar analizando \u201ccaso por caso\u201d<\/li>\n<li style=\"font-style: inherit\">Los refugiados sirios tienen prohibida la entrada en EE UU de manera indefinida<\/li>\n<li style=\"font-style: inherit\">Los refugiados de otros pa\u00edses est\u00e1n vetados durante 120 d\u00edas desde la entrada en vigor de la orden<\/li>\n<\/ul>\n<\/div>\n<\/div>\n<\/section>\n<p dir=\"ltr\" style=\"color: #444444\"><strong style=\"font-style: inherit\">La sentencia judicial<\/strong><\/p>\n<p dir=\"ltr\" style=\"color: #444444\">Este s\u00e1bado, el dictamen de una juez federal en Nueva York a\u00f1adi\u00f3 a\u00fan m\u00e1s confusi\u00f3n al caos provocado en aeropuertos de todo el pa\u00eds. En el extranjero, el decreto de Trump llev\u00f3 a muchas aerol\u00edneas a impedir que embarcasen pasajeros que iban a ser vetados a su llegada a EE UU a pesar de que contaban con los documentos en regla y aprobados incluso antes de que el presidente tomara posesi\u00f3n del cargo.<\/p>\n<p dir=\"ltr\" style=\"color: #444444\">La juez federal ha suspendido la aplicaci\u00f3n en todo el pa\u00eds de una parte del decreto: el Gobierno de Trump debe admitir a aquellos inmigrantes y refugiados con documentos en regla que ya estuvieran en el aeropuerto y a quienes la firma del decreto hubiera encontrado de camino a Estados Unidos. La magistrada se pronunci\u00f3 tras la demanda presentada por varias organizaciones de derechos civiles para impedir que los dos primeros iraqu\u00edes detenidos en el aeropuerto de Nueva York no fueran deportados a su pa\u00eds.<\/p>\n<p dir=\"ltr\" style=\"color: #444444\">La norma, sin embargo, sigue en vigor y aquellos que a\u00fan no hubieran iniciado el viaje no podr\u00e1n cruzar la frontera estadounidense, como ha indicado el Departamento de Seguridad Nacional este domingo. \u201cLas \u00f3rdenes ejecutivas de Trump siguen en vigor. La prohibici\u00f3n de viajar se mantiene y el Gobierno de EE UU conserva su derecho de revocar visados si as\u00ed lo requiere la seguridad nacional\u201d, afirm\u00f3 el Departamento de Seguridad Nacional, encargado de aplicar las medidas migratorias. \u201cAplicaremos todos los decretos del presidente de manera que garantice la seguridad de todo el pueblo americano\u201d.<\/p>\n<p dir=\"ltr\" style=\"color: #444444\">La Administraci\u00f3n Trump ha defendido desde este s\u00e1bado que estaban \u201ctotalmente preparados\u201d para aplicar el decreto presidencial y que, seg\u00fan Priebus, ha funcionado \u201ccon normalidad\u201d. La medida fue recibida sin embargo por numerosas protestas en todo el pa\u00eds para rechazar el cierre de las fronteras a los refugiados y la exclusi\u00f3n de inmigrantes musulmanes. En los principales aeropuertos de todo el pa\u00eds se citaron desde ciudadanos an\u00f3nimos hasta abogados voluntarios para ayudar a los detenidos y legisladores dem\u00f3cratas que condenaron p\u00fablicamente el decreto de Trump.<\/p>\n","protected":false},"excerpt":{"rendered":"<p>La Administraci\u00f3n Trump asegura que el veto no afectar\u00e1 a los residentes legales pero no logra aclarar la confusi\u00f3n creada por la orden ejecutiva<\/p>\n","protected":false},"author":5842,"featured_media":0,"comment_status":"open","ping_status":"open","sticky":false,"template":"","format":"standard","meta":{"footnotes":""},"categories":[24],"tags":[],"class_list":["post-469848","post","type-post","status-publish","format-standard","hentry","category-mundo"],"_links":{"self":[{"href":"https:\/\/diarioelpopular.com\/index.php\/wp-json\/wp\/v2\/posts\/469848","targetHints":{"allow":["GET"]}}],"collection":[{"href":"https:\/\/diarioelpopular.com\/index.php\/wp-json\/wp\/v2\/posts"}],"about":[{"href":"https:\/\/diarioelpopular.com\/index.php\/wp-json\/wp\/v2\/types\/post"}],"author":[{"embeddable":true,"href":"https:\/\/diarioelpopular.com\/index.php\/wp-json\/wp\/v2\/users\/5842"}],"replies":[{"embeddable":true,"href":"https:\/\/diarioelpopular.com\/index.php\/wp-json\/wp\/v2\/comments?post=469848"}],"version-history":[{"count":2,"href":"https:\/\/diarioelpopular.com\/index.php\/wp-json\/wp\/v2\/posts\/469848\/revisions"}],"predecessor-version":[{"id":469851,"href":"https:\/\/diarioelpopular.com\/index.php\/wp-json\/wp\/v2\/posts\/469848\/revisions\/469851"}],"wp:attachment":[{"href":"https:\/\/diarioelpopular.com\/index.php\/wp-json\/wp\/v2\/media?parent=469848"}],"wp:term":[{"taxonomy":"category","embeddable":true,"href":"https:\/\/diarioelpopular.com\/index.php\/wp-json\/wp\/v2\/categories?post=469848"},{"taxonomy":"post_tag","embeddable":true,"href":"https:\/\/diarioelpopular.com\/index.php\/wp-json\/wp\/v2\/tags?post=469848"}],"curies":[{"name":"wp","href":"https:\/\/api.w.org\/{rel}","templated":true}]}}