{"id":469863,"date":"2017-01-30T17:06:32","date_gmt":"2017-01-30T22:06:32","guid":{"rendered":"http:\/\/diarioelpopular.com\/?p=469863"},"modified":"2017-01-30T17:06:42","modified_gmt":"2017-01-30T22:06:42","slug":"trump-insiste-en-que-su-veto-migratorio-sirve-para-combatir-el-terrorismo","status":"publish","type":"post","link":"https:\/\/diarioelpopular.com\/index.php\/2017\/01\/30\/trump-insiste-en-que-su-veto-migratorio-sirve-para-combatir-el-terrorismo\/","title":{"rendered":"Trump insiste en que su veto migratorio sirve para combatir el terrorismo"},"content":{"rendered":"<p>&nbsp;<\/p>\n<div id=\"attachment_469864\" style=\"width: 570px\" class=\"wp-caption aligncenter\"><a href=\"https:\/\/diarioelpopular.com\/wp-content\/uploads\/2017\/01\/1485805762_947333_1485805986_noticia_normal_recorte1.jpg\"><img loading=\"lazy\" decoding=\"async\" aria-describedby=\"caption-attachment-469864\" class=\"size-large wp-image-469864\" src=\"https:\/\/diarioelpopular.com\/wp-content\/uploads\/2017\/01\/1485805762_947333_1485805986_noticia_normal_recorte1-560x313.jpg\" alt=\"Sean Spicer, el portavoz de la Casa Blanca este lunes.\" width=\"560\" height=\"313\" \/><\/a><p id=\"caption-attachment-469864\" class=\"wp-caption-text\">Sean Spicer, el portavoz de la Casa Blanca este lunes.<\/p><\/div>\n<p><span style=\"color: #111111\">La Casa Blanca insisti\u00f3 hoy en la necesidad del\u00a0<\/span><a style=\"color: #016ca2\" href=\"http:\/\/internacional.elpais.com\/internacional\/2017\/01\/27\/estados_unidos\/1485551816_434347.html\">veto migratorio contra refugiados e inmigrantes de siete pa\u00edses de mayor\u00eda musulmana<\/a><span style=\"color: #111111\">\u00a0que el presidente de Estados Unidos, Donald Trump, orden\u00f3 el pasado viernes. Pese a las masivas protestas en las grandes ciudades y aeropuertos del pa\u00eds y a la oposici\u00f3n de numerosos pol\u00edticos, tanto dem\u00f3cratas como republicanos, el presidente recalc\u00f3 en un comunicado ayer que la restricci\u00f3n sirve para garantizar la protecci\u00f3n de los ciudadanos.<\/span><\/p>\n<p dir=\"ltr\" style=\"color: #444444\">Sean Spicer, portavoz del presidente, asegur\u00f3 en una rueda de prensa que Trump \u201cquiere adelantarse a las amenazas terroristas\u201d. Spicer confirm\u00f3 que la orden ejecutiva no se implement\u00f3 por creer que existe una amenaza inminente contra el pa\u00eds, sino \u201cporque Trump ha dado y continuar\u00e1 dando prioridad a la seguridad nacional\u201d. \u201c\u00bfPor qu\u00e9 esperar si no sabemos si podr\u00edan estar entrando (terroristas) ayer, hoy o hace varios d\u00edas?\u201d, a\u00f1adi\u00f3 el portavoz.<\/p>\n<section id=\"sumario_1|apoyos\" class=\"sumario_apoyos derecha\" style=\"color: #444444\"><a style=\"font-style: inherit;color: #016ca2\" name=\"sumario_1\"><\/a><\/p>\n<div class=\"sumario__interior\" style=\"font-style: inherit\">\n<header class=\"sumario-encabezado\" style=\"font-style: inherit\">\n<h3 class=\"sumario-titulo\" style=\"font-style: inherit;color: #111111\"><span class=\"sin_enlace\" style=\"font-weight: inherit;font-style: inherit\">M\u00c1S INFORMACI\u00d3N<\/span><\/h3>\n<\/header>\n<div class=\"sumario-texto\" style=\"font-style: inherit\">\n<div class=\"apoyos\" style=\"font-style: inherit\">\n<ul class=\"apoyos-listado\" style=\"font-style: inherit\">\n<li class=\"apoyo_normal apoyo_foto\" style=\"font-style: inherit\">\n<figure class=\"foto foto_w140\" style=\"font-style: inherit\"><img loading=\"lazy\" decoding=\"async\" style=\"font-style: inherit\" title=\"Trump insiste en que su veto migratorio sirve para combatir el terrorismo\" src=\"http:\/\/ep01.epimg.net\/internacional\/imagenes\/2017\/01\/30\/estados_unidos\/1485805762_947333_1485809190_sumarioapoyo_normal.jpg\" alt=\"Trump insiste en que su veto migratorio sirve para combatir el terrorismo\" width=\"140\" height=\"100\" \/><\/figure>\n<p><span class=\"apoyo-titulo\" style=\"font-style: inherit\"><a style=\"font-style: inherit;color: #000000\" href=\"http:\/\/internacional.elpais.com\/internacional\/2017\/01\/30\/actualidad\/1485805228_347620.html\">Obama rompe su silencio y dice que Trump pone en riesgo los valores americanos<\/a><\/span><\/li>\n<li class=\"apoyo_normal apoyo_sinfoto\" style=\"font-style: inherit\"><span class=\"apoyo-titulo\" style=\"font-style: inherit\"><a style=\"font-style: inherit;color: #000000\" href=\"http:\/\/economia.elpais.com\/economia\/2017\/01\/30\/actualidad\/1485795383_316337.html?rel=mas\">El decreto sobre inmigrantes de Trump causa inquietud entre las empresas<\/a><\/span><\/li>\n<\/ul>\n<\/div>\n<\/div>\n<\/div>\n<\/section>\n<p dir=\"ltr\" style=\"color: #444444\">A pesar de que, seg\u00fan la publicaci\u00f3n especializada en la verificaci\u00f3n de hechos\u00a0<a style=\"font-style: inherit;color: #016ca2\" href=\"http:\/\/www.politifact.com\/truth-o-meter\/statements\/2017\/jan\/29\/jerrold-nadler\/have-there-been-terrorist-attacks-post-911-countri\/\"><em>PolitiFact<\/em><\/a>, ning\u00fan ciudadano procedente de los pa\u00edses afectados ha cometido un acto terrorista con v\u00edctimas mortales, Spicer defendi\u00f3 que la medida servir\u00eda para tener mejor constancia de qui\u00e9nes son las personas que entran al pa\u00eds. \u201cEs una pena que la gente haya tenido que esperar un rato en aduanas, pero seguro que el presidente estar\u00eda m\u00e1s apenado si tuviera que llamar a los familiares de una persona mata a manos de un terrorista exterior\u201d, explic\u00f3 Spicer.<\/p>\n<p dir=\"ltr\" style=\"color: #444444\">Desde que el presidente instaur\u00f3 el pasado viernes un cierre de la frontera para los ciudadanos de siete pa\u00edses de mayor\u00eda musulmana &#8212; Ir\u00e1n, Irak, Siria, Libia, Yemen, Somalia y Sud\u00e1n &#8211;, miles de personas han participado en protestas por todo el pa\u00eds. La medida agit\u00f3 al Departamento de Seguridad Interior (DHS) y los agentes de protecci\u00f3n fronteriza, que tuvieron que reaccionar r\u00e1pidamente para interpretar de la mejor manera posible la orden presidencial. Diversas aerol\u00edneas, entre ellas la holandesa\u00a0<a style=\"font-style: inherit;color: #016ca2\" href=\"http:\/\/www.dutchnews.nl\/news\/archives\/2017\/01\/klm-refuses-seven-passengers-following-trumps-muslim-country-ban\/\" target=\"_blank\">KLM<\/a>\u00a0o Qatar Airways, se adaptaron r\u00e1pidamente a la medida prohibiendo el abordaje a vuelos destinados a EEUU de pasajeros procedentes de los pa\u00edses afectados.<\/p>\n<p dir=\"ltr\" style=\"color: #444444\">En la tarde del s\u00e1bado, solo 24 horas despu\u00e9s de la firma de la medida,\u00a0<a style=\"font-style: inherit;color: #016ca2\" href=\"http:\/\/internacional.elpais.com\/internacional\/2017\/01\/30\/actualidad\/1485740860_100875.html\">una jueza federal de Brooklyn (Nueva York) la cancel\u00f3 de manera provisional<\/a>\u00a0para las personas de los pa\u00edses afectados que tuvieran un visado en regla. Sin embargo, Stephen Miller, uno de los asesores m\u00e1s cercanos al presidente Trump, asegur\u00f3 que la respuesta judicial \u201cde ninguna manera impide o previene la implementaci\u00f3n de la orden ejecutiva del presidente que se mantiene en total y completo efecto\u201d.<\/p>\n<p dir=\"ltr\" style=\"color: #444444\">El domingo, mientras protestas masivas se desarrollaban por todo el pa\u00eds y numerosos pol\u00edticos estadounidenses se opon\u00edan al veto, Trump insisti\u00f3 en los beneficios del veto para mejorar la seguridad nacional y defendi\u00f3 que \u201cno es un veto contra los musulmanes\u201d. Sin embargo, en otra entrevista, d\u00edas antes, Trump afirm\u00f3 que cuando se reinstaurara la entrada de refugiados sirios priorizar\u00eda a los cristianos. De ser demostrada una preferencia sobre una religi\u00f3n respecto a otra, la orden podr\u00eda declararse inconstitucional.<\/p>\n<p dir=\"ltr\" style=\"color: #444444\">Varios pol\u00edticos europeos, como la primera ministra brit\u00e1nica Theresa May o la canciller alemana Angela Merkel, tambi\u00e9n mostraron a lo largo del domingo su oposici\u00f3n a la orden ejecutiva de Trump.<\/p>\n","protected":false},"excerpt":{"rendered":"<p>La Casa Blanca insiste en la necesidad de las restricciones a refugiados e inmigrantes<\/p>\n","protected":false},"author":5842,"featured_media":0,"comment_status":"open","ping_status":"open","sticky":false,"template":"","format":"standard","meta":{"footnotes":""},"categories":[24],"tags":[],"class_list":["post-469863","post","type-post","status-publish","format-standard","hentry","category-mundo"],"_links":{"self":[{"href":"https:\/\/diarioelpopular.com\/index.php\/wp-json\/wp\/v2\/posts\/469863","targetHints":{"allow":["GET"]}}],"collection":[{"href":"https:\/\/diarioelpopular.com\/index.php\/wp-json\/wp\/v2\/posts"}],"about":[{"href":"https:\/\/diarioelpopular.com\/index.php\/wp-json\/wp\/v2\/types\/post"}],"author":[{"embeddable":true,"href":"https:\/\/diarioelpopular.com\/index.php\/wp-json\/wp\/v2\/users\/5842"}],"replies":[{"embeddable":true,"href":"https:\/\/diarioelpopular.com\/index.php\/wp-json\/wp\/v2\/comments?post=469863"}],"version-history":[{"count":1,"href":"https:\/\/diarioelpopular.com\/index.php\/wp-json\/wp\/v2\/posts\/469863\/revisions"}],"predecessor-version":[{"id":469865,"href":"https:\/\/diarioelpopular.com\/index.php\/wp-json\/wp\/v2\/posts\/469863\/revisions\/469865"}],"wp:attachment":[{"href":"https:\/\/diarioelpopular.com\/index.php\/wp-json\/wp\/v2\/media?parent=469863"}],"wp:term":[{"taxonomy":"category","embeddable":true,"href":"https:\/\/diarioelpopular.com\/index.php\/wp-json\/wp\/v2\/categories?post=469863"},{"taxonomy":"post_tag","embeddable":true,"href":"https:\/\/diarioelpopular.com\/index.php\/wp-json\/wp\/v2\/tags?post=469863"}],"curies":[{"name":"wp","href":"https:\/\/api.w.org\/{rel}","templated":true}]}}