{"id":469963,"date":"2017-02-04T11:29:14","date_gmt":"2017-02-04T16:29:14","guid":{"rendered":"http:\/\/diarioelpopular.com\/?p=469963"},"modified":"2017-02-04T11:29:22","modified_gmt":"2017-02-04T16:29:22","slug":"trump-afirma-que-se-impondra-a-la-justicia-en-el-veto-migratorio","status":"publish","type":"post","link":"https:\/\/diarioelpopular.com\/index.php\/2017\/02\/04\/trump-afirma-que-se-impondra-a-la-justicia-en-el-veto-migratorio\/","title":{"rendered":"Trump afirma que se impondr\u00e1 a la justicia en el veto migratorio"},"content":{"rendered":"<div id=\"cuerpo_noticia\" class=\"articulo-cuerpo\" style=\"color: #444444\">\n<div id=\"attachment_469964\" style=\"width: 570px\" class=\"wp-caption aligncenter\"><a href=\"https:\/\/diarioelpopular.com\/wp-content\/uploads\/2017\/02\/1486218983_318036_1486219615_noticia_normal_recorte1.jpg\"><img loading=\"lazy\" decoding=\"async\" aria-describedby=\"caption-attachment-469964\" class=\"size-large wp-image-469964\" src=\"https:\/\/diarioelpopular.com\/wp-content\/uploads\/2017\/02\/1486218983_318036_1486219615_noticia_normal_recorte1-560x372.jpg\" alt=\"Manifestaci\u00f3n contra el veto migratorio de Trump, este s\u00e1bado en Londres.\" width=\"560\" height=\"372\" \/><\/a><p id=\"caption-attachment-469964\" class=\"wp-caption-text\">Manifestaci\u00f3n contra el veto migratorio de Trump, este s\u00e1bado en Londres.<\/p><\/div>\n<p style=\"font-style: inherit\">El presidente de EE UU, Donald Trump, calific\u00f3 este martes de &#8220;rid\u00edcula&#8221;\u00a0<a style=\"font-style: inherit;color: #016ca2\" href=\"http:\/\/internacional.elpais.com\/internacional\/2017\/02\/04\/estados_unidos\/1486176646_124730.html\">la decisi\u00f3n de un juez estadounidense de suspender el veto migratorio temporal<\/a>\u00a0que \u00e9l hab\u00eda impuesto a ciudadanos de siete pa\u00edses de mayor\u00eda musulmana y a los refugiados de otros or\u00edgenes, y asegur\u00f3 que la sentencia acabar\u00e1 &#8220;anulada&#8221; y que no aplicar\u00a0<a style=\"font-style: inherit;color: #016ca2\" href=\"http:\/\/internacional.elpais.com\/internacional\/2017\/01\/27\/estados_unidos\/1485551816_434347.html\">su decreto<\/a>\u00a0causar\u00e1 &#8220;grandes problemas&#8221; en el pa\u00eds.<\/p>\n<p style=\"font-style: inherit\"><span style=\"font-style: inherit\"><span style=\"font-style: inherit\">En tres mensajes en Twitter, Trump reaccion\u00f3 a l<span style=\"font-style: inherit\">a sentencia firmada este viernes por el juez federal James Robart que proh\u00edbe a los trabajadores federales de todo el pa\u00eds aplicar el decreto. La decisi\u00f3n judicial oblig\u00f3\u00a0<span style=\"font-style: inherit\">al Gobierno a comunicar a las aerol\u00edneas que ya pueden aceptar de nuevo a todos los pasajeros.\u00a0<span style=\"font-style: inherit\">Robart, un juez nominado por el expresidente republicano George W. Bush apunt\u00f3 en su fallo que las &#8220;circunstancias presentadas&#8221; ante \u00e9l &#8220;son tales que requieren una intervenci\u00f3n para cumplir con el orden constitucional&#8221;.<\/span><\/span><\/span><\/span><\/span><\/p>\n<section id=\"sumario_1|html\" class=\"sumario_html izquierda\" style=\"font-style: inherit\"><a style=\"font-style: inherit;color: #016ca2\" name=\"sumario_1\"><\/a><\/p>\n<div class=\"sumario__interior\" style=\"font-style: inherit\">\n<div class=\"sumario-texto\" style=\"font-style: inherit\">\n<blockquote class=\"twitter-tweet\" style=\"font-weight: bold;color: #000000\">\n<p dir=\"ltr\" lang=\"en\" style=\"font-weight: inherit;font-style: inherit\">We must keep &#8220;evil&#8221; out of our country!<\/p>\n<p>\u2014 Donald J. Trump (@realDonaldTrump)\u00a0<a style=\"font-weight: inherit;font-style: inherit;color: #016ca2\" href=\"https:\/\/twitter.com\/realDonaldTrump\/status\/827655062835052544\">3 de febrero de 2017<\/a><\/p><\/blockquote>\n<\/div>\n<\/div>\n<\/section>\n<div id=\"ds_cpp\" class=\"ds_cpp\" style=\"font-style: inherit\"><\/div>\n<p style=\"font-style: inherit\">La noche del viernes, tras conocerse la sentencia, escribi\u00f3:\u00a0<span style=\"font-style: inherit\">&#8220;\u00a1Tenemos que mantener al &#8216;diablo&#8217; alejado de nuestro pa\u00eds!&#8221;.\u00a0<span style=\"font-style: inherit\">La Casa Blanca anunci\u00f3 en un comunicado que el Departamento de Justicia apelar\u00e1 el dictamen &#8220;lo antes posible&#8221; y que la Administraci\u00f3n considera que el decreto migratorio es &#8220;legal y adecuado&#8221;. El portavoz de la Casa Blanca, Sean Spicer, asegur\u00f3 que &#8220;la orden tiene la intenci\u00f3n de proteger el territorio nacional y [el presidente] cuenta con la autoridad y la responsabilidad constitucional de proteger al pueblo americano&#8221;.<\/span><\/span><\/p>\n<section id=\"sumario_2|html\" class=\"sumario_html derecha\" style=\"font-style: inherit\"><a style=\"font-style: inherit;color: #016ca2\" name=\"sumario_2\"><\/a><\/p>\n<div class=\"sumario__interior\" style=\"font-style: inherit\">\n<div class=\"sumario-texto\" style=\"font-style: inherit\">\n<blockquote class=\"twitter-tweet\" style=\"font-weight: bold;color: #000000\">\n<p dir=\"ltr\" lang=\"en\" style=\"font-weight: inherit;font-style: inherit\">When a country is no longer able to say who can, and who cannot , come in &amp; out, especially for reasons of safety &amp;.security &#8211; big trouble!<\/p>\n<p>\u2014 Donald J. Trump (@realDonaldTrump)\u00a0<a style=\"font-weight: inherit;font-style: inherit;color: #016ca2\" href=\"https:\/\/twitter.com\/realDonaldTrump\/status\/827864176043376640\">4 de febrero de 2017<\/a><\/p><\/blockquote>\n<\/div>\n<\/div>\n<\/section>\n<p style=\"font-style: inherit\"><span style=\"font-style: inherit\">La ma\u00f1ana de este s\u00e1bado Trump ha publicado otros dos mensajes:\u00a0<span style=\"font-style: inherit\">&#8220;cuando un pa\u00eds ya no es capaz de decir qui\u00e9n puede y qui\u00e9n no puede entrar y salir, especialmente por razones de seguridad &#8211; \u00a1gran problema!&#8221;.<\/span><\/span>&#8220;La opini\u00f3n de este supuesto juez, que esencialmente arrebata a nuestro pa\u00eds la capacidad de aplicar la ley, es rid\u00edcula y ser\u00e1 anulada&#8221;, dijo Trump su tercer mensaje contra la sentencia judicial.<\/p>\n<section id=\"sumario_3|html\" class=\"sumario_html izquierda\" style=\"font-style: inherit\"><a style=\"font-style: inherit;color: #016ca2\" name=\"sumario_3\"><\/a><\/p>\n<div class=\"sumario__interior\" style=\"font-style: inherit\">\n<div class=\"sumario-texto\" style=\"font-style: inherit\">\n<blockquote class=\"twitter-tweet\" style=\"font-weight: bold;color: #000000\">\n<p dir=\"ltr\" lang=\"en\" style=\"font-weight: inherit;font-style: inherit\">The opinion of this so-called judge, which essentially takes law-enforcement away from our country, is ridiculous and will be overturned!<\/p>\n<p>\u2014 Donald J. Trump (@realDonaldTrump)\u00a0<a style=\"font-weight: inherit;font-style: inherit;color: #016ca2\" href=\"https:\/\/twitter.com\/realDonaldTrump\/status\/827867311054974976\">4 de febrero de 2017<\/a><\/p><\/blockquote>\n<\/div>\n<\/div>\n<\/section>\n<p style=\"font-style: inherit\"><span style=\"font-style: inherit\">El juez Robart no se ha pronunciado sobre la legalidad del decreto sino que ha pedido que no se aplique hasta determinar cu\u00e1l de las partes lleva la raz\u00f3n en el caso.<\/span><\/p>\n<p style=\"font-style: inherit\"><span style=\"font-style: inherit\"><span style=\"font-style: inherit\">El decreto presidencial del mandatario republicano bloquea la entrada en EE UU de los refugiados sirios de manera indefinida. La orden tambi\u00e9n veta a los inmigrantes de siete naciones de mayor\u00eda musulmana y a los refugiados de otros or\u00edgenes, durante los pr\u00f3ximos tres y cuatro meses, respectivamente. Su entrada en vigor desat\u00f3 una oleada de protestas y caos en aeropuertos de EE UU y del resto del mundo. La Casa Blanca defiende que no se trata de un veto contra los musulmanes y que el objetivo del decreto es<\/span>\u00a0<a style=\"font-style: inherit;color: #016ca2\" href=\"http:\/\/internacional.elpais.com\/internacional\/2017\/01\/30\/estados_unidos\/1485805762_947333.html?rel=mas\">proteger la seguridad nacional<\/a><span style=\"font-style: inherit\">.<\/span><\/span><\/p>\n<p style=\"font-style: inherit\"><span style=\"font-style: inherit\">El Gobierno federal asegura que el decreto supuso la cancelaci\u00f3n de<\/span>\u00a0<a style=\"font-style: inherit;color: #016ca2\" href=\"http:\/\/internacional.elpais.com\/internacional\/2017\/02\/03\/estados_unidos\/1486155846_937006.html\">casi 60.000 visados<\/a>\u00a0<span style=\"font-style: inherit\">y los solicitantes de entrada en el pa\u00eds deber\u00e1n comenzar su proceso de nuevo.\u00a0<span style=\"font-style: inherit\">A falta de conocer sus consecuencias directas, el mayor impacto de esta sentencia podr\u00eda estar en los tribunales. El juez ha reconocido el derecho de los Estados y de las empresas a querellarse contra el Gobierno federal por el efecto que tiene la orden ejecutiva en sus residentes. Se espera que el dictamen sea apelado por la Administraci\u00f3n Trump ante una instancia judicial superior y que eventualmente llegue al Tribunal Supremo para decidir si el veto es constitucional o no.<\/span><\/span><\/p>\n<\/div>\n","protected":false},"excerpt":{"rendered":"<p>El presidente de EE UU tacha de \u201crid\u00edcula\u201d la decisi\u00f3n de un juez de suspender su decreto<\/p>\n","protected":false},"author":5842,"featured_media":0,"comment_status":"open","ping_status":"open","sticky":false,"template":"","format":"standard","meta":{"footnotes":""},"categories":[24],"tags":[],"class_list":["post-469963","post","type-post","status-publish","format-standard","hentry","category-mundo"],"_links":{"self":[{"href":"https:\/\/diarioelpopular.com\/index.php\/wp-json\/wp\/v2\/posts\/469963","targetHints":{"allow":["GET"]}}],"collection":[{"href":"https:\/\/diarioelpopular.com\/index.php\/wp-json\/wp\/v2\/posts"}],"about":[{"href":"https:\/\/diarioelpopular.com\/index.php\/wp-json\/wp\/v2\/types\/post"}],"author":[{"embeddable":true,"href":"https:\/\/diarioelpopular.com\/index.php\/wp-json\/wp\/v2\/users\/5842"}],"replies":[{"embeddable":true,"href":"https:\/\/diarioelpopular.com\/index.php\/wp-json\/wp\/v2\/comments?post=469963"}],"version-history":[{"count":2,"href":"https:\/\/diarioelpopular.com\/index.php\/wp-json\/wp\/v2\/posts\/469963\/revisions"}],"predecessor-version":[{"id":469966,"href":"https:\/\/diarioelpopular.com\/index.php\/wp-json\/wp\/v2\/posts\/469963\/revisions\/469966"}],"wp:attachment":[{"href":"https:\/\/diarioelpopular.com\/index.php\/wp-json\/wp\/v2\/media?parent=469963"}],"wp:term":[{"taxonomy":"category","embeddable":true,"href":"https:\/\/diarioelpopular.com\/index.php\/wp-json\/wp\/v2\/categories?post=469963"},{"taxonomy":"post_tag","embeddable":true,"href":"https:\/\/diarioelpopular.com\/index.php\/wp-json\/wp\/v2\/tags?post=469963"}],"curies":[{"name":"wp","href":"https:\/\/api.w.org\/{rel}","templated":true}]}}