{"id":469971,"date":"2017-02-04T17:11:53","date_gmt":"2017-02-04T22:11:53","guid":{"rendered":"http:\/\/diarioelpopular.com\/?p=469971"},"modified":"2017-02-04T17:12:21","modified_gmt":"2017-02-04T22:12:21","slug":"el-expresidente-peruano-alejandro-toledo-recibio-20-millones-de-dolares-en-sobornos-de-odebrecht","status":"publish","type":"post","link":"https:\/\/diarioelpopular.com\/index.php\/2017\/02\/04\/el-expresidente-peruano-alejandro-toledo-recibio-20-millones-de-dolares-en-sobornos-de-odebrecht\/","title":{"rendered":"El expresidente peruano Alejandro Toledo recibi\u00f3 20 millones de d\u00f3lares en sobornos de Odebrecht"},"content":{"rendered":"<div id=\"attachment_469972\" style=\"width: 570px\" class=\"wp-caption aligncenter\"><a href=\"https:\/\/diarioelpopular.com\/wp-content\/uploads\/2017\/02\/1486225888_327994_1486226116_noticia_normal_recorte1.jpg\"><img loading=\"lazy\" decoding=\"async\" aria-describedby=\"caption-attachment-469972\" class=\"size-large wp-image-469972\" src=\"https:\/\/diarioelpopular.com\/wp-content\/uploads\/2017\/02\/1486225888_327994_1486226116_noticia_normal_recorte1-560x376.jpg\" alt=\"El expresidente peruano Alejandro Toledo. \" width=\"560\" height=\"376\" \/><\/a><p id=\"caption-attachment-469972\" class=\"wp-caption-text\">El expresidente peruano Alejandro Toledo.<\/p><\/div>\n<p class=\"Cuerpo\" style=\"color: #444444\">La constructora brasile\u00f1a\u00a0<a style=\"font-style: inherit;color: #016ca2\" href=\"http:\/\/elpais.com\/tag\/odebrecht\/a\">Odebrecht<\/a>\u00a0pag\u00f3 20 millones de d\u00f3lares en sobornos a<a style=\"font-style: inherit;color: #016ca2\" href=\"http:\/\/elpais.com\/tag\/alejandro_toledo\/a\">Alejandro Toledo<\/a>, presidente peruano entre 2001 y 2006. El Ministerio P\u00fablico lleg\u00f3 a esta conclusi\u00f3n despu\u00e9s de combinar la declaraci\u00f3n de un colaborador con registros bancarios de Panam\u00e1, Costa Rica y Estados Unidos. Los pagos comenzaron a fines del Gobierno de Toledo y ocurrieron hasta mediados de 2008, cuando Alan Garc\u00eda ya lo hab\u00eda sucedido en el cargo. Con el soborno, Odebrecht se asegur\u00f3 la licitaci\u00f3n de la Carretera Interoce\u00e1nica Sur, que enlaza Per\u00fa con Brasil.<\/p>\n<p class=\"Cuerpo\" style=\"color: #444444\">Este proyecto estuvo bajo sospecha desde su adjudicaci\u00f3n. Para aprobar sus sobrecostos debieron firmarse 22 adendas al contrato original. El presupuesto inicial fue de 800 millones de d\u00f3lares pero termin\u00f3 costando cerca de 2,000. Fue una de dos obras ejecutadas en Per\u00fa que Odebrecht mencion\u00f3 en su acuerdo de delaci\u00f3n premiada con la justicia estadounidense. Ah\u00ed se cuenta que uno de sus ejecutivos contact\u00f3 a un funcionario gubernamental para que lo ayudara en la licitaci\u00f3n. En los tres a\u00f1os siguientes Odebrecht realiz\u00f3 pagos de 20 millones a las compa\u00f1\u00edas se\u00f1aladas por este mismo intermediario.<\/p>\n<section id=\"sumario_1|apoyos\" class=\"sumario_apoyos derecha\" style=\"color: #444444\"><a style=\"font-style: inherit;color: #016ca2\" name=\"sumario_1\"><\/a><\/p>\n<div class=\"sumario__interior\" style=\"font-style: inherit\">\n<header class=\"sumario-encabezado\" style=\"font-style: inherit\">\n<h3 class=\"sumario-titulo\" style=\"font-style: inherit;color: #111111\"><span class=\"sin_enlace\" style=\"font-weight: inherit;font-style: inherit\">M\u00c1S INFORMACI\u00d3N<\/span><\/h3>\n<\/header>\n<div class=\"sumario-texto\" style=\"font-style: inherit\">\n<div class=\"apoyos\" style=\"font-style: inherit\">\n<ul class=\"apoyos-listado\" style=\"font-style: inherit\">\n<li class=\"apoyo_normal apoyo_sinfoto\" style=\"font-style: inherit\"><span class=\"apoyo-titulo\" style=\"font-style: inherit\"><a style=\"font-style: inherit;color: #000000\" href=\"http:\/\/internacional.elpais.com\/internacional\/2016\/12\/30\/america\/1483059350_471553.html\">Per\u00fa no volver\u00e1 a contratar a Odebrecht<\/a><\/span><\/li>\n<li class=\"apoyo_normal apoyo_sinfoto\" style=\"font-style: inherit\"><span class=\"apoyo-titulo\" style=\"font-style: inherit\"><a style=\"font-style: inherit;color: #000000\" href=\"http:\/\/internacional.elpais.com\/internacional\/2017\/01\/18\/america\/1484695414_313820.html\">Las denuncias por Odebrecht en Per\u00fa salpican a dos expresidentes<\/a><\/span><\/li>\n<\/ul>\n<\/div>\n<\/div>\n<\/div>\n<\/section>\n<p class=\"Cuerpo\" style=\"color: #444444\">El equipo especial a cargo de la investigaci\u00f3n\u00a0<a style=\"font-style: inherit;color: #016ca2\" href=\"http:\/\/elpais.com\/tag\/operacion_lava_jato\/a\">del\u00a0<em>caso Lava Jato<\/em><\/a>\u00a0ha logrado rastrear 11 de los 20 millones de d\u00f3lares recibidos por Toledo. Antes de alcanzar su destino final, este dinero pas\u00f3 por cuentas en el Citibank y el Barclays Bank PLC de Londres, propiedad del empresario Joseff Maiman, \u00edntimo amigo del expresidente. Los fiscales intentaron contactarlo en Israel, pero confirmaron que sufre graves problemas de salud.<\/p>\n<p class=\"Cuerpo\" style=\"color: #444444\">A Maiman se lo ha investigado por lavado de activos desde abril de 2016. Entonces fue acusado de transferir m\u00e1s de nueve millones de d\u00f3lares a Eva Fernenbug \u2014suegra de Toledo\u2014 a trav\u00e9s de la empresa Ecoteva. El expresidente termin\u00f3 empleando este dinero en la compra de su casa en Casuarinas y de dos oficinas en Monterrico. Sus explicaciones sobre el tema cambiaron varias veces, llegando a decir que los fondos proven\u00edan de pagos recibidos por Fernenbug en su calidad de sobreviviente del holocausto nazi. Todo indica que con estas revelaciones, el Ministerio P\u00fablico ha cerrado el c\u00edrculo del llamado\u00a0<em>caso Ecoteva<\/em>.<\/p>\n<p class=\"Cuerpo\" style=\"color: #444444\">Luego de certificar la informaci\u00f3n, la fiscal\u00eda solicit\u00f3 el allanamiento de la vivienda de Toledo (la misma que compr\u00f3 con el dinero transferido por Maiman). Esta madrugada, la Polic\u00eda ingres\u00f3 al inmueble, para recopilar documentaci\u00f3n que permita profundizar las investigaciones. El operativo prosegu\u00eda al cierre de este informe, tras m\u00e1s de cinco horas.<\/p>\n<p class=\"Cuerpo\" style=\"color: #444444\">Se espera que el fiscal Hamilton Castro \u2014jefe del equipo para el\u00a0<em>caso Lava Jato<\/em>\u2014 solicite en las pr\u00f3ximas horas una orden de captura y prisi\u00f3n preventiva contra Toledo, quien se encuentra en Par\u00eds, junto con su esposa, Eliane Karp. Recientemente fue publicada una fotograf\u00eda en las redes sociales donde la pareja posaba sonriente con el Arco del Triunfo como fondo.<\/p>\n<p class=\"Cuerpo\" style=\"color: #444444\">Alejandro Toledo accedi\u00f3 al poder luego de la transici\u00f3n que sucedi\u00f3 a la ca\u00edda del gobierno de Alberto Fujimori. \u00c9sta se produjo cuando qued\u00f3 al descubierto la corrupci\u00f3n del r\u00e9gimen fujimorista, documentada en numerosos v\u00eddeos, donde se ve\u00eda a Vladimiro Montesinos, todopoderoso asesor presidencial, entregando pilas de billetes para sobornar a jueces, pol\u00edticos, militares y empresarios. Toledo siempre se jact\u00f3 de encarnar la democracia y la transparencia, en oposici\u00f3n a Fujimori.<\/p>\n<p class=\"Cuerpo\" style=\"color: #444444\">El diario\u00a0<em>El Comercio<\/em>\u00a0de Lima logr\u00f3 contactarlo anoche, mientras estaba en marcha toda la operaci\u00f3n judicial en su contra:<\/p>\n<p class=\"Cuerpo\" style=\"color: #444444\"><strong style=\"font-style: inherit\">Pregunta:<\/strong>\u00a0Se informa que usted habr\u00eda recibido sobornos por 20 millones de d\u00f3lares en las cuentas de su amigo Josef Maiman\u2026<\/p>\n<p class=\"Poromisin\" style=\"color: #444444\"><strong style=\"font-style: inherit\">Alejandro Toledo:<\/strong>\u00a0\u00bfQui\u00e9n es usted?<\/p>\n<p class=\"Poromisin\" style=\"color: #444444\"><strong style=\"font-style: inherit\">P:<\/strong>\u00a0Soy Graciela Villas\u00eds [Jefa de la Unidad de Investigaci\u00f3n de\u00a0<em>El Comercio<\/em>], \u00bfc\u00f3mo est\u00e1 expresidente Alejandro Toledo?<\/p>\n<p class=\"Poromisin\" style=\"color: #444444\"><strong style=\"font-style: inherit\">R:<\/strong>\u00a0De d\u00f3nde saca usted esa\u2026<\/p>\n<p class=\"Poromisin\" style=\"color: #444444\"><strong style=\"font-style: inherit\">P:<\/strong>\u00a0Ha salido en la web de varios medios de comunicaci\u00f3n.<\/p>\n<p class=\"Poromisin\" style=\"color: #444444\"><strong style=\"font-style: inherit\">R:<\/strong>\u00a0\u00bfQu\u00e9 yo habr\u00eda recibido\u2026?<\/p>\n<p class=\"Poromisin\" style=\"color: #444444\"><strong style=\"font-style: inherit\">P:<\/strong>\u00a0S\u00ed, que usted habr\u00eda recibido, a trav\u00e9s de cuentas de su amigo Josef Maiman, una coima de parte de la empresa Odebrecht que ascienden a 20 millones. Pero lo que la fiscal\u00eda ha encontrado son 11 millones en las cuenta de su amigo Josef Maiman a cambio de que usted les entregue la buena pro a la empresa Odebrecht por el tramo II y III de la Interoce\u00e1nica.<\/p>\n<p class=\"Poromisin\" style=\"color: #444444\"><strong style=\"font-style: inherit\">R:<\/strong>\u00a0Yo nunca he iniciado ninguna, ning\u00fan tramo de la Interoce\u00e1nica, dicho sea de paso.<\/p>\n<p class=\"Poromisin\" style=\"color: #444444\"><strong style=\"font-style: inherit\">P:<\/strong>\u00a0\u00bfSabe que hay un pedido de allanamiento a su casa de La Molina?<\/p>\n<p class=\"Poromisin\" style=\"color: #444444\"><strong style=\"font-style: inherit\">R:<\/strong>\u00a0\u00bfC\u00f3mo?<\/p>\n<p class=\"Poromisin\" style=\"color: #444444\"><strong style=\"font-style: inherit\">P:<\/strong>\u00a0Que se ha ordenado un allanamiento a su casa de La Molina.<\/p>\n<p class=\"Poromisin\" style=\"color: #444444\"><strong style=\"font-style: inherit\">R:<\/strong>\u00a0No entiendo ni un carajo.<\/p>\n","protected":false},"excerpt":{"rendered":"<p>La casa del exmandatario ha sido allanada por la Polic\u00eda esta madrugada<\/p>\n","protected":false},"author":5842,"featured_media":0,"comment_status":"open","ping_status":"open","sticky":false,"template":"","format":"standard","meta":{"footnotes":""},"categories":[23,24],"tags":[],"class_list":["post-469971","post","type-post","status-publish","format-standard","hentry","category-latinoamerica","category-mundo"],"_links":{"self":[{"href":"https:\/\/diarioelpopular.com\/index.php\/wp-json\/wp\/v2\/posts\/469971","targetHints":{"allow":["GET"]}}],"collection":[{"href":"https:\/\/diarioelpopular.com\/index.php\/wp-json\/wp\/v2\/posts"}],"about":[{"href":"https:\/\/diarioelpopular.com\/index.php\/wp-json\/wp\/v2\/types\/post"}],"author":[{"embeddable":true,"href":"https:\/\/diarioelpopular.com\/index.php\/wp-json\/wp\/v2\/users\/5842"}],"replies":[{"embeddable":true,"href":"https:\/\/diarioelpopular.com\/index.php\/wp-json\/wp\/v2\/comments?post=469971"}],"version-history":[{"count":1,"href":"https:\/\/diarioelpopular.com\/index.php\/wp-json\/wp\/v2\/posts\/469971\/revisions"}],"predecessor-version":[{"id":469973,"href":"https:\/\/diarioelpopular.com\/index.php\/wp-json\/wp\/v2\/posts\/469971\/revisions\/469973"}],"wp:attachment":[{"href":"https:\/\/diarioelpopular.com\/index.php\/wp-json\/wp\/v2\/media?parent=469971"}],"wp:term":[{"taxonomy":"category","embeddable":true,"href":"https:\/\/diarioelpopular.com\/index.php\/wp-json\/wp\/v2\/categories?post=469971"},{"taxonomy":"post_tag","embeddable":true,"href":"https:\/\/diarioelpopular.com\/index.php\/wp-json\/wp\/v2\/tags?post=469971"}],"curies":[{"name":"wp","href":"https:\/\/api.w.org\/{rel}","templated":true}]}}