{"id":469987,"date":"2017-02-05T21:35:54","date_gmt":"2017-02-06T02:35:54","guid":{"rendered":"http:\/\/diarioelpopular.com\/?p=469987"},"modified":"2017-02-05T21:36:01","modified_gmt":"2017-02-06T02:36:01","slug":"trump-intensifica-su-batalla-con-el-poder-judicial-por-el-veto-migratorio","status":"publish","type":"post","link":"https:\/\/diarioelpopular.com\/index.php\/2017\/02\/05\/trump-intensifica-su-batalla-con-el-poder-judicial-por-el-veto-migratorio\/","title":{"rendered":"Trump intensifica su batalla con el poder judicial por el veto migratorio"},"content":{"rendered":"<p>&nbsp;<\/p>\n<div id=\"attachment_469988\" style=\"width: 570px\" class=\"wp-caption aligncenter\"><a href=\"https:\/\/diarioelpopular.com\/wp-content\/uploads\/2017\/02\/1486327254_771200_1486329922_noticia_normal_recorte1.jpg\"><img loading=\"lazy\" decoding=\"async\" aria-describedby=\"caption-attachment-469988\" class=\"size-large wp-image-469988\" src=\"https:\/\/diarioelpopular.com\/wp-content\/uploads\/2017\/02\/1486327254_771200_1486329922_noticia_normal_recorte1-560x370.jpg\" alt=\"Una familia iraqu\u00ed recibe a una mujer que no pod\u00eda viajar por el veto, el domingo en el aeropuerto de Dulles, Virginia. \" width=\"560\" height=\"370\" \/><\/a><p id=\"caption-attachment-469988\" class=\"wp-caption-text\">Una familia iraqu\u00ed recibe a una mujer que no pod\u00eda viajar por el veto, el domingo en el aeropuerto de Dulles, Virginia.<\/p><\/div>\n<p><span style=\"color: #111111\">Las cr\u00edticas del presidente de Estados Unidos, Donald Trump, contra\u00a0<\/span><a style=\"color: #016ca2\" href=\"http:\/\/internacional.elpais.com\/internacional\/2017\/02\/05\/actualidad\/1486284600_100973.html\">el juez de Seattle<\/a><span style=\"color: #111111\">\u00a0que paraliz\u00f3 la aplicaci\u00f3n de su veto migratorio alcanzaron este domingo el nivel de\u00a0<\/span><a style=\"color: #016ca2\" href=\"http:\/\/internacional.elpais.com\/internacional\/2017\/02\/04\/actualidad\/1486245607_024990.html\">guerra abierta\u00a0<\/a><span style=\"color: #111111\">contra el poder judicial, a los 17 d\u00edas de comenzar su Presidencia. \u201cNo me puedo creer que un juez ponga a nuestro pa\u00eds en semejante peligro. Si pasa algo, la culpa es suya y del sistema judicial. La gente est\u00e1 entrando. \u00a1Malo!\u201d. As\u00ed est\u00e1 escrito en Twitter por el presidente de Estados Unidos\u00a0<\/span><a style=\"color: #016ca2\" href=\"http:\/\/internacional.elpais.com\/internacional\/2017\/02\/05\/estados_unidos\/1486273552_678754.html\">desde Florida<\/a><span style=\"color: #111111\">. Donald Trump piensa\u00a0<\/span><a style=\"color: #016ca2\" href=\"http:\/\/internacional.elpais.com\/internacional\/2017\/02\/04\/actualidad\/1486218983_318036.html\">echar la culpa a los jueces<\/a><span style=\"color: #111111\">\u00a0de cualquier cosa que haga un ciudadano de esos siete pa\u00edses en Estados Unidos, por no dejarle vetarles la entrada. Despu\u00e9s, dijo que ha ordenado al Departamento de Seguridad Nacional (Interior) que examine a la gente que entra \u201ccon mucho cuidado\u201d.<\/span><\/p>\n<p style=\"color: #444444\">Las puertas de Estados Unidos segu\u00edan abiertas el domingo para los inmigrantes de pa\u00edses de mayor\u00eda musulmana a los que intenta vetar el presidente. La Corte de Apelaciones que supervisa los estados del oeste del pa\u00eds rechaz\u00f3 a primera hora de la ma\u00f1ana del domingo el recurso del Gobierno que pretend\u00eda dejar sin efecto la suspensi\u00f3n temporal de la orden ejecutiva, dictada por un juez federal de Seattle el viernes.<\/p>\n<p style=\"color: #444444\">La orden ejecutiva de Trump fue dictada por sorpresa el viernes 27 de enero. Los estados de Washington y Minesota denunciaron la orden por inconstitucional el lunes siguiente. El viernes 3, despu\u00e9s de una semana de caos en los aeropuertos, el juez federal James Robart, de Seattle, acept\u00f3 las medidas cautelares pedidas por los demandantes y orden\u00f3 que deje de aplicar la orden hasta que se resuelva la denuncia. El Gobierno recurri\u00f3 el s\u00e1bado la decisi\u00f3n ante la Corte de Apelaciones, que rechaz\u00f3 revertir la decisi\u00f3n de Robart.<\/p>\n<div id=\"ds_cpp\" class=\"ds_cpp\" style=\"color: #444444\">\n<div class=\"ds_cpp_inner\" style=\"font-style: inherit\">\n<div class=\"ds_body\" style=\"font-style: inherit\">\n<div id=\"ds_player_container\" style=\"font-style: inherit\">\n<div id=\"ds_content_frame_parent\" style=\"font-style: inherit\">\n<div style=\"font-style: inherit\">\u00a0Ni el juez federal James Robart ni la Corte de Apelaciones se han pronunciado sobre la legalidad de la orden ejecutiva del presidente. El fondo no es lo que est\u00e1 en discusi\u00f3n. Las medidas cautelares se refieren a la aplicaci\u00f3n de la orden mientras est\u00e1 siendo discutida en los juzgados. Los jueces entienden que el da\u00f1o es mayor si se aplica y luego resulta que es ilegal, que al rev\u00e9s. B\u00e1sicamente, no hay circunstancias nuevas que justifiquen revertir los permisos ya aprobados para esas personas, ni urgencia en aplicar nuevas normas migratorias.<\/div>\n<\/div>\n<\/div>\n<\/div>\n<\/div>\n<\/div>\n<section id=\"sumario_2|html\" class=\"sumario_html centro\" style=\"color: #444444\"><a style=\"font-style: inherit;color: #016ca2\" name=\"sumario_2\"><\/a><\/p>\n<div class=\"sumario__interior\" style=\"font-style: inherit\">\n<div class=\"sumario-texto\" style=\"font-style: inherit\">\n<div class=\"SandboxRoot env-bp-350\" style=\"color: #1c2022\">\n<div id=\"twitter-widget-0\" class=\"EmbeddedTweet js-clickToOpenTarget\" lang=\"es\">\n<div class=\"EmbeddedTweet-tweet\">\n<blockquote class=\"Tweet h-entry js-tweetIdInfo subject expanded&lt;br \/&gt; \n<p>                    is-deciderHtmlWhitespace\" cite=\"https:\/\/twitter.com\/realDonaldTrump\/status\/828342202174668800\"><\/p>\n<div class=\"Tweet-header u-cf\">\n<div class=\"Tweet-brand u-floatRight\"><span class=\"u-hiddenInNarrowEnv\"><a class=\"FollowButton follow-button profile\" style=\"font-weight: bold;color: #55acee\" title=\"Seguir a Donald J. Trump en Twitter\" href=\"https:\/\/twitter.com\/realDonaldTrump\">\u00a0Seguir<\/a><\/span><\/div>\n<div class=\"TweetAuthor \"><a class=\"TweetAuthor-link Identity u-linkBlend\" style=\"color: inherit\" href=\"https:\/\/twitter.com\/realDonaldTrump\"><span class=\"TweetAuthor-avatar Identity-avatar\"><img decoding=\"async\" class=\"Avatar\" src=\"https:\/\/pbs.twimg.com\/profile_images\/1980294624\/DJT_Headshot_V2_normal.jpg\" alt=\"\" \/><\/span><span class=\"TweetAuthor-name Identity-name customisable-highlight\" style=\"font-weight: bold\" title=\"Donald J. Trump\">Donald J. Trump<\/span>\u00a0<\/a><\/p>\n<div class=\"Icon Icon--verified \" title=\"Cuenta verificada\"><\/div>\n<p><a class=\"TweetAuthor-link Identity u-linkBlend\" style=\"color: inherit\" href=\"https:\/\/twitter.com\/realDonaldTrump\"><span class=\"TweetAuthor-verifiedBadge\"><span class=\"u-hiddenVisually\">\u2714<\/span><\/span><span class=\"TweetAuthor-screenName Identity-screenName\" dir=\"ltr\" style=\"color: #697882\" title=\"@realDonaldTrump\">@realDonaldTrump<\/span><\/a><\/p>\n<\/div>\n<\/div>\n<div class=\"Tweet-body e-entry-content\">\n<p class=\"Tweet-text e-entry-title\" dir=\"ltr\" lang=\"en\">Just cannot believe a judge would put our country in such peril. If something happens blame him and court system. People pouring in. Bad!<\/p>\n<div class=\"Tweet-metadata dateline\" style=\"color: #697882\"><a class=\"u-linkBlend u-url customisable-highlight long-permalink\" style=\"color: inherit\" href=\"https:\/\/twitter.com\/realDonaldTrump\/status\/828342202174668800\">15:39 &#8211; 5 feb 2017<\/a><\/div>\n<ul class=\"Tweet-actions\">\n<li class=\"Tweet-action\"><\/li>\n<li class=\"Tweet-action\">\n<div class=\"Icon Icon--retweet TweetAction-icon\" title=\"Retwittear\"><\/div>\n<p><a class=\"TweetAction TweetAction--retweet web-intent\" style=\"color: #697882\" href=\"https:\/\/twitter.com\/intent\/retweet?tweet_id=828342202174668800\">\u00a0<span class=\"TweetAction-stat\">19.681<\/span><span class=\"u-hiddenVisually\">19.681 Retweets<\/span><\/a><\/li>\n<li class=\"Tweet-action\">\n<div class=\"Icon Icon--heart TweetAction-icon\" title=\"Me gusta\"><\/div>\n<p><a class=\"TweetAction TweetAction--heart web-intent\" style=\"color: #697882\" href=\"https:\/\/twitter.com\/intent\/like?tweet_id=828342202174668800\">\u00a0<span class=\"TweetAction-stat\">85.730<\/span><span class=\"u-hiddenVisually\">85.730 me gusta<\/span><\/a><\/li>\n<\/ul>\n<\/div>\n<\/blockquote>\n<\/div>\n<\/div>\n<div class=\"resize-sensor\"><\/div>\n<\/div>\n<\/div>\n<\/div>\n<\/section>\n<p style=\"color: #444444\">El Gobierno no ha podido hasta ahora citar ning\u00fan acto de terrorismo cometido en suelo norteamericano por ning\u00fan ciudadano de los siete pa\u00edses afectados. Los argumentos del recurso eran que la orden cautelar del juez \u201ccontraviene la separaci\u00f3n de poderes constitucional\u201d y \u201ccuestiona el criterio del presidente en seguridad nacional\u201d.<\/p>\n<p style=\"color: #444444\">Son horas de tensi\u00f3n en una batalla judicial a cara de perro, aderezada con ofensas sin precedentes del presidente en Twitter contra el juez Robart. \u201cVamos a actuar muy deprisa\u201d, dijo el vicepresidente, Mike Pence, en televisi\u00f3n el domingo. \u201cVamos a ganar el caso porque vamos a dar los pasos necesarios para proteger el pa\u00eds, algo que el presidente tiene autoridad para hacer\u201d.<\/p>\n<p style=\"color: #444444\">En esta batalla est\u00e1n en juego proyectos de vida, reencuentros familiares, historias reales de inmigrantes y refugiados que ya hab\u00edan pasado por todo el proceso burocr\u00e1tico de investigaci\u00f3n para obtener sus visados y ten\u00edan hechas las maletas hacia Estados Unidos. Inmigrantes o visitantes de Ir\u00e1n, Irak, Sud\u00e1n, Siria, Yemen, Somalia y Libia que ten\u00edan visados aprobados, o incluso tarjetas de residencia permanente en el pa\u00eds, se han visto detenidos durante una semana en los aeropuertos por la amplia interpretaci\u00f3n que la polic\u00eda de aduanas hizo de la orden ejecutiva del presidente. Al menos 60.000 personas se vieron afectadas, seg\u00fan cifras de la propia Administraci\u00f3n.<\/p>\n<p style=\"color: #444444\">Desde el viernes, los viajeros estaban aprovechando para volver a sacar sus billetes y entrar en el pa\u00eds mientras se pueda. Escenas de emoci\u00f3n de familias separadas durante una semana se repet\u00edan por los aeropuertos de todo el pa\u00eds.<\/p>\n<p style=\"color: #444444\">La situaci\u00f3n puede cambiar en cualquier momento para estas personas. La Corte de Apelaciones ha pedido a las partes que presenten sus argumentos este lunes para empezar a estudiar el caso. Sea cual sea el resultado, la batalla de los estados de Washington y Minesota contra la Casa Blanca se encamina hacia el Tribunal Supremo. Hay 16 fiscales generales de otros tantos Estados que han firmado una carta con argumentos en contra del veto migratorio.<\/p>\n<p style=\"color: #444444\">En el Supremo, ahora mismo hay cuatro jueces considerados progresistas, cuatro considerados conservadores y una vacante. Para esa vacante, los republicanos bloquearon al candidato progresista nombrado por Barack Obama y ahora amenazan con cambiar las normas del Senado para que los dem\u00f3cratas no puedan bloquear al candidato conservador nombrado por Donald Trump.<\/p>\n","protected":false},"excerpt":{"rendered":"<p>El presidente ataca la autonom\u00eda de los jueces y les acusa de poner en peligro el pa\u00eds mientras los inmigrantes aprovechan el par\u00f3n<\/p>\n","protected":false},"author":5842,"featured_media":0,"comment_status":"open","ping_status":"open","sticky":false,"template":"","format":"standard","meta":{"footnotes":""},"categories":[24],"tags":[],"class_list":["post-469987","post","type-post","status-publish","format-standard","hentry","category-mundo"],"_links":{"self":[{"href":"https:\/\/diarioelpopular.com\/index.php\/wp-json\/wp\/v2\/posts\/469987","targetHints":{"allow":["GET"]}}],"collection":[{"href":"https:\/\/diarioelpopular.com\/index.php\/wp-json\/wp\/v2\/posts"}],"about":[{"href":"https:\/\/diarioelpopular.com\/index.php\/wp-json\/wp\/v2\/types\/post"}],"author":[{"embeddable":true,"href":"https:\/\/diarioelpopular.com\/index.php\/wp-json\/wp\/v2\/users\/5842"}],"replies":[{"embeddable":true,"href":"https:\/\/diarioelpopular.com\/index.php\/wp-json\/wp\/v2\/comments?post=469987"}],"version-history":[{"count":2,"href":"https:\/\/diarioelpopular.com\/index.php\/wp-json\/wp\/v2\/posts\/469987\/revisions"}],"predecessor-version":[{"id":469990,"href":"https:\/\/diarioelpopular.com\/index.php\/wp-json\/wp\/v2\/posts\/469987\/revisions\/469990"}],"wp:attachment":[{"href":"https:\/\/diarioelpopular.com\/index.php\/wp-json\/wp\/v2\/media?parent=469987"}],"wp:term":[{"taxonomy":"category","embeddable":true,"href":"https:\/\/diarioelpopular.com\/index.php\/wp-json\/wp\/v2\/categories?post=469987"},{"taxonomy":"post_tag","embeddable":true,"href":"https:\/\/diarioelpopular.com\/index.php\/wp-json\/wp\/v2\/tags?post=469987"}],"curies":[{"name":"wp","href":"https:\/\/api.w.org\/{rel}","templated":true}]}}