{"id":470007,"date":"2017-02-07T11:47:22","date_gmt":"2017-02-07T16:47:22","guid":{"rendered":"http:\/\/diarioelpopular.com\/?p=470007"},"modified":"2017-02-07T11:47:31","modified_gmt":"2017-02-07T16:47:31","slug":"ee-uu-registra-el-deficit-comercial-mas-alto-con-mexico-en-cinco-anos","status":"publish","type":"post","link":"https:\/\/diarioelpopular.com\/index.php\/2017\/02\/07\/ee-uu-registra-el-deficit-comercial-mas-alto-con-mexico-en-cinco-anos\/","title":{"rendered":"EE UU registra el d\u00e9ficit comercial m\u00e1s alto con M\u00e9xico en cinco a\u00f1os"},"content":{"rendered":"<div id=\"attachment_470008\" style=\"width: 570px\" class=\"wp-caption aligncenter\"><a href=\"https:\/\/diarioelpopular.com\/wp-content\/uploads\/2017\/02\/1486479008_160125_1486479128_noticia_normal_recorte1.jpg\"><img loading=\"lazy\" decoding=\"async\" aria-describedby=\"caption-attachment-470008\" class=\"size-large wp-image-470008\" src=\"https:\/\/diarioelpopular.com\/wp-content\/uploads\/2017\/02\/1486479008_160125_1486479128_noticia_normal_recorte1-560x286.jpg\" alt=\"Un productor mexicano de aguacates\" width=\"560\" height=\"286\" \/><\/a><p id=\"caption-attachment-470008\" class=\"wp-caption-text\">Un productor mexicano de aguacates<\/p><\/div>\n<p style=\"color: #444444\">El debate sobre las consecuencias de las pol\u00edticas de Donald Trump en el \u00e1mbito del comercio internacional escala de tono y\u00a0<a style=\"font-style: inherit;color: #016ca2\" href=\"https:\/\/www.census.gov\/foreign-trade\/statistics\/highlights\/congressional.html\">el indicador que sirve para medir los intercambios<\/a>\u00a0de Estados Unidos pone en evidencia la dificultad que va a tener el nuevo inquilino en la Casa Blanca para llevar la balanza a una situaci\u00f3n de equilibrio. El ejercicio se cerr\u00f3 con un d\u00e9ficit de 502.300 millones de d\u00f3lares, el m\u00e1s alto desde 2012. En el caso de M\u00e9xico marc\u00f3 el m\u00e1ximo en cinco a\u00f1os.<\/p>\n<section id=\"sumario_1|apoyos\" class=\"sumario_apoyos derecha\" style=\"color: #444444\"><a style=\"font-style: inherit;color: #016ca2\" name=\"sumario_1\"><\/a><\/p>\n<div class=\"sumario__interior\" style=\"font-style: inherit\">\n<header class=\"sumario-encabezado\" style=\"font-style: inherit\">\n<h3 class=\"sumario-titulo\" style=\"font-style: inherit;color: #111111\"><span class=\"sin_enlace\" style=\"font-weight: inherit;font-style: inherit\">M\u00c1S INFORMACI\u00d3N<\/span><\/h3>\n<\/header>\n<div class=\"sumario-texto\" style=\"font-style: inherit\">\n<div class=\"apoyos\" style=\"font-style: inherit\">\n<ul class=\"apoyos-listado\" style=\"font-style: inherit\">\n<li class=\"apoyo_ apoyo_sinfoto\" style=\"font-style: inherit\"><span class=\"apoyo-titulo\" style=\"font-style: inherit\"><a style=\"font-style: inherit;color: #000000\" href=\"http:\/\/economia.elpais.com\/economia\/2017\/02\/01\/actualidad\/1485978760_259721.html\">La Reserva Federal mantiene tipos pese a mejorar la confianza con Trump<\/a><\/span><\/li>\n<li class=\"apoyo_ apoyo_sinfoto\" style=\"font-style: inherit\"><span class=\"apoyo-titulo\" style=\"font-style: inherit\"><a style=\"font-style: inherit;color: #000000\" href=\"http:\/\/economia.elpais.com\/economia\/2017\/01\/27\/actualidad\/1485519077_721170.html\">EE UU modera su crecimiento al 1,6% en 2016, el m\u00e1s lento en cinco a\u00f1os<\/a><\/span><\/li>\n<li class=\"apoyo_ apoyo_sinfoto\" style=\"font-style: inherit\"><span class=\"apoyo-titulo\" style=\"font-style: inherit\"><a style=\"font-style: inherit;color: #000000\" href=\"http:\/\/economia.elpais.com\/economia\/2017\/01\/24\/actualidad\/1485272035_811290.html\">Trump ofrece incentivos a los fabricantes de coches de Detroit para que produzcan en EE UU<\/a><\/span><\/li>\n<li class=\"apoyo_ apoyo_sinfoto\" style=\"font-style: inherit\"><span class=\"apoyo-titulo\" style=\"font-style: inherit\"><a style=\"font-style: inherit;color: #000000\" href=\"http:\/\/internacional.elpais.com\/internacional\/2017\/01\/18\/actualidad\/1484765257_172902.html\">Ross anticipa mano dura con las t\u00e1cticas \u201cmaliciosas\u201d de China<\/a><\/span><\/li>\n<\/ul>\n<\/div>\n<\/div>\n<\/div>\n<\/section>\n<p style=\"color: #444444\">El d\u00e9ficit global de EE UU registr\u00f3 un ligero incremento que rond\u00f3 el 0,5% cuando se compara con el desfase de 2015. Pero es suficiente para alimentar la ret\u00f3rica proteccionista que aup\u00f3 a Trump a la presidencia. La brecha comercial se explica porque las exportaciones cayeron m\u00e1s r\u00e1pido que las importaciones, por el efecto de la apreciaci\u00f3n del d\u00f3lar estadounidense y de la debilidad econ\u00f3mica mundial. La apreciaci\u00f3n de la divisa resta competitividad a los productos estadounidenses.<\/p>\n<div id=\"ds_cpp\" class=\"ds_cpp\" style=\"color: #444444\">\n<div class=\"ds_cpp_inner\" style=\"font-style: inherit\">\n<div class=\"ds_body\" style=\"font-style: inherit\">\n<div id=\"ds_player_container\" style=\"font-style: inherit\">\n<div id=\"ds_content_frame_parent\" style=\"font-style: inherit\">\n<div style=\"font-style: inherit\">\u00a0Por pa\u00edses, el d\u00e9ficit comercial con M\u00e9xico ascendi\u00f3 a 63.200 millones. En su caso es el nivel m\u00e1s alto desde 2011, tras registrar un incremento del 4,2% en un a\u00f1o. Donald Trump amenaza con imponer un elevado arancel a los productos importados desde M\u00e9xico por firmas estadounidenses, como autom\u00f3viles. Tambi\u00e9n quiere revisar los t\u00e9rminos del acuerdo de\u00a0<a style=\"font-style: inherit;color: #016ca2\" href=\"http:\/\/elpais.com\/tag\/tlcan_tratado_libre_comercio_amercia_norte\/a\">libre cambio NAFTA<\/a>, para poner freno a la deslocalizaci\u00f3n de empleo y a\u00a0<a style=\"font-style: inherit;color: #016ca2\" href=\"http:\/\/internacional.elpais.com\/internacional\/2017\/01\/18\/actualidad\/1484765257_172902.html\">pr\u00e1cticas comerciales desleales<\/a>.<\/div>\n<\/div>\n<\/div>\n<\/div>\n<\/div>\n<\/div>\n<p style=\"color: #444444\">El presidente de EE UU habl\u00f3 la semana pasada de a\u00f1adir una F a la sigla que da nombre al tratado, que corresponder\u00eda a comercio justo \u2013fair- y no solo libre \u2013free. Y en su primer d\u00eda ya en activo, firm\u00f3 un decreto para descolgarse del acuerdo de asociaci\u00f3n del Transpac\u00edfico que negoci\u00f3 su predecesor Barack Obama. El dato del Departamento de Comercio muestra, sin embargo, que la brecha comercial con China se redujo un 5,5% en el a\u00f1o.<\/p>\n<p style=\"color: #444444\">Es su principal socio comercial, con intercambios por valor de 347.000 millones. Goldman Sachs public\u00f3 esta semana una nota advirtiendo a la administraci\u00f3n que preside Donald Trump sobre los riesgos de tensar demasiado la cuerda. En los mismos t\u00e9rminos se pronunci\u00f3 el fundador de Alibaba, Jack Ma. \u201cSi el comercio se para, empieza la guerra\u201d, alerta. El empresario chino se reuni\u00f3 con el presidente en Nueva York antes de la toma de posesi\u00f3n.<\/p>\n<p style=\"color: #444444\">Peter Navarro, el asesor directo de Donald Trump en materia de comercio, propone un arancel de hasta el 45% para productos fabricados en China como el acero y maquinaria. Washington espera que con esta ret\u00f3rica que Pek\u00edn mueva ficha y adopte medidas que permitan allanar el terreno de juego. Si no hay una reacci\u00f3n positiva al otro lado del Pac\u00edfico, amenaza con imponer la tarifa a todos los productos importados chicos. Ah\u00ed el temor es una respuesta con penalizaciones similares.<\/p>\n<p style=\"color: #444444\">La \u00faltima vez que la balanza comercial de EE UU estuvo en super\u00e1vit fue durante la presidencia de Gerald Ford, hace cuatro d\u00e9cadas y media. Los economistas comparten el principio de que el republicano quiera elevar las exportaciones. El efecto lastre del d\u00e9ficit comercial\u00a0<a style=\"font-style: inherit;color: #016ca2\" href=\"http:\/\/economia.elpais.com\/economia\/2017\/01\/27\/actualidad\/1485519077_721170.html\">se vio en el dato de crecimiento econ\u00f3mico<\/a>\u00a0en el cuatro trimestre. Pero no comparten el m\u00e9todo que plantea Trump, porque es contradictorio con el principio sobre el que sustenta su plan econ\u00f3mico.<\/p>\n","protected":false},"excerpt":{"rendered":"<p>El repunte del d\u00f3lar y la debilidad econ\u00f3mica internacional provocan que las exportaciones ca\u00edgan m\u00e1s r\u00e1pido que las importaciones<\/p>\n","protected":false},"author":5842,"featured_media":0,"comment_status":"open","ping_status":"open","sticky":false,"template":"","format":"standard","meta":{"footnotes":""},"categories":[23,24],"tags":[],"class_list":["post-470007","post","type-post","status-publish","format-standard","hentry","category-latinoamerica","category-mundo"],"_links":{"self":[{"href":"https:\/\/diarioelpopular.com\/index.php\/wp-json\/wp\/v2\/posts\/470007","targetHints":{"allow":["GET"]}}],"collection":[{"href":"https:\/\/diarioelpopular.com\/index.php\/wp-json\/wp\/v2\/posts"}],"about":[{"href":"https:\/\/diarioelpopular.com\/index.php\/wp-json\/wp\/v2\/types\/post"}],"author":[{"embeddable":true,"href":"https:\/\/diarioelpopular.com\/index.php\/wp-json\/wp\/v2\/users\/5842"}],"replies":[{"embeddable":true,"href":"https:\/\/diarioelpopular.com\/index.php\/wp-json\/wp\/v2\/comments?post=470007"}],"version-history":[{"count":1,"href":"https:\/\/diarioelpopular.com\/index.php\/wp-json\/wp\/v2\/posts\/470007\/revisions"}],"predecessor-version":[{"id":470009,"href":"https:\/\/diarioelpopular.com\/index.php\/wp-json\/wp\/v2\/posts\/470007\/revisions\/470009"}],"wp:attachment":[{"href":"https:\/\/diarioelpopular.com\/index.php\/wp-json\/wp\/v2\/media?parent=470007"}],"wp:term":[{"taxonomy":"category","embeddable":true,"href":"https:\/\/diarioelpopular.com\/index.php\/wp-json\/wp\/v2\/categories?post=470007"},{"taxonomy":"post_tag","embeddable":true,"href":"https:\/\/diarioelpopular.com\/index.php\/wp-json\/wp\/v2\/tags?post=470007"}],"curies":[{"name":"wp","href":"https:\/\/api.w.org\/{rel}","templated":true}]}}