{"id":470014,"date":"2017-02-07T11:52:59","date_gmt":"2017-02-07T16:52:59","guid":{"rendered":"http:\/\/diarioelpopular.com\/?p=470014"},"modified":"2017-02-07T11:53:09","modified_gmt":"2017-02-07T16:53:09","slug":"historia-intima-de-una-portada-explosiva","status":"publish","type":"post","link":"https:\/\/diarioelpopular.com\/index.php\/2017\/02\/07\/historia-intima-de-una-portada-explosiva\/","title":{"rendered":"Historia \u00edntima de una portada explosiva"},"content":{"rendered":"<div id=\"cuerpo_noticia\" class=\"articulo-cuerpo\" style=\"color: #444444\"><div id=\"attachment_470015\" style=\"width: 570px\" class=\"wp-caption aligncenter\"><a href=\"https:\/\/diarioelpopular.com\/wp-content\/uploads\/2017\/02\/1486415058_845924_1486430042_noticia_normal_recorte1.jpg\"><img loading=\"lazy\" decoding=\"async\" aria-describedby=\"caption-attachment-470015\" class=\"size-large wp-image-470015\" src=\"https:\/\/diarioelpopular.com\/wp-content\/uploads\/2017\/02\/1486415058_845924_1486430042_noticia_normal_recorte1-560x372.jpg\" alt=\"Izquierda: Edel Rodr\u00edguez de ni\u00f1o, cubierto con su abrigo, durante su traves\u00eda en barco desde Cuba a EE UU [fotograf\u00eda de Mario Ruiz]. Derecha: portada de 'Der Spiegel' con ilustraci\u00f3n de Rodr\u00edguez.\" width=\"560\" height=\"372\" \/><\/a><p id=\"caption-attachment-470015\" class=\"wp-caption-text\">Izquierda: Edel Rodr\u00edguez de ni\u00f1o, cubierto con su abrigo, durante su traves\u00eda en barco desde Cuba a EE UU [fotograf\u00eda de Mario Ruiz]. Derecha: portada de &#8216;Der Spiegel&#8217; con ilustraci\u00f3n de Rodr\u00edguez.<\/p><\/div><\/p>\n<p style=\"font-style: inherit\">La portada del semanario alem\u00e1n\u00a0<a style=\"font-style: inherit;color: #016ca2\" href=\"http:\/\/www.spiegel.de\/international\/\" target=\"_blank\"><em>Der Spiegel<\/em><\/a>\u00a0con una caricatura de\u00a0<a style=\"font-style: inherit;color: #016ca2\" href=\"http:\/\/elpais.com\/tag\/donald_trump\/a\" target=\"_blank\">Donald Trump<\/a>\u00a0levantando euf\u00f3rico la cabeza de la Estatua de la Libertad decapitada, una controvertida forma de aludir a sus ideas nacionalistas y contrarias a la inmigraci\u00f3n, tiene detr\u00e1s la historia \u00edntima de un refugiado cubano. El autor,\u00a0<a style=\"font-style: inherit;color: #016ca2\" href=\"https:\/\/www.illoz.com\/edel\/\" target=\"_blank\">Edel Rodr\u00edguez,<\/a>\u00a0de 45 a\u00f1os, lleg\u00f3 a los ocho a EE UU a bordo de un barco durante el\u00a0<a style=\"font-style: inherit;color: #016ca2\" href=\"http:\/\/internacional.elpais.com\/internacional\/2015\/09\/13\/actualidad\/1442113548_063090.html\" target=\"_blank\">\u00e9xodo del Mariel,<\/a>\u00a0en 1980, que llev\u00f3 a 125.000 isle\u00f1os al pa\u00eds vecino.<\/p>\n<p style=\"font-style: inherit\">\u201cEsta es una naci\u00f3n de inmigrantes. Es una idea muy importante para m\u00ed, y Trump quiere decapitar esa idea\u201d, dice el ilustrador por tel\u00e9fono desde Nueva York. Su provocativo dibujo, explica, traza un paralelismo sat\u00edrico entre las decapitaciones del\u00a0<a style=\"font-style: inherit;color: #016ca2\" href=\"http:\/\/elpais.com\/elpais\/2015\/05\/05\/eps\/1430834532_513617.html\" target=\"_blank\">Estado Isl\u00e1mico<\/a>\u00a0y el \u201cextremismo\u201d del nuevo jefe de la Casa Blanca. Dice que el revuelo que ha causado la portada lo tiene \u201cun poquito\u201d en shock. \u201cMe ha hecho pensar en que mucha gente no tiene la capacidad de entender im\u00e1genes como forma de comunicaci\u00f3n. Este dibujo es un concepto. La Estatua no es una persona, es una estatua. No tiene sangre, est\u00e1 hecha de hierro. Es una idea, caballeros, entiendan el arte\u201d, razona.\u00a0<em>Der Spiegel<\/em>\u00a0ha recibido diversas cr\u00edticas, desde quienes lo ven como una falta de respeto a las v\u00edctimas del Estado Isl\u00e1mico hasta los que argumentan que retroalimenta la din\u00e1mica de crispaci\u00f3n que busca el propio Trump en su h\u00e1bil hibridaci\u00f3n de poder y espect\u00e1culo. El editor de la publicaci\u00f3n, Klaus Brinkb\u00e4umer, ha defendido que el objetivo de la portada es \u201cdefender la democracia (\u2026) en tiempos dif\u00edciles\u201d.<\/p>\n<section id=\"sumario_1|foto\" class=\"sumario_foto derecha\" style=\"font-style: inherit\"><a style=\"font-style: inherit;color: #016ca2\" name=\"sumario_1\"><\/a><\/p>\n<div class=\"sumario__interior\" style=\"font-style: inherit\">\n<figure class=\"foto foto_w360\" style=\"font-style: inherit\"><a class=\"enlace\" style=\"font-style: inherit;color: #016ca2\" title=\"ampliar foto\"><img loading=\"lazy\" decoding=\"async\" style=\"font-style: inherit\" title=\"Edel Rodr\u00edguez durante el \u00e9xodo del Mariel con sus padres y su hermana.\" src=\"http:\/\/ep01.epimg.net\/internacional\/imagenes\/2017\/02\/06\/estados_unidos\/1486415058_845924_1486417467_sumario_normal.jpg\" alt=\"Edel Rodr\u00edguez durante el \u00e9xodo del Mariel con sus padres y su hermana.\" width=\"360\" height=\"509\" \/><span class=\"boton_ampliar\">ampliar foto<\/span><\/a><figcaption class=\"foto-pie\" style=\"font-style: inherit;color: #646464\">Edel Rodr\u00edguez durante el \u00e9xodo del Mariel con sus padres y su hermana.\u00a0<span class=\"foto-firma\" style=\"font-style: inherit;color: #111111\"><span class=\"foto-autor\" style=\"font-style: inherit\">MARIO RUIZ<\/span><\/span><\/figcaption><\/figure>\n<div class=\"sumario-texto\" style=\"font-style: inherit\"><\/div>\n<\/div>\n<\/section>\n<section id=\"sumario_2|foto\" class=\"sumario_foto derecha\" style=\"font-style: inherit\"><a style=\"font-style: inherit;color: #016ca2\" name=\"sumario_2\"><\/a><\/p>\n<div class=\"sumario__interior\" style=\"font-style: inherit\">\n<figure class=\"foto foto_w360\" style=\"font-style: inherit\"><a class=\"enlace\" style=\"font-style: inherit;color: #016ca2\" title=\"ampliar foto\"><img loading=\"lazy\" decoding=\"async\" style=\"font-style: inherit\" title=\"Ilustraci\u00f3n de Edel Rodr\u00edguez.\" src=\"http:\/\/ep01.epimg.net\/internacional\/imagenes\/2017\/02\/06\/estados_unidos\/1486415058_845924_1486417531_sumario_normal.jpg\" alt=\"Ilustraci\u00f3n de Edel Rodr\u00edguez.\" width=\"360\" height=\"360\" \/><span class=\"boton_ampliar\">ampliar foto<\/span><\/a><figcaption class=\"foto-pie\" style=\"font-style: inherit;color: #646464\">Ilustraci\u00f3n de Edel Rodr\u00edguez.<\/figcaption><\/figure>\n<div class=\"sumario-texto\" style=\"font-style: inherit\"><\/div>\n<\/div>\n<\/section>\n<section id=\"sumario_3|foto\" class=\"sumario_foto derecha\" style=\"font-style: inherit\"><a style=\"font-style: inherit;color: #016ca2\" name=\"sumario_3\"><\/a><\/p>\n<div class=\"sumario__interior\" style=\"font-style: inherit\">\n<figure class=\"foto foto_w360\" style=\"font-style: inherit\"><a class=\"enlace\" style=\"font-style: inherit;color: #016ca2\" title=\"ampliar foto\"><img loading=\"lazy\" decoding=\"async\" style=\"font-style: inherit\" title=\"Edel Rodr\u00edguez para 'Der Spiegel'.\" src=\"http:\/\/ep01.epimg.net\/internacional\/imagenes\/2017\/02\/06\/estados_unidos\/1486415058_845924_1486417612_sumario_normal.jpg\" alt=\"Edel Rodr\u00edguez para 'Der Spiegel'.\" width=\"360\" height=\"477\" \/><span class=\"boton_ampliar\">ampliar foto<\/span><\/a><figcaption class=\"foto-pie\" style=\"font-style: inherit;color: #646464\">Edel Rodr\u00edguez para &#8216;Der Spiegel&#8217;.<\/figcaption><\/figure>\n<div class=\"sumario-texto\" style=\"font-style: inherit\"><\/div>\n<\/div>\n<\/section>\n<section id=\"sumario_4|foto\" class=\"sumario_foto derecha\" style=\"font-style: inherit\"><a style=\"font-style: inherit;color: #016ca2\" name=\"sumario_4\"><\/a><\/p>\n<div class=\"sumario__interior\" style=\"font-style: inherit\">\n<figure class=\"foto foto_w360\" style=\"font-style: inherit\"><a class=\"enlace\" style=\"font-style: inherit;color: #016ca2\" title=\"ampliar foto\"><img loading=\"lazy\" decoding=\"async\" style=\"font-style: inherit\" title=\"Edel Rodr\u00edguez para la revista 'Time'.\" src=\"http:\/\/ep01.epimg.net\/internacional\/imagenes\/2017\/02\/06\/estados_unidos\/1486415058_845924_1486417800_sumario_normal.jpg\" alt=\"Edel Rodr\u00edguez para la revista 'Time'.\" width=\"360\" height=\"478\" \/><span class=\"boton_ampliar\">ampliar foto<\/span><\/a><figcaption class=\"foto-pie\" style=\"font-style: inherit;color: #646464\">Edel Rodr\u00edguez para la revista &#8216;Time&#8217;.<\/figcaption><\/figure>\n<div class=\"sumario-texto\" style=\"font-style: inherit\"><\/div>\n<\/div>\n<\/section>\n<p style=\"font-style: inherit\">Rodr\u00edguez cuenta que los comentarios m\u00e1s severos que ha recibido proceden de cubanos de\u00a0<a style=\"font-style: inherit;color: #016ca2\" href=\"http:\/\/elpais.com\/tag\/miami\/a\" target=\"_blank\">Miami,<\/a>\u00a0donde vivi\u00f3 hasta que fue a estudiar a Nueva York. \u201cDicen que soy comunista y que me deber\u00eda haber ahogado en el mar. \u00a1Pero si no hay nadie m\u00e1s anticomunista que yo! Por eso cuando veo a familias musulmanas divididas por las decisiones de Trump me afecta, porque me acuerdo de cuando era ni\u00f1o y era Fidel Castro quien divid\u00eda a los cubanos. En mi mente, eso era algo que se hac\u00eda en Cuba, no en EE UU. No puede pasar aqu\u00ed. Estamos llegando a un punto en que se trata a los musulmanes como si fueran nada\u201d.<\/p>\n<p style=\"font-style: inherit\">Su pa\u00eds de origen es uno de los temas sobre los que m\u00e1s ha dibujado para revistas. Pese a ser contrario al r\u00e9gimen cubano, la\u00a0<a style=\"font-style: inherit;color: #016ca2\" href=\"http:\/\/www.casadelasamericas.org\/plastica\/expoedel\/index.html\" target=\"_blank\">Casa de las Am\u00e9ricas<\/a>, una reputada instituci\u00f3n oficial, le dedic\u00f3 una exposici\u00f3n entre finales de 2014 e inicios de 2015 en La Habana, exhibiendo sus carteles para festivales de teatro, \u00f3peras, pel\u00edculas y portadas de libros, peri\u00f3dicos y revistas. Su anhelo es \u201cilustrar alg\u00fan d\u00eda una portada sobre la llegada de la democracia a Cuba dibujando a Jos\u00e9 Mart\u00ed, el s\u00edmbolo de mi pa\u00eds, un hombre honrado\u201d. Edel Rodr\u00edguez cita entre sus influencias art\u00edsticas la rica tradici\u00f3n de la carteler\u00eda cubana y a pintores como Pablo Picasso, Henri Matisse o Joan Mir\u00f3, as\u00ed como las portadas ideadas por el legendario dise\u00f1ador\u00a0<a style=\"font-style: inherit;color: #016ca2\" href=\"https:\/\/www.buzzfeed.com\/briangalindo\/12-iconic-george-lois-esquire-covers?utm_term=.duxJKawxjd#.qdpalzWDJQ\" target=\"_blank\">George Lois<\/a>\u00a0para la revista\u00a0<em>Esquire<\/em>\u00a0en los a\u00f1os sesenta, \u201ccomo la de Muhammad Ali amarrado con flechas, la de Warhol dentro de una lata de Campbell\u2019s o la de Nixon siendo maquillado\u201d. Trabaja en un libro ilustrado sobre su ni\u00f1ez y su salida de Cuba que prev\u00e9 titular\u00a0<em>Gusano<\/em>\u00a0\u2013por el apelativo que han dedicado durante d\u00e9cadas los castristas a los exiliados\u2013.<\/p>\n<p style=\"font-style: inherit\">En su pa\u00eds de acogida, sin embargo, el centro de su diana lo ocupa Trump, a quien no ha dejado de caricaturizar en los \u00faltimos tiempos. En noviembre\u00a0<em>Der Spiegel<\/em>\u00a0llev\u00f3 otra ilustraci\u00f3n suya a portada en la que la cabeza del entonces candidato se dirig\u00eda hacia la tierra a toda velocidad con la boca abierta, como un meteorito desquiciado en aceleraci\u00f3n. En octubre\u00a0<em>Time<\/em>\u00a0dedic\u00f3 una primera plana al magnate con otro dibujo de Rodr\u00edguez en el que su cabeza se derret\u00eda bajo el titular\u00a0<em>Total Meltdown,<\/em>\u00a0en espa\u00f1ol\u00a0<em>Fusi\u00f3n total.<\/em>\u00a0En su p\u00e1gina de Facebook ha publicado otros dibujos mordaces sobre el presidente. En uno, titulado<em>Terrorismo dom\u00e9stico,<\/em>\u00a0Trump porta un lanzagranadas que en vez de ca\u00f1\u00f3n tiene la punta de una pluma como las que emplea para firmar \u00f3rdenes ejecutivas. En otro aparece jurando el cargo con la cabeza cubierta por la capucha c\u00f3nica del<em>Ku Klux Klan.<\/em><\/p>\n<p style=\"font-style: inherit\">El 29 de enero, tras conocerse el\u00a0<a style=\"font-style: inherit;color: #016ca2\" href=\"http:\/\/internacional.elpais.com\/internacional\/2017\/01\/27\/estados_unidos\/1485551816_434347.html\" target=\"_blank\">veto migratorio<\/a>\u00a0del presidente a inmigrantes y refugiados de siete pa\u00edses de mayor\u00eda musulmana, poste\u00f3 una fotograf\u00eda en la que aparece con sus padres y su hermana en el barco durante la traves\u00eda que los llev\u00f3 a EE UU. Escribi\u00f3 en ingl\u00e9s: \u201cVetar a refugiados pol\u00edticos o religiosos es inhumano. Am\u00e9rica no es eso. Lucha y resiste\u201d.<\/p>\n<p style=\"font-style: inherit\">Para el \u00faltimo encargo de\u00a0<em>Der Spiegel<\/em>\u00a0propuso otras opciones que se desecharon, como el \u00e1guila del escudo de Estados Unidos con flechas clavadas en los pies y con la ya ic\u00f3nica testa rubia de Trump \u2013su recurrente fuente de inspiraci\u00f3n\u2013 injertada o \u201cuna Casa Blanca bien peque\u00f1a con una bandera bien grande saliendo por arriba con un retrato suyo, como un dictador\u201d. La revista se interes\u00f3 por otra ilustraci\u00f3n que no hab\u00eda vendido, la del presidente con la cabeza de la Estatua de la Libertad en la mano, chorreando sangre. En el original, la caricatura de Trump vest\u00eda una t\u00fanica negra como la de los verdugos del Estado Isl\u00e1mico. \u201cEn vez de eso le pusimos traje\u201d. Listo para la imprenta e internet.<\/p>\n<\/div>\n","protected":false},"excerpt":{"rendered":"<p>Edel Rodr\u00edguez, autor de una pol\u00e9mica ilustraci\u00f3n en &#8216;Der Spiegel&#8217; sobre Trump, lleg\u00f3 a EE UU de ni\u00f1o desde Cuba como refugiado a bordo de un barco durante el masivo \u00e9xodo del Mariel<\/p>\n","protected":false},"author":5842,"featured_media":0,"comment_status":"open","ping_status":"open","sticky":false,"template":"","format":"standard","meta":{"footnotes":""},"categories":[23,24],"tags":[],"class_list":["post-470014","post","type-post","status-publish","format-standard","hentry","category-latinoamerica","category-mundo"],"_links":{"self":[{"href":"https:\/\/diarioelpopular.com\/index.php\/wp-json\/wp\/v2\/posts\/470014","targetHints":{"allow":["GET"]}}],"collection":[{"href":"https:\/\/diarioelpopular.com\/index.php\/wp-json\/wp\/v2\/posts"}],"about":[{"href":"https:\/\/diarioelpopular.com\/index.php\/wp-json\/wp\/v2\/types\/post"}],"author":[{"embeddable":true,"href":"https:\/\/diarioelpopular.com\/index.php\/wp-json\/wp\/v2\/users\/5842"}],"replies":[{"embeddable":true,"href":"https:\/\/diarioelpopular.com\/index.php\/wp-json\/wp\/v2\/comments?post=470014"}],"version-history":[{"count":1,"href":"https:\/\/diarioelpopular.com\/index.php\/wp-json\/wp\/v2\/posts\/470014\/revisions"}],"predecessor-version":[{"id":470016,"href":"https:\/\/diarioelpopular.com\/index.php\/wp-json\/wp\/v2\/posts\/470014\/revisions\/470016"}],"wp:attachment":[{"href":"https:\/\/diarioelpopular.com\/index.php\/wp-json\/wp\/v2\/media?parent=470014"}],"wp:term":[{"taxonomy":"category","embeddable":true,"href":"https:\/\/diarioelpopular.com\/index.php\/wp-json\/wp\/v2\/categories?post=470014"},{"taxonomy":"post_tag","embeddable":true,"href":"https:\/\/diarioelpopular.com\/index.php\/wp-json\/wp\/v2\/tags?post=470014"}],"curies":[{"name":"wp","href":"https:\/\/api.w.org\/{rel}","templated":true}]}}