{"id":470082,"date":"2017-02-09T17:34:43","date_gmt":"2017-02-09T22:34:43","guid":{"rendered":"http:\/\/diarioelpopular.com\/?p=470082"},"modified":"2017-02-09T17:34:52","modified_gmt":"2017-02-09T22:34:52","slug":"el-nuevo-fiscal-general-de-estados-unidos-promete-mano-dura-en-inmigracion","status":"publish","type":"post","link":"https:\/\/diarioelpopular.com\/index.php\/2017\/02\/09\/el-nuevo-fiscal-general-de-estados-unidos-promete-mano-dura-en-inmigracion\/","title":{"rendered":"El nuevo fiscal general de Estados Unidos promete mano dura en inmigraci\u00f3n"},"content":{"rendered":"<p>&nbsp;<\/p>\n<div id=\"attachment_470083\" style=\"width: 570px\" class=\"wp-caption aligncenter\"><a href=\"https:\/\/diarioelpopular.com\/wp-content\/uploads\/2017\/02\/1486671955_775488_1486672487_noticia_normal_recorte1.jpg\"><img loading=\"lazy\" decoding=\"async\" aria-describedby=\"caption-attachment-470083\" class=\"size-large wp-image-470083\" src=\"https:\/\/diarioelpopular.com\/wp-content\/uploads\/2017\/02\/1486671955_775488_1486672487_noticia_normal_recorte1-560x339.jpg\" alt=\"Sessions, este jueves en la Casa Blanca, jura el cargo de fiscal general ante Trump y el vicepresidente Pence \" width=\"560\" height=\"339\" \/><\/a><p id=\"caption-attachment-470083\" class=\"wp-caption-text\">Sessions, este jueves en la Casa Blanca, jura el cargo de fiscal general ante Trump y el vicepresidente Pence<\/p><\/div>\n<p><span style=\"color: #111111\">El discurso de ley y orden, que\u00a0<\/span><a style=\"color: #016ca2\" href=\"http:\/\/elpais.com\/tag\/donald_trump\/a\/\">Donald Trump<\/a><span style=\"color: #111111\">\u00a0atiz\u00f3 en la campa\u00f1a electoral, aflor\u00f3 este jueves en la Casa Blanca en la toma de posesi\u00f3n de Jeff Sessions como nuevo fiscal general de Estados Unidos. Como senador republicano por Alabama, Sessions apoy\u00f3 una pol\u00edtica de mano dura contra la inmigraci\u00f3n irregular y esa ser\u00e1 una de sus prioridades al frente del Departamento de Justicia.<\/span><\/p>\n<p dir=\"ltr\" style=\"color: #444444\">&#8220;Usted [Trump] ha dicho algo en lo que yo creo y que creo que el pueblo estadounidense comparte: que necesitamos un sistema legal de inmigraci\u00f3n, que se ajuste a los intereses del pueblo de Estados Unidos&#8221;, dijo Sessions en su ceremonia de aceptaci\u00f3n del cargo, celebrada en el Despacho Oval junto a Trump.<\/p>\n<p dir=\"ltr\" style=\"color: #444444\">&#8220;Eso no est\u00e1 mal. Eso no es inmoral. Eso no es indecente. Admitimos a m\u00e1s de un mill\u00f3n de personas al a\u00f1o en el pa\u00eds legalmente, y tenemos que acabar con esta ilegalidad que amenaza la seguridad p\u00fablica y rebaja los salarios de los trabajadores estadounidenses&#8221;, agreg\u00f3 sin entrar en detalles.<\/p>\n<div id=\"cuerpo_noticia\" class=\"articulo-cuerpo\">\n<p dir=\"ltr\" style=\"font-style: inherit\">El Senado\u00a0<a style=\"font-style: inherit;color: #016ca2\" href=\"http:\/\/internacional.elpais.com\/internacional\/2017\/02\/09\/estados_unidos\/1486601710_061959.html\">aprob\u00f3<\/a>\u00a0el mi\u00e9rcoles la designaci\u00f3n de Sessions tras semanas de intenso debate. Los dem\u00f3cratas lo han acusado de\u00a0<a style=\"font-style: inherit;color: #016ca2\" href=\"http:\/\/internacional.elpais.com\/internacional\/2017\/01\/11\/estados_unidos\/1484175357_472259.html?rel=mas?rel=mas\">tintes racistas<\/a>\u00a0durante su etapa como fiscal en Alabama, uno de los Estados clave en la segregaci\u00f3n legal de los negros hasta los a\u00f1os sesenta, y por unos comentarios en que minimizaba al Ku Klux Klan.<\/p>\n<p dir=\"ltr\" style=\"font-style: inherit\">En sus primeras dos semanas en el cargo, Trump ha formalizado en un decreto su plan de construir un muro fronterizo con M\u00e9xico, dar m\u00e1s poderes a los agentes fronterizos y deportar a los cerca de tres millones de inmigrantes indocumentados con antecedentes delictivos. El presidente tambi\u00e9n ha aprobado un veto, que est\u00e1 paralizado temporalmente por la justicia, a la entrada a EE UU de ciudadanos de siete pa\u00edses de mayor\u00eda musulmana y a la acogida de refugiados de cualquier nacionalidad.<\/p>\n<h3 style=\"font-style: inherit;color: #111111\"><strong style=\"font-style: inherit\">Recomendaciones sobre inmigraci\u00f3n y narcotr\u00e1fico<\/strong><\/h3>\n<p dir=\"ltr\" style=\"font-style: inherit\">Trump firm\u00f3 este jueves un decreto que crea una comisi\u00f3n, gestionada por el fiscal general, que en un a\u00f1o debe hacer recomendaciones sobre c\u00f3mo mejorar la seguridad en EE UU. El texto sit\u00faa en el mismo nivel la inmigraci\u00f3n irregular y el narcotr\u00e1fico. \u201c[El objetivo es] desarrollar estrategias para reducir delitos, incluyendo en particular la inmigraci\u00f3n ilegal, el tr\u00e1fico de drogas y los delitos violentos\u201d, se\u00f1ala la orden ejecutiva. El presidente aprob\u00f3 otro decreto para estudiar c\u00f3mo mejorar la lucha contra el narcotr\u00e1fico.<\/p>\n<p dir=\"ltr\" style=\"font-style: inherit\">En el acto, el presidente dijo que, con la designaci\u00f3n de Sessions, empieza una \u201cnueva era de justicia\u201d ante la amenaza del \u201ccrimen en auge y del terror\u201d. Es la misma ret\u00f3rica del miedo que el magnate inmobiliario\u00a0<a style=\"font-style: inherit;color: #016ca2\" href=\"http:\/\/internacional.elpais.com\/internacional\/2016\/07\/22\/estados_unidos\/1469143063_903244.html\">abraz\u00f3<\/a>\u00a0en la convenci\u00f3n republicana del pasado julio y que es un eco del discurso de dureza contra el crimen del expresidente republicano Richard Nixon en los a\u00f1os sesenta.<\/p>\n<p dir=\"ltr\" style=\"font-style: inherit\">Tambi\u00e9n Sessions incidi\u00f3 este jueves en esa idea: el auge en la actividad criminal, dijo, no es &#8220;una incidencia pasajera&#8221;. \u201cEs una tendencia peligrosa y permanente, que pone en riesgo la salud y la seguridad del pueblo estadounidense&#8221;, se\u00f1al\u00f3.<\/p>\n<p style=\"font-style: inherit\">Pero la ret\u00f3rica apocal\u00edptica no se ajusta a la realidad. La tasa de cr\u00edmenes violentos y el \u00edndice de asesinatos crecieron en EE UU en 2015, el \u00faltimo a\u00f1o con datos. Pero la tasa no es &#8220;la m\u00e1s alta en 47 a\u00f1os&#8221;, como dijo Trump esta semana, seg\u00fan indican las estad\u00edsticas oficiales.<\/p>\n<\/div>\n","protected":false},"excerpt":{"rendered":"<p>Trump crea una comisi\u00f3n para reducir delitos y que equipara inmigraci\u00f3n irregular con narcotr\u00e1fico<\/p>\n","protected":false},"author":5842,"featured_media":0,"comment_status":"open","ping_status":"open","sticky":false,"template":"","format":"standard","meta":{"footnotes":""},"categories":[24],"tags":[],"class_list":["post-470082","post","type-post","status-publish","format-standard","hentry","category-mundo"],"_links":{"self":[{"href":"https:\/\/diarioelpopular.com\/index.php\/wp-json\/wp\/v2\/posts\/470082","targetHints":{"allow":["GET"]}}],"collection":[{"href":"https:\/\/diarioelpopular.com\/index.php\/wp-json\/wp\/v2\/posts"}],"about":[{"href":"https:\/\/diarioelpopular.com\/index.php\/wp-json\/wp\/v2\/types\/post"}],"author":[{"embeddable":true,"href":"https:\/\/diarioelpopular.com\/index.php\/wp-json\/wp\/v2\/users\/5842"}],"replies":[{"embeddable":true,"href":"https:\/\/diarioelpopular.com\/index.php\/wp-json\/wp\/v2\/comments?post=470082"}],"version-history":[{"count":1,"href":"https:\/\/diarioelpopular.com\/index.php\/wp-json\/wp\/v2\/posts\/470082\/revisions"}],"predecessor-version":[{"id":470084,"href":"https:\/\/diarioelpopular.com\/index.php\/wp-json\/wp\/v2\/posts\/470082\/revisions\/470084"}],"wp:attachment":[{"href":"https:\/\/diarioelpopular.com\/index.php\/wp-json\/wp\/v2\/media?parent=470082"}],"wp:term":[{"taxonomy":"category","embeddable":true,"href":"https:\/\/diarioelpopular.com\/index.php\/wp-json\/wp\/v2\/categories?post=470082"},{"taxonomy":"post_tag","embeddable":true,"href":"https:\/\/diarioelpopular.com\/index.php\/wp-json\/wp\/v2\/tags?post=470082"}],"curies":[{"name":"wp","href":"https:\/\/api.w.org\/{rel}","templated":true}]}}