{"id":470128,"date":"2017-02-12T17:19:26","date_gmt":"2017-02-12T22:19:26","guid":{"rendered":"http:\/\/diarioelpopular.com\/?p=470128"},"modified":"2017-02-12T17:19:38","modified_gmt":"2017-02-12T22:19:38","slug":"trump-defiende-que-las-redadas-contra-inmigrantes-significan-que-ha-cumplido-su-promesa-electoral","status":"publish","type":"post","link":"https:\/\/diarioelpopular.com\/index.php\/2017\/02\/12\/trump-defiende-que-las-redadas-contra-inmigrantes-significan-que-ha-cumplido-su-promesa-electoral\/","title":{"rendered":"Trump defiende que las redadas contra inmigrantes significan que ha cumplido su promesa electoral"},"content":{"rendered":"<div id=\"cuerpo_noticia\" class=\"articulo-cuerpo\" style=\"color: #444444\">\n<div id=\"attachment_470129\" style=\"width: 570px\" class=\"wp-caption aligncenter\"><a href=\"https:\/\/diarioelpopular.com\/wp-content\/uploads\/2017\/02\/1486925304_968899_1486925455_noticia_normal_recorte1.jpg\"><img loading=\"lazy\" decoding=\"async\" aria-describedby=\"caption-attachment-470129\" class=\"size-large wp-image-470129\" src=\"https:\/\/diarioelpopular.com\/wp-content\/uploads\/2017\/02\/1486925304_968899_1486925455_noticia_normal_recorte1-560x321.jpg\" alt=\"Manifestaci\u00f3n en Chicago contra la pol\u00edtica migratoria de Trump.\" width=\"560\" height=\"321\" \/><\/a><p id=\"caption-attachment-470129\" class=\"wp-caption-text\">Manifestaci\u00f3n en Chicago contra la pol\u00edtica migratoria de Trump.<\/p><\/div>\n<p dir=\"ltr\" style=\"font-style: inherit\">Apenas un d\u00eda despu\u00e9s de concluir\u00a0<a style=\"font-style: inherit;color: #016ca2\" href=\"http:\/\/internacional.elpais.com\/internacional\/2017\/02\/11\/estados_unidos\/1486787904_907116.html\">el primer operativo de inmigraci\u00f3n del gobierno de Donald Trump con redadas en seis Estados<\/a>\u00a0y cientos de detenidos, el presidente de Estados Unidos defendi\u00f3 que se trata del cumplimiento de una de sus promesas electorales. Trump declar\u00f3 a trav\u00e9s de Twitter que es \u201csimplemente\u201d una campa\u00f1a \u201ccontra los ilegales criminales\u201d, vinculando una vez m\u00e1s la inmigraci\u00f3n ilegal con la violencia en el pa\u00eds.<\/p>\n<p style=\"font-style: inherit\">\u201cEstamos expulsando a miembros de bandas organizadas, traficantes de drogas y dem\u00e1s\u201d, escribi\u00f3 el presidente poco despu\u00e9s de las seis de la ma\u00f1ana, hora local. Trump se encontraba en ese momento en su residencia en Mar-a-Lago (Florida), donde ha pasado el fin de semana junto al primer ministro japon\u00e9s, en visita oficial al pa\u00eds.<\/p>\n<section id=\"sumario_1|html\" class=\"sumario_html centro\" style=\"font-style: inherit\"><a style=\"font-style: inherit;color: #016ca2\" name=\"sumario_1\"><\/a><\/p>\n<div class=\"sumario__interior\" style=\"font-style: inherit\">\n<div class=\"sumario-texto\" style=\"font-style: inherit\">\n<div class=\"SandboxRoot env-bp-350\" style=\"color: #1c2022\">\n<div id=\"twitter-widget-0\" class=\"EmbeddedTweet js-clickToOpenTarget\" lang=\"en\">\n<div class=\"EmbeddedTweet-tweet\">\n<blockquote class=\"Tweet h-entry js-tweetIdInfo subject expanded&lt;br \/&gt; \n<p>                    is-deciderHtmlWhitespace\" cite=\"https:\/\/twitter.com\/realDonaldTrump\/status\/830741932099960834\"><\/p>\n<div class=\"Tweet-header u-cf\">\n<div class=\"Tweet-brand u-floatRight\"><span class=\"u-hiddenInNarrowEnv\"><a class=\"FollowButton follow-button profile\" style=\"font-weight: bold;color: #55acee\" title=\"Follow Donald J. Trump on Twitter\" href=\"https:\/\/twitter.com\/realDonaldTrump\">\u00a0Follow<\/a><\/span><\/div>\n<div class=\"TweetAuthor \"><a class=\"TweetAuthor-link Identity u-linkBlend\" style=\"color: inherit\" href=\"https:\/\/twitter.com\/realDonaldTrump\"><span class=\"TweetAuthor-avatar Identity-avatar\"><img decoding=\"async\" class=\"Avatar\" src=\"https:\/\/pbs.twimg.com\/profile_images\/1980294624\/DJT_Headshot_V2_normal.jpg\" alt=\"\" \/><\/span><span class=\"TweetAuthor-name Identity-name customisable-highlight\" style=\"font-weight: bold\" title=\"Donald J. Trump\">Donald J. Trump<\/span>\u00a0<\/a><\/p>\n<div class=\"Icon Icon--verified \" title=\"Verified Account\"><\/div>\n<p><a class=\"TweetAuthor-link Identity u-linkBlend\" style=\"color: inherit\" href=\"https:\/\/twitter.com\/realDonaldTrump\"><span class=\"TweetAuthor-verifiedBadge\"><span class=\"u-hiddenVisually\">\u2714<\/span><\/span><span class=\"TweetAuthor-screenName Identity-screenName\" dir=\"ltr\" style=\"color: #697882\" title=\"@realDonaldTrump\">@realDonaldTrump<\/span><\/a><\/p>\n<\/div>\n<\/div>\n<div class=\"Tweet-body e-entry-content\">\n<p class=\"Tweet-text e-entry-title\" dir=\"ltr\" lang=\"en\">The crackdown on illegal criminals is merely the keeping of my campaign promise. Gang members, drug dealers &amp; others are being removed!<\/p>\n<div class=\"Tweet-metadata dateline\" style=\"color: #697882\"><a class=\"u-linkBlend u-url customisable-highlight long-permalink\" style=\"color: inherit\" href=\"https:\/\/twitter.com\/realDonaldTrump\/status\/830741932099960834\">6:34 AM &#8211; 12 Feb 2017<\/a><\/div>\n<ul class=\"Tweet-actions\">\n<li class=\"Tweet-action\"><\/li>\n<li class=\"Tweet-action\">\n<div class=\"Icon Icon--retweet TweetAction-icon\" title=\"Retweet\"><\/div>\n<p><a class=\"TweetAction TweetAction--retweet web-intent\" style=\"color: #697882\" href=\"https:\/\/twitter.com\/intent\/retweet?tweet_id=830741932099960834\">\u00a0<span class=\"TweetAction-stat\">21,084<\/span><span class=\"u-hiddenVisually\">21,084 Retweets<\/span><\/a><\/li>\n<li class=\"Tweet-action\">\n<div class=\"Icon Icon--heart TweetAction-icon\" title=\"Like\"><\/div>\n<p><a class=\"TweetAction TweetAction--heart web-intent\" style=\"color: #697882\" href=\"https:\/\/twitter.com\/intent\/like?tweet_id=830741932099960834\"><span style=\"color: #697882\">\u00a0<\/span><span class=\"TweetAction-stat\">100,155<\/span><span class=\"u-hiddenVisually\">100,155 likes<\/span><\/a><\/li>\n<\/ul>\n<\/div>\n<\/blockquote>\n<\/div>\n<\/div>\n<\/div>\n<\/div>\n<\/div>\n<\/section>\n<p dir=\"ltr\" style=\"font-style: inherit\">Tanto el mandatario republicano como su equipo de gobierno han vinculado en repetidas ocasiones la inmigraci\u00f3n ilegal, as\u00ed como la presencia de m\u00e1s de 11 millones de indocumentados en el pa\u00eds, con la violencia. La ret\u00f3rica de Trump utiliza indistintamente \u201ccriminales\u201d o \u201cilegales\u201d para referirse a los indocumentados. En otras ocasiones, como los republicanos m\u00e1s conservadores, habla de \u201cextranjeros\u201d sin especificar si su presencia en EE UU es legal o no.<\/p>\n<p dir=\"ltr\" style=\"font-style: inherit\">El pasado 26 de enero, esa ret\u00f3rica se convirti\u00f3 en ley al aprobar una orden ejecutiva que ampl\u00eda las categor\u00edas de indocumentados que pueden ser deportados. Las primeras consecuencias llegaron esta pasada semana con el lanzamiento de un operativo con redadas en hasta seis Estados de diferentes regiones del pa\u00eds y que se han saldado con la detenci\u00f3n de cientos de indocumentados.<\/p>\n<p dir=\"ltr\" style=\"font-style: inherit\">Trump tambi\u00e9n dedic\u00f3 un mensaje a Stephen Miller, asesor en pol\u00edtica migratoria y que este domingo acudi\u00f3 a varias cadenas de televisi\u00f3n para respaldar el trabajo del presidente. \u201cGran trabajo\u201d, escribi\u00f3 el republicano poco despu\u00e9s de una de sus apariciones. Miller reiter\u00f3 que la Administraci\u00f3n Trump est\u00e1 concentrada en \u201csalvar vidas estadounidenses\u201d y en garantizar la seguridad p\u00fablica. \u201cY no vamos a pedir perd\u00f3n por ello\u201d, declar\u00f3.<\/p>\n<p style=\"font-style: inherit\">\u201c\u00bfQu\u00e9 le dir\u00edas a una persona que perdi\u00f3 a un familiar porque un inmigrante ilegal, que hab\u00eda sido deportado dos veces y condenado por un delito pudo volver a entrar al pa\u00eds porque no se le consideraba una prioridad?\u201d, pregunt\u00f3 Miller ret\u00f3ricamente durante su entrevista. \u201c\u00bfLes dir\u00edas que lo sientes, que tu escala de prioridades no estuvo a la altura?\u201d.<\/p>\n<\/div>\n","protected":false},"excerpt":{"rendered":"<p>El mandatario republicano justifica como una medida de seguridad el operativo que deriv\u00f3 esta semana en la detenci\u00f3n de cientos de indocumentados<\/p>\n","protected":false},"author":5842,"featured_media":0,"comment_status":"open","ping_status":"open","sticky":false,"template":"","format":"standard","meta":{"footnotes":""},"categories":[1],"tags":[],"class_list":["post-470128","post","type-post","status-publish","format-standard","hentry","category-uncategorized"],"_links":{"self":[{"href":"https:\/\/diarioelpopular.com\/index.php\/wp-json\/wp\/v2\/posts\/470128","targetHints":{"allow":["GET"]}}],"collection":[{"href":"https:\/\/diarioelpopular.com\/index.php\/wp-json\/wp\/v2\/posts"}],"about":[{"href":"https:\/\/diarioelpopular.com\/index.php\/wp-json\/wp\/v2\/types\/post"}],"author":[{"embeddable":true,"href":"https:\/\/diarioelpopular.com\/index.php\/wp-json\/wp\/v2\/users\/5842"}],"replies":[{"embeddable":true,"href":"https:\/\/diarioelpopular.com\/index.php\/wp-json\/wp\/v2\/comments?post=470128"}],"version-history":[{"count":2,"href":"https:\/\/diarioelpopular.com\/index.php\/wp-json\/wp\/v2\/posts\/470128\/revisions"}],"predecessor-version":[{"id":470131,"href":"https:\/\/diarioelpopular.com\/index.php\/wp-json\/wp\/v2\/posts\/470128\/revisions\/470131"}],"wp:attachment":[{"href":"https:\/\/diarioelpopular.com\/index.php\/wp-json\/wp\/v2\/media?parent=470128"}],"wp:term":[{"taxonomy":"category","embeddable":true,"href":"https:\/\/diarioelpopular.com\/index.php\/wp-json\/wp\/v2\/categories?post=470128"},{"taxonomy":"post_tag","embeddable":true,"href":"https:\/\/diarioelpopular.com\/index.php\/wp-json\/wp\/v2\/tags?post=470128"}],"curies":[{"name":"wp","href":"https:\/\/api.w.org\/{rel}","templated":true}]}}