{"id":470139,"date":"2017-02-12T17:30:55","date_gmt":"2017-02-12T22:30:55","guid":{"rendered":"http:\/\/diarioelpopular.com\/?p=470139"},"modified":"2017-02-12T17:30:55","modified_gmt":"2017-02-12T22:30:55","slug":"me-llamo-chavela-vargas-no-lo-olviden","status":"publish","type":"post","link":"https:\/\/diarioelpopular.com\/index.php\/2017\/02\/12\/me-llamo-chavela-vargas-no-lo-olviden\/","title":{"rendered":"\u201cMe llamo Chavela Vargas. No lo olviden\u201d"},"content":{"rendered":"<p style=\"color: #444444\">\n<div id=\"attachment_470140\" style=\"width: 570px\" class=\"wp-caption aligncenter\"><a href=\"https:\/\/diarioelpopular.com\/wp-content\/uploads\/2017\/02\/1486811487_982421_1486815487_noticia_normal_recorte1.jpg\"><img loading=\"lazy\" decoding=\"async\" aria-describedby=\"caption-attachment-470140\" class=\"size-large wp-image-470140\" src=\"https:\/\/diarioelpopular.com\/wp-content\/uploads\/2017\/02\/1486811487_982421_1486815487_noticia_normal_recorte1-560x340.jpg\" alt=\"La cantante mexicana Chavela Vargas\" width=\"560\" height=\"340\" \/><\/a><p id=\"caption-attachment-470140\" class=\"wp-caption-text\">La cantante mexicana Chavela Vargas<\/p><\/div>\n<p style=\"color: #444444\"><a style=\"font-style: inherit;color: #016ca2\" href=\"http:\/\/elpais.com\/tag\/chavela_vargas\/a\">Chavela Vargas<\/a>\u00a0tuvo muchas vidas. Todas desaforadas, todas llenas de ansias por su libertad. Algunas m\u00e1s dichosas, unas con m\u00e1s amor, otras con m\u00e1s alcohol. Y en cada una de ellas luch\u00f3 por no traicionarse, por ser quien quer\u00eda ser. Catherine Gund y Daresha Kyi han condensado todas las Vargas posibles en\u00a0<em>Chavela<\/em>, que ayer se estren\u00f3 en Berl\u00edn en la secci\u00f3n Panorama, y que en 90 minutos condensa con \u00e9xito una existencia de 93 a\u00f1os.<\/p>\n<section id=\"sumario_1|foto\" class=\"sumario_foto derecha\" style=\"color: #444444\"><a style=\"font-style: inherit;color: #016ca2\" name=\"sumario_1\"><\/a><\/p>\n<div class=\"sumario__interior\" style=\"font-style: inherit\">\n<figure class=\"foto foto_w360\" style=\"font-style: inherit\"><a class=\"enlace\" style=\"font-style: inherit;color: #016ca2\" title=\"ampliar foto\"><img loading=\"lazy\" decoding=\"async\" style=\"font-style: inherit\" title=\"Frida Kahlo y Chavela Vargas.\" src=\"http:\/\/ep01.epimg.net\/cultura\/imagenes\/2017\/02\/11\/actualidad\/1486811487_982421_1486815758_sumario_normal.jpg\" alt=\"Frida Kahlo y Chavela Vargas.\" width=\"360\" height=\"240\" \/><span class=\"boton_ampliar\">ampliar foto<\/span><\/a><figcaption class=\"foto-pie\" style=\"font-style: inherit;color: #646464\">Frida Kahlo y Chavela Vargas.<\/figcaption><\/figure>\n<div class=\"sumario-texto\" style=\"font-style: inherit\"><\/div>\n<\/div>\n<\/section>\n<p style=\"color: #444444\">Chavela Vargas no naci\u00f3 siendo Chavela ni en M\u00e9xico. Costarricense nacida en San Joaqu\u00edn de Flores en 1919, Mar\u00eda Isabel Anita Carmen de Jes\u00fas Vargas Lizano fue una ni\u00f1a especial, a la que sus padres escond\u00edan cuando ven\u00edan las visitas por su extra\u00f1a manera de ser y de vestir. Cuando el matrimonio se divorcia, ella se va a vivir con sus t\u00edos, y a los 17 a\u00f1os toma una determinaci\u00f3n: irse a M\u00e9xico, comenzar una nueva existencia como Chavela Vargas. El filme mezcla entrevistas con la artista en distintas \u00e9pocas, con declaraciones actuales de quienes la rodearon y la quisieron, y actuaciones y grabaciones hist\u00f3ricas. Por eso Chavela acaba siendo quien cuenta sus propias vivencias, como cuando recuerda c\u00f3mo en aquellos primeros a\u00f1os en M\u00e9xico intent\u00f3 actuar como el resto de las cantantes, con tacones y vestidos con los que se tropezaba en el escenario. Finalmente, acab\u00f3 usando sus m\u00edticos pantalones y ponchos, y as\u00ed la descubri\u00f3 un d\u00eda en un club en la d\u00e9cada de 1940 por la esposa del m\u00edtico compositor y cantante Jos\u00e9 Alfredo Jim\u00e9nez. Su voz era \u00fanica, su forma de moverse en un escenario tambi\u00e9n, y Jos\u00e9 Alfredo entendi\u00f3 que Chavela pose\u00eda una extraordinaria capacidad de canalizar el dolor a trav\u00e9s de su voz, un sentimiento que burbujeaba en todos los temas del compositor.<\/p>\n<p>Aquella uni\u00f3n, perfecta en lo art\u00edstico, tambi\u00e9n fue m\u00edtica en su alcoholismo. Ambos bebieron y bebieron, cayeron al suelo decenas de veces embriagados por miles de litros de tequila. Sin embargo, el talento de Vargas chocaba con el M\u00e9xico tradicional. Nunca lleg\u00f3 a actuar m\u00e1s all\u00e1 de clubes y cabar\u00e9s. Fue pareja de Frida Kahlo. Logr\u00f3 cierta fama en el Acapulco de finales de los a\u00f1os cincuenta, repleto de turistas estadounidenses. Actu\u00f3 en la boda de Elizabeth Taylor y Michael Todd -&#8220;y amanec\u00ed con Ava Gardner&#8221;, apunta-, y tuvo romance con decenas de mujeres, incluidas esposas de jerifaltes del gobierno. Entre ellas, a la novia de Emilio Azc\u00e1rraga, el todopoderoso empresario que vet\u00f3 su carrera musical en compa\u00f1\u00edas de discos. Y s\u00ed, hizo alguna serie de televisi\u00f3n y alguna pel\u00edcula, pero languideci\u00f3. Durante a\u00f1os vivi\u00f3 de la caridad de amigos. Hasta que un d\u00eda se cruza en su camino\u00a0<a style=\"font-style: inherit;color: #016ca2\" href=\"http:\/\/aunamnoticias.blogspot.de\/2015\/12\/alicia-perez-duarte-espiritu-de.html\">la joven abogada Alicia P\u00e9rez Duarte,<\/a>\u00a0con la que inicia una intensa relaci\u00f3n.<\/p>\n<section id=\"sumario_2|foto\" class=\"sumario_foto derecha\"><a style=\"font-style: inherit;color: #016ca2\" name=\"sumario_2\"><\/a><\/p>\n<div class=\"sumario__interior\" style=\"font-style: inherit\">\n<figure class=\"foto foto_w360\" style=\"font-style: inherit\"><img loading=\"lazy\" decoding=\"async\" style=\"font-style: inherit\" title=\"Chavela Vargas y Pedro Almod\u00f3var.\" src=\"http:\/\/ep01.epimg.net\/cultura\/imagenes\/2017\/02\/11\/actualidad\/1486811487_982421_1486815884_sumario_normal.jpg\" alt=\"Chavela Vargas y Pedro Almod\u00f3var.\" width=\"360\" height=\"243\" \/><figcaption class=\"foto-pie\" style=\"font-style: inherit;color: #646464\">Chavela Vargas y Pedro Almod\u00f3var.<\/figcaption><\/figure>\n<div class=\"sumario-texto\" style=\"font-style: inherit\"><\/div>\n<\/div>\n<\/section>\n<p>P\u00e9rez Duarte da muchas claves en<em>Chavela<\/em>\u00a0sobre la cantante. por ejemplo, su capacidad para reinventar hechos de su vida y convertirlos en leyenda. Como su abandono del alcohol. Seg\u00fan la artista, lo lograron unos chamanes. Seg\u00fan P\u00e9rez Duarte, ocurri\u00f3 tras un feo incidente con una pistola que involucr\u00f3 al segundo hijo -entonces de ocho a\u00f1os- de la letrada. La misma cantante dice que Isabel es una persona maravillosa, pero Chavela es un toro complejo de lidiar.<\/p>\n<p>Sobria, Chavela Vargas retoma su carrera. La mayor parte de sus fans pensaba que hab\u00eda muerto, y a finales de los ochenta reaparece actuando en Ciudad de M\u00e9xico. All\u00ed le ve un empresario espa\u00f1ol y en 1993 act\u00faa en la Sala Caracol de Madrid. Comienza su segunda carrera, con la que por primera vez pisar\u00e1 teatros.<a style=\"font-style: inherit;color: #016ca2\" href=\"http:\/\/elpais.com\/tag\/pedro_almodovar\/a\/\">Pedro Almod\u00f3var<\/a>\u00a0se convierte en su amigo y padrino y logra que act\u00fae en el Olympia de Par\u00eds. Y solo entonces es cuando definitivamente M\u00e9xico le abre las puertas y canta en el teatro Bellas Artes.<\/p>\n<section id=\"sumario_3|foto\" class=\"sumario_foto centro\"><a style=\"font-style: inherit;color: #016ca2\" name=\"sumario_3\"><\/a><\/p>\n<div class=\"sumario__interior\" style=\"font-style: inherit\">\n<figure class=\"foto foto_w980\" style=\"font-style: inherit\"><a class=\"enlace\" style=\"font-style: inherit;color: #016ca2\" title=\"ampliar foto\"><img loading=\"lazy\" decoding=\"async\" style=\"font-style: inherit\" title=\"Chavela Vargas, en la segunda parte de su carrera.\" src=\"http:\/\/ep01.epimg.net\/cultura\/imagenes\/2017\/02\/11\/actualidad\/1486811487_982421_1486815996_sumario_normal.jpg\" alt=\"Chavela Vargas, en la segunda parte de su carrera.\" width=\"980\" height=\"655\" \/><span class=\"boton_ampliar\">ampliar foto<\/span><\/a><figcaption class=\"foto-pie\" style=\"font-style: inherit;color: #646464\">Chavela Vargas, en la segunda parte de su carrera.<\/figcaption><\/figure>\n<div class=\"sumario-texto\" style=\"font-style: inherit\"><\/div>\n<\/div>\n<\/section>\n<p>En\u00a0<em>Chavela<\/em>\u00a0se escuchan sus frases rotundas, sus sentencias que resuenan por su voz como bombas: &#8220;Lo supe siempre. No hay nadie que aguante la libertad ajena; a nadie le gusta vivir con una persona libre. Si eres libre, ese es el precio que tienes que pagar: la soledad&#8221;; &#8220;Nadie se muere de amor, ni por falta ni por sobra&#8221;; &#8220;El amor no existe, es un invento de noches de borrachera&#8221;. Tambi\u00e9n se ilustra su soledad, su independencia, su lesbianismo nunca anunciado p\u00fablicamente hasta que cumpli\u00f3 80 a\u00f1os (probablemente porque no hac\u00eda falta; probablemente porque en M\u00e9xico se permite todo en un escenario pero nada en la calla), su liderazgo en la comunidad l\u00e9sbica mexicana&#8230; En Espa\u00f1a hablan de ella Miguel Bos\u00e9, Elena Benarroch o Laura Garc\u00eda-Lorca: su \u00faltimo concierto es en la madrile\u00f1a Residencia de Estudiantes en julio de 2012 y dos d\u00edas despu\u00e9s vuelve r\u00e1pidamente a M\u00e9xico para poder morir all\u00ed, lo que ocurre el 5 de agosto de 2012.<\/p>\n<p>Chavela es un documental excepcional porque en 90 minutos fija la imagen y la vida de la artista sin regatear sus contradicciones, sus dolores (muri\u00f3 a\u00fan rabiosa por la falta de amor de su madre con ella), sus pasiones y su talento. Ayer en Berl\u00edn el aplauso fue merecido.<\/p>\n","protected":false},"excerpt":{"rendered":"<p>Un documental muestra la vida tan salvaje como creadora de la cantante mexicana, una artista que luch\u00f3 por defender su libertad y su opci\u00f3n sexual<\/p>\n","protected":false},"author":5842,"featured_media":0,"comment_status":"open","ping_status":"open","sticky":false,"template":"","format":"standard","meta":{"footnotes":""},"categories":[24],"tags":[],"class_list":["post-470139","post","type-post","status-publish","format-standard","hentry","category-mundo"],"_links":{"self":[{"href":"https:\/\/diarioelpopular.com\/index.php\/wp-json\/wp\/v2\/posts\/470139","targetHints":{"allow":["GET"]}}],"collection":[{"href":"https:\/\/diarioelpopular.com\/index.php\/wp-json\/wp\/v2\/posts"}],"about":[{"href":"https:\/\/diarioelpopular.com\/index.php\/wp-json\/wp\/v2\/types\/post"}],"author":[{"embeddable":true,"href":"https:\/\/diarioelpopular.com\/index.php\/wp-json\/wp\/v2\/users\/5842"}],"replies":[{"embeddable":true,"href":"https:\/\/diarioelpopular.com\/index.php\/wp-json\/wp\/v2\/comments?post=470139"}],"version-history":[{"count":1,"href":"https:\/\/diarioelpopular.com\/index.php\/wp-json\/wp\/v2\/posts\/470139\/revisions"}],"predecessor-version":[{"id":470141,"href":"https:\/\/diarioelpopular.com\/index.php\/wp-json\/wp\/v2\/posts\/470139\/revisions\/470141"}],"wp:attachment":[{"href":"https:\/\/diarioelpopular.com\/index.php\/wp-json\/wp\/v2\/media?parent=470139"}],"wp:term":[{"taxonomy":"category","embeddable":true,"href":"https:\/\/diarioelpopular.com\/index.php\/wp-json\/wp\/v2\/categories?post=470139"},{"taxonomy":"post_tag","embeddable":true,"href":"https:\/\/diarioelpopular.com\/index.php\/wp-json\/wp\/v2\/tags?post=470139"}],"curies":[{"name":"wp","href":"https:\/\/api.w.org\/{rel}","templated":true}]}}