{"id":470148,"date":"2017-02-13T09:04:57","date_gmt":"2017-02-13T14:04:57","guid":{"rendered":"http:\/\/diarioelpopular.com\/?p=470148"},"modified":"2017-02-13T09:05:06","modified_gmt":"2017-02-13T14:05:06","slug":"el-presidente-de-peru-pide-a-trump-que-deporte-a-toledo","status":"publish","type":"post","link":"https:\/\/diarioelpopular.com\/index.php\/2017\/02\/13\/el-presidente-de-peru-pide-a-trump-que-deporte-a-toledo\/","title":{"rendered":"El presidente de Per\u00fa pide a Trump que deporte a Toledo"},"content":{"rendered":"<div id=\"attachment_470149\" style=\"width: 570px\" class=\"wp-caption aligncenter\"><a href=\"https:\/\/diarioelpopular.com\/wp-content\/uploads\/2017\/02\/1486955623_718779_1486977346_noticia_fotograma.jpg\"><img loading=\"lazy\" decoding=\"async\" aria-describedby=\"caption-attachment-470149\" class=\"size-large wp-image-470149\" src=\"https:\/\/diarioelpopular.com\/wp-content\/uploads\/2017\/02\/1486955623_718779_1486977346_noticia_fotograma-560x315.jpg\" alt=\"El expresidente peruano Alejandro Toledo. V\u00eddeo: Comparecencia del presidente de Per\u00fa, Pedro Pablo Kuczynski\" width=\"560\" height=\"315\" \/><\/a><p id=\"caption-attachment-470149\" class=\"wp-caption-text\">El expresidente peruano Alejandro Toledo. V\u00eddeo: Comparecencia del presidente de Per\u00fa, Pedro Pablo Kuczynski<\/p><\/div>\n<p class=\"Poromisin\" style=\"color: #444444\">La enredada situaci\u00f3n judicial del expresidente peruano Alejandro Toledo no hace m\u00e1s que complicarse. Este domingo, el mandatario Pedro Pablo Kuczynski, ha solicitado a su hom\u00f3logo de Estados Unidos, Donald Trump, deportar al\u00a0<a style=\"font-style: inherit;color: #016ca2\" href=\"http:\/\/internacional.elpais.com\/internacional\/2017\/02\/08\/actualidad\/1486547703_321746.html\" target=\"_blank\">pol\u00edtico acusado de corrupci\u00f3n<\/a>.<\/p>\n<p class=\"Poromisin\" style=\"color: #444444\">Denunciado por recibir 20 millones de d\u00f3lares en\u00a0<a style=\"font-style: inherit;color: #016ca2\" href=\"http:\/\/internacional.elpais.com\/internacional\/2017\/02\/08\/actualidad\/1486547703_321746.html\" target=\"_blank\">sobornos de la constructora brasile\u00f1a Odebrecht,<\/a>\u00a0Toledo enfrenta una orden de prisi\u00f3n preventiva de 18 meses en Per\u00fa, acompa\u00f1ada por una notificaci\u00f3n roja de Interpol, activa en 190 pa\u00edses. Este fin de semana fue protagonista de un extra\u00f1o incidente, cuando una fuente an\u00f3nima del Ministerio del Interior revel\u00f3 que planeaba viajar de San Francisco a Israel, para escapar de la justicia de su pa\u00eds.<\/p>\n<div id=\"ds_cpp\" class=\"ds_cpp\" style=\"color: #444444\">\n<div class=\"label\" style=\"font-style: inherit\">\u00a0Los rumores fueron tan persistentes que, ante lo que parec\u00eda la inminente llegada de Toledo,\u00a0<a style=\"font-style: inherit;color: #016ca2\" href=\"http:\/\/internacional.elpais.com\/internacional\/2017\/02\/12\/actualidad\/1486918455_538650.html\" target=\"_blank\">el Gobierno de Israel comunic\u00f3 su decisi\u00f3n de negarle el ingreso a su territorio<\/a>, hasta que resolviera sus asuntos pendientes con la justicia peruana. Aunque el expresidente pr\u00f3fugo finalmente no aterriz\u00f3 en Tel Aviv, esta actitud motiv\u00f3 que el Gobierno de Pedro Pablo Kuczynski enviara una carta de agradecimiento al Primer Ministro Benjam\u00edn Netanyahu.<\/div>\n<\/div>\n<p class=\"Poromisin\" style=\"color: #444444\">Kuczynski tuvo un d\u00eda agitado en el frente exterior. Cerca de las 18:00 horas de Lima, sostuvo una comunicaci\u00f3n telef\u00f3nica con Donald Trump. Seg\u00fan informa una nota de prensa del Ministerio de Relaciones Exteriores, ah\u00ed le solicit\u00f3 que &#8220;en el marco de las competencias que la ley de migraci\u00f3n de ese pa\u00eds brinda al Departamento de Estado, se eval\u00fae la opci\u00f3n de deportar a Alejandro Toledo hacia el Per\u00fa, a fin que sea sometido a la justicia peruana&#8221;.<\/p>\n<p class=\"Poromisin\" style=\"color: #444444\">El comunicado anota que tambi\u00e9n conversaron sobre posibilidades de cooperaci\u00f3n comercial. &#8220;Ambos mandatarios intercambiaron puntos de vista sobre el estado de la relaci\u00f3n bilateral y las amplias posibilidades para profundizarla, sobre la base de las coincidencias en temas tales como la defensa de los principios democr\u00e1ticos y la lucha contra la corrupci\u00f3n&#8221;.<\/p>\n<p class=\"Poromisin\" style=\"color: #444444\">A las 20:30,\u00a0<span style=\"font-style: inherit\">Kuczynski<\/span>\u00a0compareci\u00f3 en un mensaje televisado en se\u00f1al nacional. Ah\u00ed explic\u00f3 las acciones que su gobierno hab\u00eda tomado para enfrentar la corrupci\u00f3n, a ra\u00edz del\u00a0<a style=\"font-style: inherit;color: #016ca2\" href=\"http:\/\/internacional.elpais.com\/internacional\/2017\/02\/08\/america\/1486577313_522029.html\" target=\"_blank\">caso Odebrecht.<\/a>\u00a0Hacia el final de su presentaci\u00f3n se refiri\u00f3 a la situaci\u00f3n de Toledo, en cuyo Gobierno fue ministro de Econom\u00eda y presidente del Consejo de Ministros.<\/p>\n<p class=\"Poromisin\" style=\"color: #444444\">Precis\u00f3 que se ha hecho una modificaci\u00f3n a la ley, que impedir\u00e1 que las empresas condenadas por corrupci\u00f3n vuelvan a contratar con el Estado. \u00c9stas quedar\u00e1n prohibidas de transferir sus recursos fuera, sin antes cumplir con el \u00edntegro de sus obligaciones en Per\u00fa. Tambi\u00e9n dijo que los funcionarios<a style=\"font-style: inherit;color: #016ca2\" href=\"http:\/\/internacional.elpais.com\/internacional\/2017\/02\/08\/actualidad\/1486547703_321746.html\" target=\"_blank\">involucrados en estas actividades irregulares<\/a>\u00a0ser\u00e1n sometidos a la llamada \u00abmuerte civil\u00bb, y no podr\u00e1n volver a trabajar para el Estado. Asimismo, que de ahora en adelante todos los contratos de concesi\u00f3n peruanos incorporar\u00e1n una cl\u00e1usula anticorrupci\u00f3n. Finalmente, que se ha creado un sistema de recompensas, para aquellos funcionarios y ciudadanos honestos que decidan denunciar actos de corrupci\u00f3n.<\/p>\n<p class=\"Poromisin\" style=\"color: #444444\">&#8220;En relaci\u00f3n al caso del\u00a0<a style=\"font-style: inherit;color: #016ca2\" href=\"http:\/\/internacional.elpais.com\/internacional\/2017\/02\/10\/america\/1486697025_525051.html\" target=\"_blank\">expresidente Alejandro Toledo<\/a>, hemos tomado todas las acciones que la ley nos permite a nivel nacional y en jurisdicciones internacionales como Estados Unidos y otros pa\u00edses para lograr que regrese a aclarar su situaci\u00f3n frente a la justicia peruana&#8221;, manifest\u00f3.<\/p>\n<section id=\"sumario_1|despiece\" class=\"sumario_despiece centro\" style=\"color: #444444\"><a style=\"font-style: inherit;color: #016ca2\" name=\"sumario_1\"><\/a><\/p>\n<div class=\"sumario__interior\" style=\"font-style: inherit\">\n<header class=\"sumario-encabezado\" style=\"font-style: inherit\">\n<h4 class=\"sumario-titulo\" style=\"font-style: inherit;color: #111111\"><span class=\"sin_enlace\" style=\"font-weight: inherit;font-style: inherit\">UN &#8220;GRINGO&#8221; EN EL PALACIO DE PIZARRO<\/span><\/h4>\n<\/header>\n<div class=\"sumario-texto\" style=\"font-style: inherit\">\n<p class=\"Poromisin\" style=\"font-style: inherit\">Aunque vivi\u00f3 buena parte de su infancia en la Amazon\u00eda peruana \u2014su padre fue un m\u00e9dico de origen polaco, que dirigi\u00f3 el leprosario de San Pablo, en plena selva oriental\u2014, a Pedro Pablo Kuczynski (PPK) le dicen \u00abgringo\u00bb, por su estrechos v\u00ednculos con los Estados Unidos.<\/p>\n<p class=\"Poromisin\" style=\"font-style: inherit\">Estudi\u00f3 en el Markham College de Lima y complement\u00f3 su educaci\u00f3n en el Rossall School de Lancashire. Luego se especializ\u00f3 en composici\u00f3n, piano y flauta en el Royal College of Music de Londres. Posteriormente, en 1961, realiz\u00f3 una maestr\u00eda en econom\u00eda en la Escuela Woodrow Wilson de la Universidad de Princeton. (El di\u00e1logo que sostuvo con Trump estaba programado originalmente para el pasado jueves, pero al final se posterg\u00f3. PPK ser\u00e1 condecorado en Princeton el pr\u00f3ximo domingo 25 de febrero, y el Presidente de los Estados Unidos pensaba aprovechar la visita para llevar a cabo actos protocolares.)<\/p>\n<p class=\"Poromisin\" style=\"font-style: inherit\">Kuczynski volvi\u00f3 al Per\u00fa en 1966, para trabajar con el Presidente Fernando Belaunde como director del Banco Central de Reserva. Tuvo que huir del Per\u00fa a ra\u00edz del golpe de Estado que el general Juan Velasco Alvarado dio en 1968. Entonces enfrent\u00f3 acusaciones de corrupci\u00f3n, de las que la justicia lo terminar\u00eda absolviendo.<\/p>\n<p class=\"Poromisin\" style=\"font-style: inherit\">PPK se refugi\u00f3 en los Estados Unidos, lo que, seg\u00fan dice Mario Vargas Llosa en su libro de memorias \u00abEl pez en el agua\u00bb: \u00able permiti\u00f3 pasar de modesto funcionario del Banco Central de Reserva del Per\u00fa a ejecutivo del First Boston de Nueva York (\u2026). En los \u00faltimos a\u00f1os viajaba por el mundo entero \u2014el siempre precisaba que en aviones privados, y, si no hab\u00eda m\u00e1s remedio, en el Concorde\u2014 privatizando empresas y asesorando a gobiernos de todas las ideolog\u00edas y geograf\u00edas que quer\u00edan saber qu\u00e9 era una econom\u00eda de mercado y qu\u00e9 pasos dar para llegar a ella\u00bb.<\/p>\n<p class=\"Poromisin\" style=\"font-style: inherit\">La primera esposa de Kuczynski fue Jane Dudley Casey \u2014hija de Joseph Edward Casey, quien fuera miembro de la C\u00e1mara de Representantes por Massachusetts\u2014. En aquel matrimonio tuvo tres hijos, antes de divorciarse en 1995. Dos a\u00f1os m\u00e1s tarde se cas\u00f3 con Nancy Ann Lange \u2014tambi\u00e9n estadounidense, prima de la actriz Jessica Lange\u2014, con quien tiene una hija de 18 a\u00f1os.<\/p>\n<\/div>\n<\/div>\n<\/section>\n<p class=\"Poromisin\" style=\"color: #444444\"><span style=\"font-style: inherit\">Conocidos estos hechos, el expresidente Toledo se decidi\u00f3 a responder. A trav\u00e9s de su cuenta de Twitter public\u00f3 un comunicado titulado: &#8220;No al linchamiento pol\u00edtico, s\u00ed a la justicia justa&#8221;. En la misiva expone que no es fugitivo, pues cuando sali\u00f3 del Per\u00fa no hab\u00eda cargos por corrupci\u00f3n en su contra. &#8220;El juzgado en Lima no solicit\u00f3 mi testimonio para ayudar con su investigaci\u00f3n. Al contrario, me acus\u00f3 directamente de delitos que no he cometido y que el juzgado no puede comprobar. (\u2026) Todos los peruanos tenemos derecho a la presunci\u00f3n de la inocencia y el debido proceso dentro de la ley sin distinci\u00f3n del color de la piel, del color pol\u00edtico o de g\u00e9nero&#8221;, afirm\u00f3.<\/span><\/p>\n","protected":false},"excerpt":{"rendered":"<p>El pol\u00edtico es se\u00f1alado de haber cobrado 20 millones de d\u00f3lares en comisiones de la empresa brasile\u00f1a Odebrecht<\/p>\n","protected":false},"author":5842,"featured_media":0,"comment_status":"open","ping_status":"open","sticky":false,"template":"","format":"standard","meta":{"footnotes":""},"categories":[23,24],"tags":[],"class_list":["post-470148","post","type-post","status-publish","format-standard","hentry","category-latinoamerica","category-mundo"],"_links":{"self":[{"href":"https:\/\/diarioelpopular.com\/index.php\/wp-json\/wp\/v2\/posts\/470148","targetHints":{"allow":["GET"]}}],"collection":[{"href":"https:\/\/diarioelpopular.com\/index.php\/wp-json\/wp\/v2\/posts"}],"about":[{"href":"https:\/\/diarioelpopular.com\/index.php\/wp-json\/wp\/v2\/types\/post"}],"author":[{"embeddable":true,"href":"https:\/\/diarioelpopular.com\/index.php\/wp-json\/wp\/v2\/users\/5842"}],"replies":[{"embeddable":true,"href":"https:\/\/diarioelpopular.com\/index.php\/wp-json\/wp\/v2\/comments?post=470148"}],"version-history":[{"count":1,"href":"https:\/\/diarioelpopular.com\/index.php\/wp-json\/wp\/v2\/posts\/470148\/revisions"}],"predecessor-version":[{"id":470150,"href":"https:\/\/diarioelpopular.com\/index.php\/wp-json\/wp\/v2\/posts\/470148\/revisions\/470150"}],"wp:attachment":[{"href":"https:\/\/diarioelpopular.com\/index.php\/wp-json\/wp\/v2\/media?parent=470148"}],"wp:term":[{"taxonomy":"category","embeddable":true,"href":"https:\/\/diarioelpopular.com\/index.php\/wp-json\/wp\/v2\/categories?post=470148"},{"taxonomy":"post_tag","embeddable":true,"href":"https:\/\/diarioelpopular.com\/index.php\/wp-json\/wp\/v2\/tags?post=470148"}],"curies":[{"name":"wp","href":"https:\/\/api.w.org\/{rel}","templated":true}]}}