{"id":470191,"date":"2017-02-15T21:54:39","date_gmt":"2017-02-16T02:54:39","guid":{"rendered":"http:\/\/diarioelpopular.com\/?p=470191"},"modified":"2017-02-15T21:54:46","modified_gmt":"2017-02-16T02:54:46","slug":"trump-pide-la-liberacion-inmediata-de-leopoldo-lopez","status":"publish","type":"post","link":"https:\/\/diarioelpopular.com\/index.php\/2017\/02\/15\/trump-pide-la-liberacion-inmediata-de-leopoldo-lopez\/","title":{"rendered":"Trump pide la liberaci\u00f3n \u201cinmediata\u201d de Leopoldo L\u00f3pez"},"content":{"rendered":"<div id=\"attachment_470192\" style=\"width: 570px\" class=\"wp-caption aligncenter\"><a href=\"https:\/\/diarioelpopular.com\/wp-content\/uploads\/2017\/02\/1487209352_150796_1487211402_noticia_normal_recorte1.jpg\"><img loading=\"lazy\" decoding=\"async\" aria-describedby=\"caption-attachment-470192\" class=\"size-large wp-image-470192\" src=\"https:\/\/diarioelpopular.com\/wp-content\/uploads\/2017\/02\/1487209352_150796_1487211402_noticia_normal_recorte1-560x395.jpg\" alt=\"Donald Trump, Lilian Tintori, Mike Pence y Marco Rubio.\" width=\"560\" height=\"395\" \/><\/a><p id=\"caption-attachment-470192\" class=\"wp-caption-text\">Donald Trump, Lilian Tintori, Mike Pence y Marco Rubio.<\/p><\/div>\n<p style=\"color: #444444\">Venezuela no logra salir del radar de la Casa Blanca, pese al cambio de mando en la c\u00fapula estadounidense. Dos d\u00edas despu\u00e9s de que la Administraci\u00f3n de Donald Trump\u00a0<a style=\"font-style: inherit;color: #016ca2\" href=\"http:\/\/internacional.elpais.com\/internacional\/2017\/02\/13\/estados_unidos\/1487025972_977482.html\">incluyera al vicepresidente, Tareck El Aissami, en su lista negra de narcotraficantes,<\/a>\u00a0ha sido el propio presidente el que le ha propinado un nuevo golpe al Gobierno de Nicol\u00e1s Maduro al reclamar, este mi\u00e9rcoles, la liberaci\u00f3n \u201cinmediata\u201d del l\u00edder opositor preso\u00a0<a style=\"font-style: inherit;color: #016ca2\" href=\"http:\/\/elpais.com\/tag\/leopoldo_lopez_mendoza\/a\/\">Leopoldo L\u00f3pez.<\/a>\u00a0El republicano ha acompa\u00f1ado su reclamo, en Twitter, con una foto de su encuentro, en el Despacho Oval, con Lilian Tintori, la esposa del \u201cpreso pol\u00edtico\u201d, como ha definido Trump a L\u00f3pez, al igual que lo hac\u00eda su predecesor dem\u00f3crata, Barack Obama.<\/p>\n<section id=\"sumario_1|html\" class=\"sumario_html centro\" style=\"color: #444444\">\n<div class=\"sumario__interior\" style=\"font-style: inherit\">\n<div class=\"sumario-texto\" style=\"font-style: inherit\">\n<div class=\"SandboxRoot env-bp-350\" style=\"color: #1c2022\">\n<div id=\"twitter-widget-0\" class=\"EmbeddedTweet EmbeddedTweet--mediaForward media-forward js-clickToOpenTarget js-tweetIdInfo\" lang=\"es\">\n<div class=\"EmbeddedTweet-tweet\">\n<blockquote class=\"Tweet h-entry js-tweetIdInfo subject expanded&lt;br \/&gt; \n<p>                    is-deciderHtmlWhitespace\" cite=\"https:\/\/twitter.com\/realDonaldTrump\/status\/832016501657968640\"><\/p>\n<div class=\"Tweet-header u-cf\">\n<div class=\"TweetAuthor \"><a class=\"TweetAuthor-link Identity u-linkBlend\" style=\"color: inherit\" href=\"https:\/\/twitter.com\/realDonaldTrump\"><span class=\"TweetAuthor-avatar Identity-avatar\"><img decoding=\"async\" class=\"Avatar\" src=\"https:\/\/pbs.twimg.com\/profile_images\/1980294624\/DJT_Headshot_V2_normal.jpg\" alt=\"\" \/><\/span><span class=\"TweetAuthor-name Identity-name customisable-highlight\" style=\"font-weight: bold\" title=\"Donald J. Trump\">Donald J. Trump<\/span>\u00a0<\/a><\/p>\n<div class=\"Icon Icon--verified \" title=\"Cuenta verificada\"><\/div>\n<p><a class=\"TweetAuthor-link Identity u-linkBlend\" style=\"color: inherit\" href=\"https:\/\/twitter.com\/realDonaldTrump\"><span class=\"TweetAuthor-verifiedBadge\"><span class=\"u-hiddenVisually\">\u2714<\/span><\/span><span class=\"TweetAuthor-screenName Identity-screenName\" dir=\"ltr\" style=\"color: #697882\" title=\"@realDonaldTrump\">@realDonaldTrump<\/span><\/a><\/p>\n<\/div>\n<\/div>\n<div class=\"Tweet-body e-entry-content\">\n<p class=\"Tweet-text e-entry-title\" dir=\"ltr\" lang=\"en\">Venezuela should allow Leopoldo Lopez, a political prisoner &amp; husband of\u00a0<a class=\"PrettyLink profile customisable h-card\" style=\"color: #2b7bb9\" href=\"https:\/\/twitter.com\/liliantintori\"><span class=\"PrettyLink-prefix\">@<\/span><span class=\"PrettyLink-value\">liliantintori<\/span><\/a>\u00a0(just met w\/\u00a0<a class=\"PrettyLink profile customisable h-card\" style=\"color: #2b7bb9\" href=\"https:\/\/twitter.com\/marcorubio\"><span class=\"PrettyLink-prefix\">@<\/span><span class=\"PrettyLink-value\">marcorubio<\/span><\/a>) out of prison immediately.<\/p>\n<div class=\"Tweet-metadata dateline\" style=\"color: #697882\"><a class=\"u-linkBlend u-url customisable-highlight long-permalink\" style=\"color: inherit\" href=\"https:\/\/twitter.com\/realDonaldTrump\/status\/832016501657968640\">18:59 &#8211; 15 feb 2017<\/a><\/div>\n<ul class=\"Tweet-actions\">\n<li class=\"Tweet-action\"><\/li>\n<li class=\"Tweet-action\">\n<div class=\"Icon Icon--retweet TweetAction-icon\" title=\"Retwittear\"><\/div>\n<p><a class=\"TweetAction TweetAction--retweet web-intent\" style=\"color: #697882\" href=\"https:\/\/twitter.com\/intent\/retweet?tweet_id=832016501657968640\">\u00a0<span class=\"TweetAction-stat\">27.526<\/span><span class=\"u-hiddenVisually\">27.526 Retweets<\/span><\/a><\/li>\n<li class=\"Tweet-action\">\n<div class=\"Icon Icon--heart TweetAction-icon\" title=\"Me gusta\"><\/div>\n<p><a class=\"TweetAction TweetAction--heart web-intent\" style=\"color: #697882\" href=\"https:\/\/twitter.com\/intent\/like?tweet_id=832016501657968640\">\u00a0<span class=\"TweetAction-stat\">43.272<\/span><span class=\"u-hiddenVisually\">43.272 me gusta<\/span><\/a><\/li>\n<\/ul>\n<\/div>\n<\/blockquote>\n<\/div>\n<\/div>\n<div class=\"resize-sensor\"><\/div>\n<\/div>\n<\/div>\n<\/div>\n<\/section>\n<p style=\"color: #444444\">\u201cVenezuela deber\u00eda permitirle a Leopoldo L\u00f3pez, un prisionero pol\u00edtico y esposo de Lilian Tintori, salir de prisi\u00f3n de forma inmediata\u201d, ha tuiteado el presidente estadounidense. Adem\u00e1s de Trump y Tintori, en la foto posan el vicepresidente, Mike Pence, y el senador republicano Marco Rubio.<\/p>\n<p style=\"color: #444444\">La presencia del excandidato presidencial en la Casa Blanca era la \u00fanica anunciada de forma oficial, ya que ambos ten\u00edan previsto cenar este mi\u00e9rcoles. El senador por Florida es uno de los m\u00e1s ac\u00e9rrimos oponentes del Gobierno en Caracas en Washington.\u00a0<a style=\"font-style: inherit;color: #016ca2\" href=\"http:\/\/internacional.elpais.com\/internacional\/2014\/12\/11\/actualidad\/1418255647_070796.html\">Rubio es el coautor de la ley que permiti\u00f3, hace dos a\u00f1os, la primera tanda de sanciones contra altos funcionarios del Gobierno de Maduro<\/a>. La semana pasada, Rubio firm\u00f3 una carta junto a otros 33 legisladores en la que\u00a0<a style=\"font-style: inherit;color: #016ca2\" href=\"https:\/\/www.menendez.senate.gov\/imo\/media\/doc\/Ros-Lehtinen-and-Menendez%20-Letter-to-White-House-02.08.2017.pdf\" target=\"_blank\">le ped\u00edan a Trump nuevas sanciones contra funcionarios venezolanos<\/a>\u201cresponsables de violaciones de derechos humanos y de corrupci\u00f3n\u201d y una investigaci\u00f3n exhaustiva de El Aissami, ahora castigado por Washington.<\/p>\n<p style=\"color: #444444\">Desde la condena de L\u00f3pez a 14 a\u00f1os de c\u00e1rcel acusado de haber incitado las manifestaciones contra el Gobierno de Maduro que se saldaron con m\u00e1s de 40 muertos en 2014, Tintori ha sido una asidua en la capital estadounidense. Ah\u00ed lleg\u00f3 esta semana otra vez para denunciar en el Senado la crisis pol\u00edtico-econ\u00f3mica que vive su pa\u00eds. En rueda de prensa el martes, la esposa de L\u00f3pez tambi\u00e9n inst\u00f3 a Trump a que \u201chaga algo en acciones y no solo en palabras\u201d con respecto a Venezuela.<\/p>\n<p style=\"color: #444444\">\u201cSi el Gobierno de Estados Unidos es democr\u00e1tico, tiene que pedir que se cumplan la ley y los derechos humanos en Venezuela, y tiene que presionar por la liberaci\u00f3n de los prisioneros pol\u00edticos\u201d, sostuvo Tintori, advirtiendo de que si no ser\u00e1n \u201cc\u00f3mplices\u201d de Caracas, informa Efe.<\/p>\n<p style=\"color: #444444\">Tras su reuni\u00f3n con Trump y Pence, Tintori llam\u00f3 a salir a las calles este s\u00e1bado, cuando se cumplen tres a\u00f1os del encarcelamiento de su marido, y asegur\u00f3 que el presidente y vicepresidente estadounidenses \u201cmostraron su preocupaci\u00f3n por la justicia y la tortura a la que han sometido a Leopoldo\u201d.<\/p>\n<section id=\"sumario_2|html\" class=\"sumario_html centro\" style=\"color: #444444\"><a style=\"font-style: inherit;color: #016ca2\" name=\"sumario_2\"><\/a><\/p>\n<div class=\"sumario__interior\" style=\"font-style: inherit\">\n<div class=\"sumario-texto\" style=\"font-style: inherit\">\n<div class=\"SandboxRoot env-bp-350\" style=\"color: #1c2022\">\n<div id=\"twitter-widget-1\" class=\"EmbeddedTweet js-clickToOpenTarget\" lang=\"es\">\n<div class=\"EmbeddedTweet-tweet\">\n<blockquote class=\"Tweet h-entry js-tweetIdInfo subject expanded&lt;br \/&gt; \n<p>                    is-deciderHtmlWhitespace\" cite=\"https:\/\/twitter.com\/liliantintori\/status\/832034317425573888\"><\/p>\n<div class=\"Tweet-header u-cf\">\n<div class=\"Tweet-brand u-floatRight\"><span class=\"u-hiddenInNarrowEnv\"><a class=\"FollowButton follow-button profile\" style=\"font-weight: bold;color: #55acee\" title=\"Seguir a Lilian Tintori en Twitter\" href=\"https:\/\/twitter.com\/liliantintori\">\u00a0Seguir<\/a><\/span><\/div>\n<div class=\"TweetAuthor \"><a class=\"TweetAuthor-link Identity u-linkBlend\" style=\"color: inherit\" href=\"https:\/\/twitter.com\/liliantintori\"><span class=\"TweetAuthor-avatar Identity-avatar\"><img decoding=\"async\" class=\"Avatar\" src=\"https:\/\/pbs.twimg.com\/profile_images\/435921293662486528\/_4zxZJXE_normal.jpeg\" alt=\"\" \/><\/span><span class=\"TweetAuthor-name Identity-name customisable-highlight\" style=\"font-weight: bold\" title=\"Lilian Tintori\">Lilian Tintori<\/span>\u00a0<\/a><\/p>\n<div class=\"Icon Icon--verified \" title=\"Cuenta verificada\"><\/div>\n<p><a class=\"TweetAuthor-link Identity u-linkBlend\" style=\"color: inherit\" href=\"https:\/\/twitter.com\/liliantintori\"><span class=\"TweetAuthor-verifiedBadge\"><span class=\"u-hiddenVisually\">\u2714<\/span><\/span><span class=\"TweetAuthor-screenName Identity-screenName\" dir=\"ltr\" style=\"color: #697882\" title=\"@liliantintori\">@liliantintori<\/span><\/a><\/p>\n<\/div>\n<\/div>\n<div class=\"Tweet-body e-entry-content\">\n<p class=\"Tweet-text e-entry-title\" dir=\"ltr\" lang=\"es\">Mostraron su preocupaci\u00f3n por la injusticia y la tortura a la que han sometido a Leopoldo, quien este\u00a0<a class=\"PrettyLink hashtag customisable\" style=\"color: #2b7bb9\" href=\"https:\/\/twitter.com\/hashtag\/18F?src=hash\" rel=\"tag\"><span class=\"PrettyLink-prefix\">#<\/span><span class=\"PrettyLink-value\">18F<\/span><\/a>\u00a0cumple 3 a\u00f1os injustamente preso.<\/p>\n<div class=\"Tweet-metadata dateline\" style=\"color: #697882\"><a class=\"u-linkBlend u-url customisable-highlight long-permalink\" style=\"color: inherit\" href=\"https:\/\/twitter.com\/liliantintori\/status\/832034317425573888\">20:10 &#8211; 15 feb 2017<\/a><\/div>\n<ul class=\"Tweet-actions\">\n<li class=\"Tweet-action\"><\/li>\n<li class=\"Tweet-action\">\n<div class=\"Icon Icon--retweet TweetAction-icon\" title=\"Retwittear\"><\/div>\n<p><a class=\"TweetAction TweetAction--retweet web-intent\" style=\"color: #697882\" href=\"https:\/\/twitter.com\/intent\/retweet?tweet_id=832034317425573888\">\u00a0<span class=\"TweetAction-stat\">1.494<\/span><span class=\"u-hiddenVisually\">1.494 Retweets<\/span><\/a><\/li>\n<li class=\"Tweet-action\">\n<div class=\"Icon Icon--heart TweetAction-icon\" title=\"Me gusta\"><\/div>\n<p><a class=\"TweetAction TweetAction--heart web-intent\" style=\"color: #697882\" href=\"https:\/\/twitter.com\/intent\/like?tweet_id=832034317425573888\">\u00a0<span class=\"TweetAction-stat\">741<\/span><span class=\"u-hiddenVisually\">741 me gusta<\/span><\/a><\/li>\n<\/ul>\n<\/div>\n<\/blockquote>\n<\/div>\n<\/div>\n<div class=\"resize-sensor\"><\/div>\n<\/div>\n<\/div>\n<\/div>\n<\/section>\n<p style=\"color: #444444\">Adem\u00e1s, cont\u00f3 en una serie de tuits, le explic\u00f3 al nuevo inquilino de la Casa Blanca c\u00f3mo \u201cen Venezuela la dictadura viola los derechos humanos y mantiene a 109 presos pol\u00edticos tras las rejas\u201d, adem\u00e1s de dejar al pueblo venezolano \u201csin comida ni medicinas\u201d.<\/p>\n<section id=\"sumario_3|html\" class=\"sumario_html centro\" style=\"color: #444444\"><a style=\"font-style: inherit;color: #016ca2\" name=\"sumario_3\"><\/a><\/p>\n<div class=\"sumario__interior\" style=\"font-style: inherit\">\n<div class=\"sumario-texto\" style=\"font-style: inherit\">\n<div class=\"SandboxRoot env-bp-350\" style=\"color: #1c2022\">\n<div id=\"twitter-widget-2\" class=\"EmbeddedTweet js-clickToOpenTarget\" lang=\"es\">\n<div class=\"EmbeddedTweet-tweet\">\n<blockquote class=\"Tweet h-entry js-tweetIdInfo subject expanded&lt;br \/&gt; \n<p>                    is-deciderHtmlWhitespace\" cite=\"https:\/\/twitter.com\/liliantintori\/status\/832032041298436096\"><\/p>\n<div class=\"Tweet-header u-cf\">\n<div class=\"Tweet-brand u-floatRight\"><span class=\"u-hiddenInNarrowEnv\"><a class=\"FollowButton follow-button profile\" style=\"font-weight: bold;color: #55acee\" title=\"Seguir a Lilian Tintori en Twitter\" href=\"https:\/\/twitter.com\/liliantintori\">\u00a0Seguir<\/a><\/span><\/div>\n<div class=\"TweetAuthor \"><a class=\"TweetAuthor-link Identity u-linkBlend\" style=\"color: inherit\" href=\"https:\/\/twitter.com\/liliantintori\"><span class=\"TweetAuthor-avatar Identity-avatar\"><img decoding=\"async\" class=\"Avatar\" src=\"https:\/\/pbs.twimg.com\/profile_images\/435921293662486528\/_4zxZJXE_normal.jpeg\" alt=\"\" \/><\/span><span class=\"TweetAuthor-name Identity-name customisable-highlight\" style=\"font-weight: bold\" title=\"Lilian Tintori\">Lilian Tintori<\/span>\u00a0<\/a><\/p>\n<div class=\"Icon Icon--verified \" title=\"Cuenta verificada\"><\/div>\n<p><a class=\"TweetAuthor-link Identity u-linkBlend\" style=\"color: inherit\" href=\"https:\/\/twitter.com\/liliantintori\"><span class=\"TweetAuthor-verifiedBadge\"><span class=\"u-hiddenVisually\">\u2714<\/span><\/span><span class=\"TweetAuthor-screenName Identity-screenName\" dir=\"ltr\" style=\"color: #697882\" title=\"@liliantintori\">@liliantintori<\/span><\/a><\/p>\n<\/div>\n<\/div>\n<div class=\"Tweet-body e-entry-content\">\n<p class=\"Tweet-text e-entry-title\" dir=\"ltr\" lang=\"es\">En la reuni\u00f3n les expliqu\u00e9 que en Venezuela hay una dictadura que tiene a su pueblo sin comida ni medicinas.<\/p>\n<div class=\"Tweet-metadata dateline\" style=\"color: #697882\"><a class=\"u-linkBlend u-url customisable-highlight long-permalink\" style=\"color: inherit\" href=\"https:\/\/twitter.com\/liliantintori\/status\/832032041298436096\">20:01 &#8211; 15 feb 2017<\/a><\/div>\n<ul class=\"Tweet-actions\">\n<li class=\"Tweet-action\"><\/li>\n<li class=\"Tweet-action\">\n<div class=\"Icon Icon--retweet TweetAction-icon\" title=\"Retwittear\"><\/div>\n<p><a class=\"TweetAction TweetAction--retweet web-intent\" style=\"color: #697882\" href=\"https:\/\/twitter.com\/intent\/retweet?tweet_id=832032041298436096\">\u00a0<span class=\"TweetAction-stat\">2.326<\/span><span class=\"u-hiddenVisually\">2.326 Retweets<\/span><\/a><\/li>\n<li class=\"Tweet-action\">\n<div class=\"Icon Icon--heart TweetAction-icon\" title=\"Me gusta\"><\/div>\n<p><a class=\"TweetAction TweetAction--heart web-intent\" style=\"color: #697882\" href=\"https:\/\/twitter.com\/intent\/like?tweet_id=832032041298436096\">\u00a0<span class=\"TweetAction-stat\">1.269<\/span><span class=\"u-hiddenVisually\">1.269 me gusta<\/span><\/a><\/li>\n<\/ul>\n<\/div>\n<\/blockquote>\n<\/div>\n<\/div>\n<div class=\"resize-sensor\"><\/div>\n<\/div>\n<\/div>\n<\/div>\n<\/section>\n<p style=\"color: #444444\"><a style=\"font-style: inherit;color: #016ca2\" href=\"http:\/\/internacional.elpais.com\/internacional\/2017\/01\/13\/estados_unidos\/1484347995_286168.html\">Trump ha mostrado desde antes de asumir la presidencia un inter\u00e9s especial por Venezuela<\/a>. Pregunt\u00f3 espec\u00edficamente por Leopoldo L\u00f3pez y otro de los presos pol\u00edticos, Antonio Ledezma, cuando, a mediados de enero, recibi\u00f3 en Nueva York a varios expertos latinoamericanos. Adem\u00e1s, Trump sac\u00f3 a relucir su \u201cpreocupaci\u00f3n\u201d por \u201cla situaci\u00f3n de Venezuela\u201d en sus conversaciones telef\u00f3nicas el pasado fin de semana con los presidentes Juan Manuel Santos de Colombia y Pedro Pablo Kuczynski de Per\u00fa.<\/p>\n","protected":false},"excerpt":{"rendered":"<p>El presidente estadounidense recibe en la Casa Blanca a la esposa del preso pol\u00edtico venezolano<\/p>\n","protected":false},"author":5842,"featured_media":0,"comment_status":"open","ping_status":"open","sticky":false,"template":"","format":"standard","meta":{"footnotes":""},"categories":[23,24],"tags":[],"class_list":["post-470191","post","type-post","status-publish","format-standard","hentry","category-latinoamerica","category-mundo"],"_links":{"self":[{"href":"https:\/\/diarioelpopular.com\/index.php\/wp-json\/wp\/v2\/posts\/470191","targetHints":{"allow":["GET"]}}],"collection":[{"href":"https:\/\/diarioelpopular.com\/index.php\/wp-json\/wp\/v2\/posts"}],"about":[{"href":"https:\/\/diarioelpopular.com\/index.php\/wp-json\/wp\/v2\/types\/post"}],"author":[{"embeddable":true,"href":"https:\/\/diarioelpopular.com\/index.php\/wp-json\/wp\/v2\/users\/5842"}],"replies":[{"embeddable":true,"href":"https:\/\/diarioelpopular.com\/index.php\/wp-json\/wp\/v2\/comments?post=470191"}],"version-history":[{"count":2,"href":"https:\/\/diarioelpopular.com\/index.php\/wp-json\/wp\/v2\/posts\/470191\/revisions"}],"predecessor-version":[{"id":470194,"href":"https:\/\/diarioelpopular.com\/index.php\/wp-json\/wp\/v2\/posts\/470191\/revisions\/470194"}],"wp:attachment":[{"href":"https:\/\/diarioelpopular.com\/index.php\/wp-json\/wp\/v2\/media?parent=470191"}],"wp:term":[{"taxonomy":"category","embeddable":true,"href":"https:\/\/diarioelpopular.com\/index.php\/wp-json\/wp\/v2\/categories?post=470191"},{"taxonomy":"post_tag","embeddable":true,"href":"https:\/\/diarioelpopular.com\/index.php\/wp-json\/wp\/v2\/tags?post=470191"}],"curies":[{"name":"wp","href":"https:\/\/api.w.org\/{rel}","templated":true}]}}