{"id":470231,"date":"2017-02-16T20:02:01","date_gmt":"2017-02-17T01:02:01","guid":{"rendered":"http:\/\/diarioelpopular.com\/?p=470231"},"modified":"2017-02-16T20:02:11","modified_gmt":"2017-02-17T01:02:11","slug":"trump-acusa-a-los-medios-de-estar-fuera-de-control-y-ser-deshonestos","status":"publish","type":"post","link":"https:\/\/diarioelpopular.com\/index.php\/2017\/02\/16\/trump-acusa-a-los-medios-de-estar-fuera-de-control-y-ser-deshonestos\/","title":{"rendered":"Trump acusa a los medios de estar \u201cfuera de control\u201d y ser deshonestos"},"content":{"rendered":"<p style=\"color: #444444\"><a href=\"https:\/\/diarioelpopular.com\/wp-content\/uploads\/2017\/02\/1487275932_876435_71527700_fotograma_2.jpg\"><img loading=\"lazy\" decoding=\"async\" class=\"aligncenter size-large wp-image-470232\" src=\"https:\/\/diarioelpopular.com\/wp-content\/uploads\/2017\/02\/1487275932_876435_71527700_fotograma_2-560x314.jpg\" alt=\"1487275932_876435_71527700_fotograma_2\" width=\"560\" height=\"314\" \/><\/a>Le odian. Hablan mal de \u00e9l. Falsean los hechos. Le implican en sucias tramas con Rusia. Filtran mentiras y las presentan como grandes revelaciones.\u00a0<a style=\"font-style: inherit;color: #016ca2\" href=\"http:\/\/elpais.com\/tag\/donald_trump\/a\">Donald Trump<\/a>\u00a0es una v\u00edctima. Un presidente decidido a sacar adelante el desastre que hered\u00f3, pero que se enfrenta a diario a una prensa desagradecida y prejuiciada. A medios \u201cfuera de control\u201d y que sintonizan con la falsedad cuando hablan de \u00e9l. As\u00ed se ve a s\u00ed mismo el presidente de Estados Unidos y as\u00ed lo manifest\u00f3 este jueves en una explosiva conferencia de prensa en la Casa Blanca.<\/p>\n<p style=\"color: #444444\">Su comparecencia, fuera de agenda y primera en solitario como presidente, ten\u00eda como fin defender los logros de su mandato. Todo aquello que, a su juicio, ha hecho y que no se ha publicitado lo suficiente. El punto de partida no pudo ser m\u00e1s claro. \u201cHered\u00e9 un desastre\u201d, dijo. Sobre este arranque cit\u00f3 sus presuntos \u00e9xitos econ\u00f3micos y hasta la buena marcha de sus negociaciones internacionales. Pero pronto su discurso deriv\u00f3 hacia la batalla que mantiene con los medios de comunicaci\u00f3n. Un sector que su jefe de estrategia, Steve Bannon, ha definido como \u201cprincipal partido de oposici\u00f3n\u201d.<\/p>\n<div id=\"ds_cpp\" class=\"ds_cpp\" style=\"color: #444444\">\n<div class=\"ds_cpp_inner\" style=\"font-style: inherit\">\n<div class=\"ds_body\" style=\"font-style: inherit\">\n<div id=\"ds_player_container\" style=\"font-style: inherit\">\n<div id=\"ds_content_frame_parent\" style=\"font-style: inherit\">\n<div style=\"font-style: inherit\">En el coraz\u00f3n de la pugna, casi tan larga como su carrera presidencial, se ha situado en los \u00faltimos d\u00edas el\u00a0<a style=\"font-style: inherit;color: #016ca2\" href=\"http:\/\/internacional.elpais.com\/internacional\/2017\/02\/16\/estados_unidos\/1487260450_834482.html\">esc\u00e1ndalo de las relaciones de Trump y su equipo con Rusia.<\/a>\u00a0El presidente neg\u00f3 todas las acusaciones lanzadas por los medios. \u201cNo tengo nada que ver con Rusia\u201d, lleg\u00f3 a decir. Incluso defendi\u00f3 al defenestrado consejero de seguridad nacional, Michael Flynn, de quien sostuvo que su error no fue su embarazosa conversaci\u00f3n con el embajador ruso sino no hab\u00e9rsela contado adecuadamente al vicepresidente, Mike Pence. \u201cFlynn hizo su trabajo\u201d, se\u00f1al\u00f3.<\/div>\n<\/div>\n<\/div>\n<\/div>\n<\/div>\n<\/div>\n<p style=\"color: #444444\">A partir de ah\u00ed, todo estall\u00f3.\u00a0<em>The Wall Street Journal, The New York Times, The Washington Post,<\/em>\u00a0CNN y hasta la BBC fueron objeto de sus invectivas. Desminti\u00f3 una por una sus exclusivas. Insisti\u00f3 en que hab\u00edan sido publicadas a sabiendas de que no eran ciertas u omitiendo recoger su versi\u00f3n. \u201cMuchos de los reporteros de nuestra naci\u00f3n ya no cuentan la verdad, muchos de los medios no hablan para la gente, sino en favor de inter\u00e9s ajenos\u201d, afirm\u00f3.<\/p>\n<p style=\"color: #444444\">En su personal interpretaci\u00f3n, acus\u00f3 a los medios de dejarse manipular en la b\u00fasqueda de su bot\u00edn. \u201cLas filtraciones son ciertas, las noticias son mentira\u201d. Convertida la comparecencia en un cuerpo a cuerpo, no tuvo empacho en reprocharle a la cara a los periodistas presentes su supuesta p\u00e9rdida de credibilidad. \u201cEl p\u00fablico ya no os cree\u201d, le dijo al corresponsal de la CNN Jim Acosta. \u201cEl nivel de deshonestidad est\u00e1 fuera de control\u201d, remach\u00f3 clausurando un enfrentamiento que no tiene trazas de revertir. Un combate de largo aliento donde Trump est\u00e1 jugando a la pol\u00edtica. La de convertir en enemigos a los periodistas.<\/p>\n","protected":false},"excerpt":{"rendered":"<p>El presidente responde con una andanada contra la prensa a las investigaciones sobre sus relaciones con Rusia<\/p>\n","protected":false},"author":5842,"featured_media":0,"comment_status":"open","ping_status":"open","sticky":false,"template":"","format":"standard","meta":{"footnotes":""},"categories":[24],"tags":[],"class_list":["post-470231","post","type-post","status-publish","format-standard","hentry","category-mundo"],"_links":{"self":[{"href":"https:\/\/diarioelpopular.com\/index.php\/wp-json\/wp\/v2\/posts\/470231","targetHints":{"allow":["GET"]}}],"collection":[{"href":"https:\/\/diarioelpopular.com\/index.php\/wp-json\/wp\/v2\/posts"}],"about":[{"href":"https:\/\/diarioelpopular.com\/index.php\/wp-json\/wp\/v2\/types\/post"}],"author":[{"embeddable":true,"href":"https:\/\/diarioelpopular.com\/index.php\/wp-json\/wp\/v2\/users\/5842"}],"replies":[{"embeddable":true,"href":"https:\/\/diarioelpopular.com\/index.php\/wp-json\/wp\/v2\/comments?post=470231"}],"version-history":[{"count":1,"href":"https:\/\/diarioelpopular.com\/index.php\/wp-json\/wp\/v2\/posts\/470231\/revisions"}],"predecessor-version":[{"id":470233,"href":"https:\/\/diarioelpopular.com\/index.php\/wp-json\/wp\/v2\/posts\/470231\/revisions\/470233"}],"wp:attachment":[{"href":"https:\/\/diarioelpopular.com\/index.php\/wp-json\/wp\/v2\/media?parent=470231"}],"wp:term":[{"taxonomy":"category","embeddable":true,"href":"https:\/\/diarioelpopular.com\/index.php\/wp-json\/wp\/v2\/categories?post=470231"},{"taxonomy":"post_tag","embeddable":true,"href":"https:\/\/diarioelpopular.com\/index.php\/wp-json\/wp\/v2\/tags?post=470231"}],"curies":[{"name":"wp","href":"https:\/\/api.w.org\/{rel}","templated":true}]}}