{"id":470242,"date":"2017-02-17T20:31:44","date_gmt":"2017-02-18T01:31:44","guid":{"rendered":"http:\/\/diarioelpopular.com\/?p=470242"},"modified":"2017-02-17T20:32:08","modified_gmt":"2017-02-18T01:32:08","slug":"trump-la-prensa-es-el-enemigo-del-pueblo-americano","status":"publish","type":"post","link":"https:\/\/diarioelpopular.com\/index.php\/2017\/02\/17\/trump-la-prensa-es-el-enemigo-del-pueblo-americano\/","title":{"rendered":"Trump: \u201cLa prensa es el enemigo del pueblo americano\u201d"},"content":{"rendered":"<div id=\"attachment_470243\" style=\"width: 570px\" class=\"wp-caption aligncenter\"><a href=\"https:\/\/diarioelpopular.com\/wp-content\/uploads\/2017\/02\/1487374207_339655_1487374362_noticia_normal_recorte1.jpg\"><img loading=\"lazy\" decoding=\"async\" aria-describedby=\"caption-attachment-470243\" class=\"size-large wp-image-470243\" src=\"https:\/\/diarioelpopular.com\/wp-content\/uploads\/2017\/02\/1487374207_339655_1487374362_noticia_normal_recorte1-560x313.jpg\" alt=\"Donald Trump en un evento este viernes. \" width=\"560\" height=\"313\" \/><\/a><p id=\"caption-attachment-470243\" class=\"wp-caption-text\">Donald Trump en un evento este viernes.<\/p><\/div>\n<p dir=\"ltr\" style=\"color: #444444\">En Washington se libra estos d\u00edas una batalla campal entre Donald Trump y los medios de comunicaci\u00f3n. Desde la llegada del presidente a la Casa Blanca, los ataques e insultos a la prensa son rutinarios, erosionando cada vez m\u00e1s la confianza de la ciudadan\u00eda en los medios. Este viernes, Trump cerr\u00f3 su cuarta semana laboral en el cargo acusando a los periodistas de seis grandes cadenas de televisi\u00f3n de ser \u201cel enemigo de pueblo americano\u201d.<\/p>\n<p dir=\"ltr\" style=\"color: #444444\">En un\u00a0<a style=\"font-style: inherit;color: #016ca2\" href=\"https:\/\/twitter.com\/realDonaldTrump\/status\/832708293516632065\">tuit<\/a>, el presidente de EEUU escribi\u00f3: \u201cLas noticias falsas de los medios fallidos (<em>The New York Times, NBC, ABC, CBS, CNN<\/em>) no son mi enemigo, son el enemigo del pueblo americano\u201d. A los pocos minutos del mensaje, Trump escribi\u00f3 un segundo\u00a0<a style=\"font-style: inherit;color: #016ca2\" href=\"https:\/\/twitter.com\/realDonaldTrump\/status\/832730328108134402\">tuit<\/a>\u00a0en el que calific\u00f3 a los medios de distribuir informaci\u00f3n \u201cfalsa\u201d y \u201cdeshonesta\u201d.<\/p>\n<section id=\"sumario_1|html\" class=\"sumario_html centro\" style=\"color: #444444\"><a style=\"font-style: inherit;color: #016ca2\" name=\"sumario_1\"><\/a><\/p>\n<div class=\"sumario__interior\" style=\"font-style: inherit\">\n<div class=\"sumario-texto\" style=\"font-style: inherit\">\n<div class=\"SandboxRoot env-bp-350\" style=\"color: #1c2022\">\n<div id=\"twitter-widget-0\" class=\"EmbeddedTweet js-clickToOpenTarget\" lang=\"en\">\n<div class=\"EmbeddedTweet-tweet\">\n<blockquote class=\"Tweet h-entry js-tweetIdInfo subject expanded&lt;br \/&gt; \n<p>                    is-deciderHtmlWhitespace\" cite=\"https:\/\/twitter.com\/realDonaldTrump\/status\/832708293516632065\"><\/p>\n<div class=\"Tweet-header u-cf\">\n<div class=\"Tweet-brand u-floatRight\"><span class=\"u-hiddenInNarrowEnv\"><a class=\"FollowButton follow-button profile\" style=\"font-weight: bold;color: #55acee\" title=\"Follow Donald J. Trump on Twitter\" href=\"https:\/\/twitter.com\/realDonaldTrump\">\u00a0Follow<\/a><\/span><\/div>\n<div class=\"TweetAuthor \"><a class=\"TweetAuthor-link Identity u-linkBlend\" style=\"color: inherit\" href=\"https:\/\/twitter.com\/realDonaldTrump\"><span class=\"TweetAuthor-avatar Identity-avatar\"><img decoding=\"async\" class=\"Avatar\" src=\"https:\/\/pbs.twimg.com\/profile_images\/1980294624\/DJT_Headshot_V2_normal.jpg\" alt=\"\" \/><\/span><span class=\"TweetAuthor-name Identity-name customisable-highlight\" style=\"font-weight: bold\" title=\"Donald J. Trump\">Donald J. Trump<\/span>\u00a0<\/a><\/p>\n<div class=\"Icon Icon--verified \" title=\"Verified Account\"><\/div>\n<p><a class=\"TweetAuthor-link Identity u-linkBlend\" style=\"color: inherit\" href=\"https:\/\/twitter.com\/realDonaldTrump\"><span class=\"TweetAuthor-verifiedBadge\"><span class=\"u-hiddenVisually\">\u2714<\/span><\/span><span class=\"TweetAuthor-screenName Identity-screenName\" dir=\"ltr\" style=\"color: #697882\" title=\"@realDonaldTrump\">@realDonaldTrump<\/span><\/a><\/p>\n<\/div>\n<\/div>\n<div class=\"Tweet-body e-entry-content\">\n<p class=\"Tweet-text e-entry-title\" dir=\"ltr\" lang=\"en\">The FAKE NEWS media (failing\u00a0<a class=\"PrettyLink profile customisable h-card\" style=\"color: #2b7bb9\" href=\"https:\/\/twitter.com\/nytimes\"><span class=\"PrettyLink-prefix\">@<\/span><span class=\"PrettyLink-value\">nytimes<\/span><\/a>,\u00a0<a class=\"PrettyLink profile customisable h-card\" style=\"color: #2b7bb9\" href=\"https:\/\/twitter.com\/NBCNews\"><span class=\"PrettyLink-prefix\">@<\/span><span class=\"PrettyLink-value\">NBCNews<\/span><\/a>,<a class=\"PrettyLink profile customisable h-card\" style=\"color: #2b7bb9\" href=\"https:\/\/twitter.com\/ABC\"><span class=\"PrettyLink-prefix\">@<\/span><span class=\"PrettyLink-value\">ABC<\/span><\/a>,\u00a0<a class=\"PrettyLink profile customisable h-card\" style=\"color: #2b7bb9\" href=\"https:\/\/twitter.com\/CBS\"><span class=\"PrettyLink-prefix\">@<\/span><span class=\"PrettyLink-value\">CBS<\/span><\/a>,\u00a0<a class=\"PrettyLink profile customisable h-card\" style=\"color: #2b7bb9\" href=\"https:\/\/twitter.com\/CNN\"><span class=\"PrettyLink-prefix\">@<\/span><span class=\"PrettyLink-value\">CNN<\/span><\/a>) is not my enemy, it is the enemy of the American People!<\/p>\n<div class=\"Tweet-metadata dateline\" style=\"color: #697882\"><a class=\"u-linkBlend u-url customisable-highlight long-permalink\" style=\"color: inherit\" href=\"https:\/\/twitter.com\/realDonaldTrump\/status\/832708293516632065\">4:48 PM &#8211; 17 Feb 2017<\/a><\/div>\n<ul class=\"Tweet-actions\">\n<li class=\"Tweet-action\"><\/li>\n<li class=\"Tweet-action\">\n<div class=\"Icon Icon--retweet TweetAction-icon\" title=\"Retweet\"><\/div>\n<p><a class=\"TweetAction TweetAction--retweet web-intent\" style=\"color: #697882\" href=\"https:\/\/twitter.com\/intent\/retweet?tweet_id=832708293516632065\">\u00a0<span class=\"TweetAction-stat\">22,481<\/span><span class=\"u-hiddenVisually\">22,481 Retweets<\/span><\/a><\/li>\n<li class=\"Tweet-action\">\n<div class=\"Icon Icon--heart TweetAction-icon\" title=\"Like\"><\/div>\n<p><a class=\"TweetAction TweetAction--heart web-intent\" style=\"color: #697882\" href=\"https:\/\/twitter.com\/intent\/like?tweet_id=832708293516632065\"><span style=\"color: #697882\">\u00a0<\/span><span class=\"TweetAction-stat\">68,214<\/span><span class=\"u-hiddenVisually\">68,214 likes<\/span><\/a><\/li>\n<\/ul>\n<\/div>\n<\/blockquote>\n<\/div>\n<\/div>\n<\/div>\n<\/div>\n<\/div>\n<\/section>\n<div id=\"ds_cpp\" class=\"ds_cpp\" style=\"color: #444444\">\n<div class=\"ds_cpp_inner\" style=\"font-style: inherit\">\n<div class=\"ds_body\" style=\"font-style: inherit\">\n<div id=\"ds_player_container\" style=\"font-style: inherit\">\n<div id=\"ds_content_frame_parent\" style=\"font-style: inherit\">\n<div id=\"ds_ad_container\" style=\"font-style: inherit\"><\/div>\n<div style=\"font-style: inherit\">\u00a0Un d\u00eda antes, Trump, en su primera rueda de prensa en solitario desde que es presidente, menospreci\u00f3 las informaciones filtradas a la prensa que alegaban que tanto \u00e9l como miembros de su campa\u00f1a estuvieron en contacto con los servicios de inteligencia rusos. El republicano tambi\u00e9n critic\u00f3 la exclusiva del diario\u00a0<em>The Washington Post<\/em>\u00a0que oblig\u00f3 al general Michael Flynn, el consejero de seguridad nacional del presidente, a dimitir tras revelarse que minti\u00f3 acerca de una conversaci\u00f3n con el embajador ruso en EEUU.<\/div>\n<\/div>\n<\/div>\n<\/div>\n<\/div>\n<\/div>\n<p dir=\"ltr\" style=\"color: #444444\">El ataque no es nuevo. Durante la campa\u00f1a, Trump se especializ\u00f3 en deslegitimar a los medios. En sus m\u00edtines, era habitual que el republicano acusara a cadenas de televisi\u00f3n como\u00a0<em>CNN<\/em>\u00a0o diarios como\u00a0<em>The New York Times<\/em>\u00a0de escribir informaci\u00f3n falsa o hacer una cobertura con prejuicios, carente de objetividad. Con su llegada a Washington, poco cambi\u00f3.<\/p>\n<p style=\"color: #444444\">Y su llegada a la Casa Blanca, al contrario de lo que muchos cre\u00edan, no calm\u00f3 la furia del presidente contra los medios. En la primera semana, uno de sus asesores m\u00e1s cercanos, Steve Bannon, dijo en una entrevista con el\u00a0<em>Times<\/em>\u00a0que el<a style=\"font-style: inherit;color: #016ca2\" href=\"http:\/\/internacional.elpais.com\/internacional\/2017\/01\/26\/estados_unidos\/1485466794_287171.html\">partido de la oposici\u00f3n para la Administraci\u00f3n Trump es \u201cla prensa\u201d<\/a>\u00a0y no el Partido Dem\u00f3crata.<\/p>\n","protected":false},"excerpt":{"rendered":"<p>El presidente cierra una semana de ataques a los medios estadounidenses<\/p>\n","protected":false},"author":5842,"featured_media":0,"comment_status":"open","ping_status":"open","sticky":false,"template":"","format":"standard","meta":{"footnotes":""},"categories":[24],"tags":[],"class_list":["post-470242","post","type-post","status-publish","format-standard","hentry","category-mundo"],"_links":{"self":[{"href":"https:\/\/diarioelpopular.com\/index.php\/wp-json\/wp\/v2\/posts\/470242","targetHints":{"allow":["GET"]}}],"collection":[{"href":"https:\/\/diarioelpopular.com\/index.php\/wp-json\/wp\/v2\/posts"}],"about":[{"href":"https:\/\/diarioelpopular.com\/index.php\/wp-json\/wp\/v2\/types\/post"}],"author":[{"embeddable":true,"href":"https:\/\/diarioelpopular.com\/index.php\/wp-json\/wp\/v2\/users\/5842"}],"replies":[{"embeddable":true,"href":"https:\/\/diarioelpopular.com\/index.php\/wp-json\/wp\/v2\/comments?post=470242"}],"version-history":[{"count":2,"href":"https:\/\/diarioelpopular.com\/index.php\/wp-json\/wp\/v2\/posts\/470242\/revisions"}],"predecessor-version":[{"id":470245,"href":"https:\/\/diarioelpopular.com\/index.php\/wp-json\/wp\/v2\/posts\/470242\/revisions\/470245"}],"wp:attachment":[{"href":"https:\/\/diarioelpopular.com\/index.php\/wp-json\/wp\/v2\/media?parent=470242"}],"wp:term":[{"taxonomy":"category","embeddable":true,"href":"https:\/\/diarioelpopular.com\/index.php\/wp-json\/wp\/v2\/categories?post=470242"},{"taxonomy":"post_tag","embeddable":true,"href":"https:\/\/diarioelpopular.com\/index.php\/wp-json\/wp\/v2\/tags?post=470242"}],"curies":[{"name":"wp","href":"https:\/\/api.w.org\/{rel}","templated":true}]}}