{"id":470252,"date":"2017-02-18T18:23:45","date_gmt":"2017-02-18T23:23:45","guid":{"rendered":"http:\/\/diarioelpopular.com\/?p=470252"},"modified":"2017-02-18T18:23:56","modified_gmt":"2017-02-18T23:23:56","slug":"peru-embarga-los-bienes-de-odebrecht-y-otras-siete-empresas-brasilenas","status":"publish","type":"post","link":"https:\/\/diarioelpopular.com\/index.php\/2017\/02\/18\/peru-embarga-los-bienes-de-odebrecht-y-otras-siete-empresas-brasilenas\/","title":{"rendered":"Per\u00fa embarga los bienes de Odebrecht y otras siete empresas brasile\u00f1as"},"content":{"rendered":"<div id=\"attachment_470254\" style=\"width: 570px\" class=\"wp-caption aligncenter\"><a href=\"https:\/\/diarioelpopular.com\/wp-content\/uploads\/2017\/02\/1487438625_752332_1487438754_noticia_normal_recorte1.jpg\"><img loading=\"lazy\" decoding=\"async\" aria-describedby=\"caption-attachment-470254\" class=\"size-large wp-image-470254\" src=\"https:\/\/diarioelpopular.com\/wp-content\/uploads\/2017\/02\/1487438625_752332_1487438754_noticia_normal_recorte1-560x356.jpg\" alt=\"Un manifestante contra la corrupci\u00f3n, ayer en Lima. \" width=\"560\" height=\"356\" \/><\/a><p id=\"caption-attachment-470254\" class=\"wp-caption-text\">Un manifestante contra la corrupci\u00f3n, ayer en Lima.<\/p><\/div>\n<p style=\"color: #444444\">La Superintendencia Nacional de Aduanas y de Administraci\u00f3n Tributaria de Per\u00fa (Sunat) orden\u00f3 embargos por m\u00e1s de 260 millones de soles (unos 80 millones de d\u00f3lares) contra ocho compa\u00f1\u00edas brasile\u00f1as con presencia en el pa\u00eds, todas vinculadas al caso Lava Jato. El monto mayor corresponde\u00a0<a style=\"font-style: inherit;color: #016ca2\" href=\"http:\/\/elpais.com\/tag\/caso_odebrecht\/a\/\">a la constructora Odebrecht<\/a>, que deber\u00e1 pagar m\u00e1s de 150 millones de soles.<\/p>\n<p style=\"color: #444444\">De momento, han sido congeladas las cuentas bancarias, los bienes inmuebles, los veh\u00edculos y las cuentas de terceros de estas empresas, entre las que se encuentran Queiroz Galvao y OAS. Seg\u00fan el medio de investigaci\u00f3n digital \u00abOjo P\u00fablico\u00bb, el 18 de enero fueron intervenidas m\u00e1s de cuatro mil hect\u00e1reas de una sucursal de Odebrecht en Olmos, al norte del Per\u00fa. Se esperaba que ocurriera lo mismo con el edificio de siete pisos del barrio de San Isidro que la constructora usa como sede, pero \u00e9ste figura a nombre de un fideicomiso de la subsidiaria de un banco.<\/p>\n<p style=\"color: #444444\">Despu\u00e9s de que en diciembre de 2016 se produjeran las delaciones premiadas en Brasil, la Intendencia Nacional de Principales Contribuyentes Nacionales de la Sunat identific\u00f3 movimientos sospechosos de sus sucursales. El procedimiento de embargo se inici\u00f3 casi de inmediato, luego de auditor\u00edas contables que se remontaron al a\u00f1o 2010. No se descarta que siga aplic\u00e1ndose, pues se sospecha que las empresas brasile\u00f1as seguir\u00e1n intentando protegerse, con la venta de sus activos o el retiro del dinero de sus cuentas.<\/p>\n<p style=\"color: #444444\">La acci\u00f3n se toma a pesar de que ninguna de las empresas se encuentra sentenciada por la justicia peruana. Para ello, la Sunat ha empleado medidas cautelares provisionales. \u00c9stas servir\u00e1n para cobrar las actuales acreencias, pero tambi\u00e9n para garantizar el pago de las obligaciones que contraiga a futuro, durante el proceso penal por corrupci\u00f3n que afrontan.<\/p>\n<p style=\"color: #444444\">\u00abSe trata de una medida excepcional, para un caso excepcional\u00bb, aclara el abogado tributarista Renato Asensios: \u00abEl art\u00edculo 58 del C\u00f3digo Tributario peruano faculta a la Sunat a utilizar este recurso una vez que se identifica el peligro de que una persona natural o jur\u00eddica pueda incumplir sus deudas tributarias\u00bb.<\/p>\n<p style=\"color: #444444\">Las empresas pueden apelar ante la Sunat o el Tribunal Fiscal del Ministerio de Econom\u00eda. Sin importar el camino que elijan, el embargo se mantendr\u00e1 hasta que alguna de estas instituciones decida lo contrario. Si ganan el recurso, recibir\u00e1n de vuelta lo incautado.<\/p>\n<section id=\"sumario_1|despiece\" class=\"sumario_despiece centro\" style=\"color: #444444\"><a style=\"font-style: inherit;color: #016ca2\" name=\"sumario_1\"><\/a><\/p>\n<div class=\"sumario__interior\" style=\"font-style: inherit\">\n<header class=\"sumario-encabezado\" style=\"font-style: inherit\">\n<h4 class=\"sumario-titulo\" style=\"font-style: inherit;color: #111111\"><span class=\"sin_enlace\" style=\"font-weight: inherit;font-style: inherit\">HUMALA COMPARECE ANTE EL FISCAL<\/span><\/h4>\n<\/header>\n<div class=\"sumario-texto\" style=\"font-style: inherit\">\n<p class=\"Cuerpo\" style=\"font-style: inherit\">Luego de la presentaci\u00f3n de Alan Garc\u00eda el jueves, este viernes le lleg\u00f3 el turno al expresidente Ollanta Humala, quien debi\u00f3 comparecer como testigo ante la Segunda Fiscal\u00eda Anticorrupci\u00f3n, para declarar sobre las presuntas irregularidades en la concesi\u00f3n del Gasoducto Sur Peruano. Seg\u00fan ha denunciado un testigo protegido, la licitaci\u00f3n de este proyecto fue otorgada luego de unas coordinaciones entre Nadine Heredia, esposa de Humala, y Jorge Barata, representante de Odebrecht en Per\u00fa. Ambos est\u00e1n siendo investigados por colusi\u00f3n y negociaci\u00f3n incompatible.<\/p>\n<p class=\"Cuerpo\" style=\"font-style: inherit\">Garc\u00eda hab\u00eda dicho a la prensa: \u00abA m\u00ed no me metan en la pandilla de los expresidentes\u00bb, lo que fue respondido por Humala: \u00abNo pertenezco al club de presidentes pr\u00f3fugos, o que<b style=\"font-style: inherit\">\u00a0<\/b>se van fuera del pa\u00eds a vivir\u00bb. Otros testigos citados son Keiko Fujimori y el Presidente Pedro Pablo Kuczynski..<\/p>\n<p class=\"Cuerpo\" style=\"font-style: inherit\">Tambi\u00e9n se supo que la Procuradur\u00eda Anticorrupci\u00f3n solicitar\u00e1 un pago de 200 millones de soles (unos 60 millones de d\u00f3lares) para los implicados en el caso Odebrecht. Este monto deber\u00e1 ser asumido solidariamente por el expresidente Alejandro Toledo, Jorge Barata, el empresario israel\u00ed Josef Maiman \u2014amigo \u00edntimo de Toledo\u2014, Jorge Cuba Hidalgo \u2014exviceministro en el gobierno de Alan Garc\u00eda\u2014 y los dem\u00e1s involucrados en esta trama corrupta.<\/p>\n<\/div>\n<\/div>\n<\/section>\n","protected":false},"excerpt":{"rendered":"<p>El Gobierno de Kuczynski congela cuentas bancarias, propiedades y veh\u00edculos por valor de 80 millones de d\u00f3lares. Las ocho compa\u00f1\u00edas est\u00e1n vinculadas al \u2018caso Lava Jato\u2019<\/p>\n","protected":false},"author":5842,"featured_media":0,"comment_status":"open","ping_status":"open","sticky":false,"template":"","format":"standard","meta":{"footnotes":""},"categories":[23,1],"tags":[],"class_list":["post-470252","post","type-post","status-publish","format-standard","hentry","category-latinoamerica","category-uncategorized"],"_links":{"self":[{"href":"https:\/\/diarioelpopular.com\/index.php\/wp-json\/wp\/v2\/posts\/470252","targetHints":{"allow":["GET"]}}],"collection":[{"href":"https:\/\/diarioelpopular.com\/index.php\/wp-json\/wp\/v2\/posts"}],"about":[{"href":"https:\/\/diarioelpopular.com\/index.php\/wp-json\/wp\/v2\/types\/post"}],"author":[{"embeddable":true,"href":"https:\/\/diarioelpopular.com\/index.php\/wp-json\/wp\/v2\/users\/5842"}],"replies":[{"embeddable":true,"href":"https:\/\/diarioelpopular.com\/index.php\/wp-json\/wp\/v2\/comments?post=470252"}],"version-history":[{"count":2,"href":"https:\/\/diarioelpopular.com\/index.php\/wp-json\/wp\/v2\/posts\/470252\/revisions"}],"predecessor-version":[{"id":470255,"href":"https:\/\/diarioelpopular.com\/index.php\/wp-json\/wp\/v2\/posts\/470252\/revisions\/470255"}],"wp:attachment":[{"href":"https:\/\/diarioelpopular.com\/index.php\/wp-json\/wp\/v2\/media?parent=470252"}],"wp:term":[{"taxonomy":"category","embeddable":true,"href":"https:\/\/diarioelpopular.com\/index.php\/wp-json\/wp\/v2\/categories?post=470252"},{"taxonomy":"post_tag","embeddable":true,"href":"https:\/\/diarioelpopular.com\/index.php\/wp-json\/wp\/v2\/tags?post=470252"}],"curies":[{"name":"wp","href":"https:\/\/api.w.org\/{rel}","templated":true}]}}