{"id":470260,"date":"2017-02-19T16:54:21","date_gmt":"2017-02-19T21:54:21","guid":{"rendered":"http:\/\/diarioelpopular.com\/?p=470260"},"modified":"2017-02-19T16:54:29","modified_gmt":"2017-02-19T21:54:29","slug":"el-costoso-estilo-de-vida-del-presidente-trump","status":"publish","type":"post","link":"https:\/\/diarioelpopular.com\/index.php\/2017\/02\/19\/el-costoso-estilo-de-vida-del-presidente-trump\/","title":{"rendered":"El costoso estilo de vida del presidente Trump"},"content":{"rendered":"<div id=\"attachment_470261\" style=\"width: 570px\" class=\"wp-caption aligncenter\"><a href=\"https:\/\/diarioelpopular.com\/wp-content\/uploads\/2017\/02\/1487522555_504797_1487522871_noticia_normal_recorte1.jpg\"><img loading=\"lazy\" decoding=\"async\" aria-describedby=\"caption-attachment-470261\" class=\"size-large wp-image-470261\" src=\"https:\/\/diarioelpopular.com\/wp-content\/uploads\/2017\/02\/1487522555_504797_1487522871_noticia_normal_recorte1-560x368.jpg\" alt=\"La residencia en Florida Mar-a-Lago, la &quot;Casa Blanca de Invierno&quot; de Trump\" width=\"560\" height=\"368\" \/><\/a><p id=\"caption-attachment-470261\" class=\"wp-caption-text\">La residencia en Florida Mar-a-Lago, la &#8220;Casa Blanca de Invierno&#8221; de Trump<\/p><\/div>\n<p style=\"color: #444444\">Donald Trump se subi\u00f3 al Marine One que el viernes lo esperaba en el jard\u00edn de la Casa Blanca llevando a dos de sus nietos, los hijos mayores de su hija Ivanka, de la mano. Ella, as\u00ed como su esposo y asesor presidencial Jared Kushner, los segu\u00edan unos pasos m\u00e1s atr\u00e1s. El helic\u00f3ptero los traslad\u00f3, como es habitual, hasta la base a\u00e9rea de Andrews, donde abordaron el Air Force One, el avi\u00f3n presidencial. La primera escala era Charleston, Carolina del Sur, para hacer una visita oficial a la empresa Boeing. Pero el destino final de la jornada era, una vez m\u00e1s, West Palm Beach, Florida, sede de\u00a0<a style=\"font-style: inherit;color: #016ca2\" href=\"http:\/\/internacional.elpais.com\/internacional\/2016\/03\/13\/actualidad\/1457887690_831211.html\">la residencia de lujo de los Trump, Mar-a-Lago.<\/a>\u00a0Unos viajes que no salen gratis y que acaba pagando el contribuyente. La cuenta:\u00a0<a style=\"font-style: inherit;color: #016ca2\" href=\"http:\/\/www.gao.gov\/assets\/690\/680400.pdf\" target=\"_blank\">unos tres millones de d\u00f3lares<\/a>\u00a0por fin de semana presidencial fuera de la Casa Blanca.<\/p>\n<p style=\"color: #444444\">Al presidente republicano le gusta llamar a su residencia en Florida la &#8220;Casa Blanca de Invierno&#8221;. O, como dijo este s\u00e1bado en un tuit, la \u201cCasa Blanca Sure\u00f1a\u201d. All\u00ed vuelve a pasar este fin de semana. Van tres seguidos, de los cinco que han transcurrido desde que jur\u00f3 el cargo el viernes 20 de enero. Y, por lo que ha dicho el propio mandatario, no parece que vayan a ser los \u00faltimos.<\/p>\n<section id=\"sumario_1|html\" class=\"sumario_html centro\" style=\"color: #444444\"><a style=\"font-style: inherit;color: #016ca2\" name=\"sumario_1\"><\/a><\/p>\n<div class=\"sumario__interior\" style=\"font-style: inherit\">\n<div class=\"sumario-texto\" style=\"font-style: inherit\">\n<div class=\"SandboxRoot env-bp-350\" style=\"color: #1c2022\">\n<div id=\"twitter-widget-0\" class=\"EmbeddedTweet js-clickToOpenTarget\" lang=\"es\">\n<div class=\"EmbeddedTweet-tweet\">\n<blockquote class=\"Tweet h-entry js-tweetIdInfo subject expanded&lt;br \/&gt; \n<p>                    is-deciderHtmlWhitespace\" cite=\"https:\/\/twitter.com\/realDonaldTrump\/status\/832950628750127106\"><\/p>\n<div class=\"Tweet-header u-cf\">\n<div class=\"Tweet-brand u-floatRight\"><span class=\"u-hiddenInNarrowEnv\"><a class=\"FollowButton follow-button profile\" style=\"font-weight: bold;color: #55acee\" title=\"Seguir a Donald J. Trump en Twitter\" href=\"https:\/\/twitter.com\/realDonaldTrump\">\u00a0Seguir<\/a><\/span><\/div>\n<div class=\"TweetAuthor \"><a class=\"TweetAuthor-link Identity u-linkBlend\" style=\"color: inherit\" href=\"https:\/\/twitter.com\/realDonaldTrump\"><span class=\"TweetAuthor-avatar Identity-avatar\"><img decoding=\"async\" class=\"Avatar\" src=\"https:\/\/pbs.twimg.com\/profile_images\/1980294624\/DJT_Headshot_V2_normal.jpg\" alt=\"\" \/><\/span><span class=\"TweetAuthor-name Identity-name customisable-highlight\" style=\"font-weight: bold\" title=\"Donald J. Trump\">Donald J. Trump<\/span>\u00a0<\/a><\/p>\n<div class=\"Icon Icon--verified \" title=\"Cuenta verificada\"><\/div>\n<p><a class=\"TweetAuthor-link Identity u-linkBlend\" style=\"color: inherit\" href=\"https:\/\/twitter.com\/realDonaldTrump\"><span class=\"TweetAuthor-verifiedBadge\"><span class=\"u-hiddenVisually\">\u2714<\/span><\/span><span class=\"TweetAuthor-screenName Identity-screenName\" dir=\"ltr\" style=\"color: #697882\" title=\"@realDonaldTrump\">@realDonaldTrump<\/span><\/a><\/p>\n<\/div>\n<\/div>\n<div class=\"Tweet-body e-entry-content\">\n<p class=\"Tweet-text e-entry-title\" dir=\"ltr\" lang=\"en\">Will be having many meetings this weekend at The Southern White House. Big 5:00 P.M. speech in Melbourne, Florida. A lot to talk about!<\/p>\n<div class=\"Tweet-metadata dateline\" style=\"color: #697882\"><a class=\"u-linkBlend u-url customisable-highlight long-permalink\" style=\"color: inherit\" href=\"https:\/\/twitter.com\/realDonaldTrump\/status\/832950628750127106\">08:51 &#8211; 18 feb 2017<\/a><\/div>\n<ul class=\"Tweet-actions\">\n<li class=\"Tweet-action\"><\/li>\n<li class=\"Tweet-action\">\n<div class=\"Icon Icon--retweet TweetAction-icon\" title=\"Retwittear\"><\/div>\n<p><a class=\"TweetAction TweetAction--retweet web-intent\" style=\"color: #697882\" href=\"https:\/\/twitter.com\/intent\/retweet?tweet_id=832950628750127106\">\u00a0<span class=\"TweetAction-stat\">13.832<\/span><span class=\"u-hiddenVisually\">13.832 Retweets<\/span><\/a><\/li>\n<li class=\"Tweet-action\">\n<div class=\"Icon Icon--heart TweetAction-icon\" title=\"Me gusta\"><\/div>\n<p><a class=\"TweetAction TweetAction--heart web-intent\" style=\"color: #697882\" href=\"https:\/\/twitter.com\/intent\/like?tweet_id=832950628750127106\"><span style=\"color: #697882\">\u00a0<\/span><span class=\"TweetAction-stat\">84.254<\/span><span class=\"u-hiddenVisually\">84.254 me gusta<\/span><\/a><\/li>\n<\/ul>\n<\/div>\n<\/blockquote>\n<\/div>\n<\/div>\n<\/div>\n<\/div>\n<\/div>\n<\/section>\n<p style=\"color: #444444\">Que los presidentes se tomen un respiro de vez en cuando no es inusual. Ni siquiera que lo hagan por largas temporadas. \u201cLos presidentes no tienen vacaciones, solo tienen un cambio de escenario\u201d, dijo una vez Nancy Reagan al defender los frecuentes viajes de su marido y esposo, Ronald Reagan, a su rancho en California, que quedaba mucho m\u00e1s lejos de Washington que la Florida que privilegia el nuevo inquilino de la Casa Blanca. Tambi\u00e9n a George W. Bush se le reprocharon las largas vacaciones que sol\u00eda tomarse\u00a0<a style=\"font-style: inherit;color: #016ca2\" href=\"http:\/\/politica.elpais.com\/politica\/2013\/11\/06\/analitica\/1383761111_138376.html\">en su rancho en Crawford, Texas<\/a>. Como ambos, Trump tambi\u00e9n mezcla trabajo \u2014el s\u00e1bado dio un mitin y se est\u00e1 reuniendo con candidatos a dirigir la Agencia Nacional de Seguridad (NSA)\u2014 con placer en su retiro floridano.<\/p>\n<p style=\"color: #444444\">La diferencia es que\u00a0<a style=\"font-style: inherit;color: #016ca2\" href=\"http:\/\/internacional.elpais.com\/internacional\/2014\/08\/10\/actualidad\/1407682919_070200.html\">Trump asegur\u00f3 antes de asumir la presidencia que saldr\u00eda muy poco de la Casa Blanca porque \u201chay mucho que hacer\u201d<\/a>. Adem\u00e1s, durante la campa\u00f1a e incluso mucho antes a\u00fan de dar el salto a la pol\u00edtica, una de las cr\u00edticas favoritas a su predecesor, el dem\u00f3crata Barack Obama, era el gasto que provocaban seg\u00fan \u00e9l sus vacaciones de verano y navidades, as\u00ed como sus escapadas para jugar al golf,\u00a0<a style=\"font-style: inherit;color: #016ca2\" href=\"http:\/\/internacional.elpais.com\/internacional\/2017\/02\/11\/mundo_global\/1486829926_414183.html\">el mismo deporte que \u00e9l practic\u00f3 el fin de semana pasado en Mar-a-Lago<\/a>\u00a0junto con el primer ministro japon\u00e9s, Shinzo Abe.<\/p>\n<p style=\"color: #444444\">\u201cEl vacacionista habitual, Barack Obama, est\u00e1 ahora en Hawaii. Estas vacaciones le est\u00e1n costando a los contribuyentes 4 millones de d\u00f3lares, mientras hay 20% de desempleo\u201d, tuite\u00f3 Trump en diciembre de 2011.<\/p>\n<section id=\"sumario_2|html\" class=\"sumario_html centro\" style=\"color: #444444\"><a style=\"font-style: inherit;color: #016ca2\" name=\"sumario_2\"><\/a><\/p>\n<div class=\"sumario__interior\" style=\"font-style: inherit\">\n<div class=\"sumario-texto\" style=\"font-style: inherit\">\n<div class=\"SandboxRoot env-bp-350\" style=\"color: #1c2022\">\n<div id=\"twitter-widget-1\" class=\"EmbeddedTweet js-clickToOpenTarget\" lang=\"es\">\n<div class=\"EmbeddedTweet-tweet\">\n<blockquote class=\"Tweet h-entry js-tweetIdInfo subject expanded&lt;br \/&gt; \n<p>                    is-deciderHtmlWhitespace\" cite=\"https:\/\/twitter.com\/realDonaldTrump\/status\/151741365796085760\"><\/p>\n<div class=\"Tweet-header u-cf\">\n<div class=\"Tweet-brand u-floatRight\"><span class=\"u-hiddenInNarrowEnv\"><a class=\"FollowButton follow-button profile\" style=\"font-weight: bold;color: #55acee\" title=\"Seguir a Donald J. Trump en Twitter\" href=\"https:\/\/twitter.com\/realDonaldTrump\">\u00a0Seguir<\/a><\/span><\/div>\n<div class=\"TweetAuthor \"><a class=\"TweetAuthor-link Identity u-linkBlend\" style=\"color: inherit\" href=\"https:\/\/twitter.com\/realDonaldTrump\"><span class=\"TweetAuthor-avatar Identity-avatar\"><img decoding=\"async\" class=\"Avatar\" src=\"https:\/\/pbs.twimg.com\/profile_images\/1980294624\/DJT_Headshot_V2_normal.jpg\" alt=\"\" \/><\/span><span class=\"TweetAuthor-name Identity-name customisable-highlight\" style=\"font-weight: bold\" title=\"Donald J. Trump\">Donald J. Trump<\/span>\u00a0<\/a><\/p>\n<div class=\"Icon Icon--verified \" title=\"Cuenta verificada\"><\/div>\n<p><a class=\"TweetAuthor-link Identity u-linkBlend\" style=\"color: inherit\" href=\"https:\/\/twitter.com\/realDonaldTrump\"><span class=\"TweetAuthor-verifiedBadge\"><span class=\"u-hiddenVisually\">\u2714<\/span><\/span><span class=\"TweetAuthor-screenName Identity-screenName\" dir=\"ltr\" style=\"color: #697882\" title=\"@realDonaldTrump\">@realDonaldTrump<\/span><\/a><\/p>\n<\/div>\n<\/div>\n<div class=\"Tweet-body e-entry-content\">\n<p class=\"Tweet-text e-entry-title\" dir=\"ltr\" lang=\"en\">The habitual vacationer,\u00a0<a class=\"PrettyLink profile customisable h-card\" style=\"color: #2b7bb9\" href=\"https:\/\/twitter.com\/BarackObama\"><span class=\"PrettyLink-prefix\">@<\/span><span class=\"PrettyLink-value\">BarackObama<\/span><\/a>, is now in Hawaii. This vacation is costing taxpayers $4 milion +++ while there is 20% unemployment.<\/p>\n<div class=\"Tweet-metadata dateline\" style=\"color: #697882\"><a class=\"u-linkBlend u-url customisable-highlight long-permalink\" style=\"color: inherit\" href=\"https:\/\/twitter.com\/realDonaldTrump\/status\/151741365796085760\">14:08 &#8211; 27 dic 2011<\/a><\/div>\n<ul class=\"Tweet-actions\">\n<li class=\"Tweet-action\"><\/li>\n<li class=\"Tweet-action\">\n<div class=\"Icon Icon--retweet TweetAction-icon\" title=\"Retwittear\"><\/div>\n<p><a class=\"TweetAction TweetAction--retweet web-intent\" style=\"color: #697882\" href=\"https:\/\/twitter.com\/intent\/retweet?tweet_id=151741365796085760\">\u00a0<span class=\"TweetAction-stat\">675<\/span><span class=\"u-hiddenVisually\">675 Retweets<\/span><\/a><\/li>\n<li class=\"Tweet-action\">\n<div class=\"Icon Icon--heart TweetAction-icon\" title=\"Me gusta\"><\/div>\n<p><a class=\"TweetAction TweetAction--heart web-intent\" style=\"color: #697882\" href=\"https:\/\/twitter.com\/intent\/like?tweet_id=151741365796085760\">\u00a0<span class=\"TweetAction-stat\">65<\/span><span class=\"u-hiddenVisually\">65 me gusta<\/span><\/a><\/li>\n<\/ul>\n<\/div>\n<\/blockquote>\n<\/div>\n<\/div>\n<div class=\"resize-sensor\"><\/div>\n<\/div>\n<\/div>\n<\/div>\n<\/section>\n<p style=\"color: #444444\">En agosto de ese mismo a\u00f1o, tambi\u00e9n critic\u00f3 a la familia presidencial por viajar por separado a su lugar habitual de vacaciones, Martha\u2019s Vineyard, y los acus\u00f3 de \u201cgastar de forma extravagante el dinero de los contribuyentes\u201d.<\/p>\n<section id=\"sumario_3|html\" class=\"sumario_html centro\" style=\"color: #444444\"><a style=\"font-style: inherit;color: #016ca2\" name=\"sumario_3\"><\/a><\/p>\n<div class=\"sumario__interior\" style=\"font-style: inherit\">\n<div class=\"sumario-texto\" style=\"font-style: inherit\">\n<div class=\"SandboxRoot env-bp-350\" style=\"color: #1c2022\">\n<div id=\"twitter-widget-2\" class=\"EmbeddedTweet js-clickToOpenTarget\" lang=\"es\">\n<div class=\"EmbeddedTweet-tweet\">\n<blockquote class=\"Tweet h-entry js-tweetIdInfo subject expanded&lt;br \/&gt; \n<p>                    is-deciderHtmlWhitespace\" cite=\"https:\/\/twitter.com\/realDonaldTrump\/status\/107091854092279808\"><\/p>\n<div class=\"Tweet-header u-cf\">\n<div class=\"Tweet-brand u-floatRight\"><span class=\"u-hiddenInNarrowEnv\"><a class=\"FollowButton follow-button profile\" style=\"font-weight: bold;color: #55acee\" title=\"Seguir a Donald J. Trump en Twitter\" href=\"https:\/\/twitter.com\/realDonaldTrump\">\u00a0Seguir<\/a><\/span><\/div>\n<div class=\"TweetAuthor \"><a class=\"TweetAuthor-link Identity u-linkBlend\" style=\"color: inherit\" href=\"https:\/\/twitter.com\/realDonaldTrump\"><span class=\"TweetAuthor-avatar Identity-avatar\"><img decoding=\"async\" class=\"Avatar\" src=\"https:\/\/pbs.twimg.com\/profile_images\/1980294624\/DJT_Headshot_V2_normal.jpg\" alt=\"\" \/><\/span><span class=\"TweetAuthor-name Identity-name customisable-highlight\" style=\"font-weight: bold\" title=\"Donald J. Trump\">Donald J. Trump<\/span>\u00a0<\/a><\/p>\n<div class=\"Icon Icon--verified \" title=\"Cuenta verificada\"><\/div>\n<p><a class=\"TweetAuthor-link Identity u-linkBlend\" style=\"color: inherit\" href=\"https:\/\/twitter.com\/realDonaldTrump\"><span class=\"TweetAuthor-verifiedBadge\"><span class=\"u-hiddenVisually\">\u2714<\/span><\/span><span class=\"TweetAuthor-screenName Identity-screenName\" dir=\"ltr\" style=\"color: #697882\" title=\"@realDonaldTrump\">@realDonaldTrump<\/span><\/a><\/p>\n<\/div>\n<\/div>\n<div class=\"Tweet-body e-entry-content\">\n<p class=\"Tweet-text e-entry-title\" dir=\"ltr\" lang=\"en\">Why did\u00a0<a class=\"PrettyLink profile customisable h-card\" style=\"color: #2b7bb9\" href=\"https:\/\/twitter.com\/BarackObama\"><span class=\"PrettyLink-prefix\">@<\/span><span class=\"PrettyLink-value\">BarackObama<\/span><\/a>\u00a0and his family travel separately to Martha&#8217;s Vineyard? They love to extravagantly spend on the taxpayers&#8217; dime.<\/p>\n<div class=\"Tweet-metadata dateline\" style=\"color: #697882\"><a class=\"u-linkBlend u-url customisable-highlight long-permalink\" style=\"color: inherit\" href=\"https:\/\/twitter.com\/realDonaldTrump\/status\/107091854092279808\">10:07 &#8211; 26 ago 2011<\/a><\/div>\n<ul class=\"Tweet-actions\">\n<li class=\"Tweet-action\"><\/li>\n<li class=\"Tweet-action\">\n<div class=\"Icon Icon--retweet TweetAction-icon\" title=\"Retwittear\"><\/div>\n<p><a class=\"TweetAction TweetAction--retweet web-intent\" style=\"color: #697882\" href=\"https:\/\/twitter.com\/intent\/retweet?tweet_id=107091854092279808\">\u00a0<span class=\"TweetAction-stat\">417<\/span><span class=\"u-hiddenVisually\">417 Retweets<\/span><\/a><\/li>\n<li class=\"Tweet-action\">\n<div class=\"Icon Icon--heart TweetAction-icon\" title=\"Me gusta\"><\/div>\n<p><a class=\"TweetAction TweetAction--heart web-intent\" style=\"color: #697882\" href=\"https:\/\/twitter.com\/intent\/like?tweet_id=107091854092279808\">\u00a0<span class=\"TweetAction-stat\">49<\/span><span class=\"u-hiddenVisually\">49 me gusta<\/span><\/a><\/li>\n<\/ul>\n<\/div>\n<\/blockquote>\n<\/div>\n<\/div>\n<div class=\"resize-sensor\"><\/div>\n<\/div>\n<\/div>\n<\/div>\n<\/section>\n<p style=\"color: #444444\">Seis a\u00f1os m\u00e1s tarde, la nueva primera dama, Melania Trump, y el hijo de la pareja, Barron, suelen reunirse con el presidente en Mar-a-Lago\u00a0<a style=\"font-style: inherit;color: #016ca2\" href=\"http:\/\/elpais.com\/elpais\/2016\/11\/21\/estilo\/1479758225_803248.html\">tras pasar la semana en Nueva York<\/a>, donde la esposa del republicano sigue instalada en la Torre Trump situada en pleno Manhattan, una situaci\u00f3n que piensa mantener al menos hasta que su v\u00e1stago acabe el curso. Una decisi\u00f3n que tampoco sale gratis a los contribuyentes: vigilar la Torre Trump cuesta medio mill\u00f3n de d\u00f3lares diarios, seg\u00fan estimaciones de la polic\u00eda local. Si Melania Trump mantiene sus planes de no instalarse en Washington hasta que acaben las clases, la factura podr\u00eda superar los 70 millones de d\u00f3lares antes de mediados de a\u00f1o. Si finalmente decidiera alargar m\u00e1s a\u00fan su estancia en Nueva York, la cuenta se multiplicar\u00eda. Y eso sin contar el estr\u00e9s que supone mantener personal extra del Servicio Secreto encargado de su protecci\u00f3n tan lejos de la Casa Blanca.<\/p>\n<p style=\"color: #444444\">Pero los gastos de los Trump no acaban ah\u00ed. Los dos hijos mayores de Trump, Donald Jr. y Eric, contin\u00faan viajando por todo el mundo en representaci\u00f3n de las empresas que su padre dej\u00f3 en sus manos antes de entrar en la Casa Blanca, en una controvertida maniobra puesto que ello implica que sigue vinculado a los intereses familiares que pueden chocar con los presidenciales. Tambi\u00e9n est\u00e1n bajo protecci\u00f3n del Servicio Secreto, que tiene que desplazarse con ellos. Seg\u00fan<a style=\"font-style: inherit;color: #016ca2\" href=\"https:\/\/www.washingtonpost.com\/world\/middle_east\/trumps-sons-get-red-carpet-treatment-at-dubai-golf-club-opening\/2017\/02\/18\/b2f25026-f551-11e6-9fb1-2d8f3fc9c0ed_story.html?utm_term=.28719f5c0889\" target=\"_blank\"><em>The Washington Post<\/em><\/a>, un reciente viaje de Eric Trump a Uruguay para promover una torre residencial Trump en el pa\u00eds sudamericano dej\u00f3 una cuenta de casi 100.000 d\u00f3lares en gastos de hotel de los agentes del Servicio Secreto y personal de la embajada que lo acompa\u00f1aron. Los dos hermanos viajaron este fin de semana, acompa\u00f1ados de su escolta, m\u00e1s lejos a\u00fan, a Emiratos \u00c1rabes Unidos, para inaugurar otro club de golf de la familia, el \u201cBerverly Hills de Dubai\u201d.<\/p>\n<p style=\"color: #444444\">Seg\u00fan la organizaci\u00f3n conservadora\u00a0<a style=\"font-style: inherit;color: #016ca2\" href=\"http:\/\/www.judicialwatch.org\/press-room\/press-releases\/judicial-watch-obama-family-2015-honolulu-christmas-vacation-cost-taxpayers-3590313-in-flight-expenses-alone\/\" target=\"_blank\">Judicial Watch<\/a>, las diversas vacaciones y escapadas de los Obama durante los ocho a\u00f1os del mandato del presidente dem\u00f3crata costaron en total unos 96 millones de d\u00f3lares. De mantener el ritmo de las primeras semanas de presidencia republicana, la cuenta de los Trump promete dispararse. Y eso solo contando los primeros cuatro a\u00f1os de mandato. Seg\u00fan el diario\u00a0<a style=\"font-style: inherit;color: #016ca2\" href=\"http:\/\/www.politico.com\/story\/2017\/02\/trump-mar-lago-taxpayers-234562\" target=\"_blank\">Politico<\/a>, Judicial Watch ya planea pedir que se aclaren las cuentas de los viajes de la nueva pareja presidencial.<\/p>\n","protected":false},"excerpt":{"rendered":"<p>Los viajes a Florida y la familia dividida entre Washington y Nueva York disparan los gastos<\/p>\n","protected":false},"author":5842,"featured_media":0,"comment_status":"open","ping_status":"open","sticky":false,"template":"","format":"standard","meta":{"footnotes":""},"categories":[24],"tags":[],"class_list":["post-470260","post","type-post","status-publish","format-standard","hentry","category-mundo"],"_links":{"self":[{"href":"https:\/\/diarioelpopular.com\/index.php\/wp-json\/wp\/v2\/posts\/470260","targetHints":{"allow":["GET"]}}],"collection":[{"href":"https:\/\/diarioelpopular.com\/index.php\/wp-json\/wp\/v2\/posts"}],"about":[{"href":"https:\/\/diarioelpopular.com\/index.php\/wp-json\/wp\/v2\/types\/post"}],"author":[{"embeddable":true,"href":"https:\/\/diarioelpopular.com\/index.php\/wp-json\/wp\/v2\/users\/5842"}],"replies":[{"embeddable":true,"href":"https:\/\/diarioelpopular.com\/index.php\/wp-json\/wp\/v2\/comments?post=470260"}],"version-history":[{"count":2,"href":"https:\/\/diarioelpopular.com\/index.php\/wp-json\/wp\/v2\/posts\/470260\/revisions"}],"predecessor-version":[{"id":470263,"href":"https:\/\/diarioelpopular.com\/index.php\/wp-json\/wp\/v2\/posts\/470260\/revisions\/470263"}],"wp:attachment":[{"href":"https:\/\/diarioelpopular.com\/index.php\/wp-json\/wp\/v2\/media?parent=470260"}],"wp:term":[{"taxonomy":"category","embeddable":true,"href":"https:\/\/diarioelpopular.com\/index.php\/wp-json\/wp\/v2\/categories?post=470260"},{"taxonomy":"post_tag","embeddable":true,"href":"https:\/\/diarioelpopular.com\/index.php\/wp-json\/wp\/v2\/tags?post=470260"}],"curies":[{"name":"wp","href":"https:\/\/api.w.org\/{rel}","templated":true}]}}