{"id":470264,"date":"2017-02-19T16:56:14","date_gmt":"2017-02-19T21:56:14","guid":{"rendered":"http:\/\/diarioelpopular.com\/?p=470264"},"modified":"2017-02-19T16:56:22","modified_gmt":"2017-02-19T21:56:22","slug":"mccain-lo-primero-que-hacen-los-dictadores-es-reprimir-a-la-prensa","status":"publish","type":"post","link":"https:\/\/diarioelpopular.com\/index.php\/2017\/02\/19\/mccain-lo-primero-que-hacen-los-dictadores-es-reprimir-a-la-prensa\/","title":{"rendered":"McCain: \u201cLo primero que hacen los dictadores es reprimir a la prensa\u201d"},"content":{"rendered":"<div id=\"cuerpo_noticia\" class=\"articulo-cuerpo\" style=\"color: #444444\">\n<div id=\"attachment_470265\" style=\"width: 570px\" class=\"wp-caption aligncenter\"><a href=\"https:\/\/diarioelpopular.com\/wp-content\/uploads\/2017\/02\/1487527835_388348_1487528249_noticia_normal_recorte1.jpg\"><img loading=\"lazy\" decoding=\"async\" aria-describedby=\"caption-attachment-470265\" class=\"size-large wp-image-470265\" src=\"https:\/\/diarioelpopular.com\/wp-content\/uploads\/2017\/02\/1487527835_388348_1487528249_noticia_normal_recorte1-560x319.jpg\" alt=\"El senador John McCain, el viernes en M\u00fanich \" width=\"560\" height=\"319\" \/><\/a><p id=\"caption-attachment-470265\" class=\"wp-caption-text\">El senador John McCain, el viernes en M\u00fanich<\/p><\/div>\n<p dir=\"ltr\" style=\"font-style: inherit\">No dijo que\u00a0<a style=\"font-style: inherit;color: #016ca2\" href=\"http:\/\/elpais.com\/tag\/donald_trump\/a\/\">Donald Trump<\/a>\u00a0quiera ser un dictador, pero el senador republicano John McCain lanz\u00f3 este domingo una severa advertencia a la ofensiva del presidente estadounidense contra la prensa. \u201cCuando miras las historia, lo primero que hacen los dictadores es reprimir a la prensa\u201d, dijo el veterano legislador en una entrevista a la cadena NBC. Fue su reacci\u00f3n a la afirmaci\u00f3n de Trump el viernes que\u00a0<a style=\"font-style: inherit;color: #016ca2\" href=\"http:\/\/internacional.elpais.com\/internacional\/2017\/02\/18\/estados_unidos\/1487374207_339655.html\">calific\u00f3<\/a>\u00a0a los medios de comunicaci\u00f3n como \u201cel enemigo del pueblo americano\u201d.<\/p>\n<p dir=\"ltr\" style=\"font-style: inherit\">\u201cSi quieres preservar la democracia como la conocemos, tienes que tener una prensa libre y, muchas veces, adversaria. Y sin ella, me temo que perder\u00edamos muchas de las libertades individuales con el tiempo. As\u00ed es como empiezan los dictadores\u201d, dijo McCain en una entrevista desde la conferencia de seguridad de M\u00fanich, en la que ya critic\u00f3 el convulso funcionamiento de la Casa Blanca de Trump.<\/p>\n<p dir=\"ltr\" style=\"font-style: inherit\">El candidato republicano en las elecciones de 2008 pidi\u00f3 \u201caprender las lecciones de la historia\u201d, y admiti\u00f3 que \u00e9l \u201codia\u201d la prensa pero que sabe que su papel es \u201cvital\u201d.<\/p>\n<p dir=\"ltr\" style=\"font-style: inherit\">McCain es un cr\u00edtico frecuente del republicano Trump, especialmente en asuntos de seguridad. Los rifirrafes entre el senador y el presidente son constantes desde hace meses. Pero sus palabras evidencian la creciente inquietud del<em>establishment<\/em>\u00a0republicano y de figuras respetadas ante la realidad de que Trump ha mantenido como presidente la ret\u00f3rica incendiaria que ten\u00eda como candidato.<\/p>\n<p dir=\"ltr\" style=\"font-style: inherit\">Antes de ceder la presidencia, el dem\u00f3crata Barack Obama defendi\u00f3 la importancia de una prensa robusta.<\/p>\n<p dir=\"ltr\" style=\"font-style: inherit\">Trump ha hecho de la prensa su mayor enemigo desde que asumi\u00f3 el poder hace un mes. La ofensiva coincide con la visi\u00f3n de su estratega jefe Steve Bannon, exresponsable de una publicaci\u00f3n de referencia para la derecha radical estadounidense, que sostiene que el\u00a0<a style=\"font-style: inherit;color: #016ca2\" href=\"http:\/\/internacional.elpais.com\/internacional\/2017\/01\/26\/estados_unidos\/1485466794_287171.html\">partido de la oposici\u00f3n para la Administraci\u00f3n Trump es \u201cla prensa\u201d<\/a>\u00a0y no el Partido Dem\u00f3crata.<\/p>\n<p dir=\"ltr\" style=\"font-style: inherit\">En un\u00a0<a style=\"font-style: inherit;color: #016ca2\" href=\"https:\/\/twitter.com\/realDonaldTrump\/status\/832708293516632065\">tuit<\/a>, el presidente escribi\u00f3 el viernes: \u201cLas noticias falsas de los medios fallidos (<em>The New York Times<\/em>, NBC, ABC, CBS, CNN) no son mi enemigo, son el enemigo del pueblo americano\u201d. A los pocos minutos del mensaje, Trump escribi\u00f3 un segundo\u00a0<a style=\"font-style: inherit;color: #016ca2\" href=\"https:\/\/twitter.com\/realDonaldTrump\/status\/832730328108134402\">tuit<\/a>\u00a0en el que calific\u00f3 a los medios de distribuir informaci\u00f3n \u201cfalsa\u201d y \u201cdeshonesta\u201d.<\/p>\n<p style=\"font-style: inherit\">El s\u00e1bado, en un mitin en Florida, redobl\u00f3 sus ataques. Habl\u00f3 de \u201clos medios deshonestos\u201d y los describi\u00f3 como \u201cparte importante de los problemas de este sistema corrupto\u201d.<\/p>\n<p style=\"font-style: inherit\">Las palabras de Trump siguen dando que hablar en Estados Unidos. Los diarios<em>The New York Times<\/em>\u00a0y\u00a0<em>The Washington Post<\/em>\u00a0recuerdan este fin de semana c\u00f3mo el t\u00e9rmino \u201cenemigo del pueblo\u201d hab\u00eda sido empleado por el r\u00e9gimen nazi para referirse a los jud\u00edos y por la Uni\u00f3n Sovi\u00e9tica para denigrar a sus rivales. \u201cNunca hab\u00eda sido pronunciado por el l\u00edder del mundo libre. Otro ejemplo m\u00e1s de c\u00f3mo la presidencia Trump no tiene verdaderamente precedentes en la historia de EE UU\u201d,\u00a0<a style=\"font-style: inherit;color: #016ca2\" href=\"https:\/\/www.washingtonpost.com\/news\/worldviews\/wp\/2017\/02\/18\/trump-called-the-news-media-an-enemy-of-the-american-people-heres-a-history-of-the-term\/?utm_term=.32d2a20441ca\">escribe<\/a>\u00a0el\u00a0<em>Post<\/em>.<\/p>\n<\/div>\n","protected":false},"excerpt":{"rendered":"<p>El senador republicano critica que Trump llamara a los periodistas \u201cel enemigo del pueblo americano\u201d<\/p>\n","protected":false},"author":5842,"featured_media":0,"comment_status":"open","ping_status":"open","sticky":false,"template":"","format":"standard","meta":{"footnotes":""},"categories":[24],"tags":[],"class_list":["post-470264","post","type-post","status-publish","format-standard","hentry","category-mundo"],"_links":{"self":[{"href":"https:\/\/diarioelpopular.com\/index.php\/wp-json\/wp\/v2\/posts\/470264","targetHints":{"allow":["GET"]}}],"collection":[{"href":"https:\/\/diarioelpopular.com\/index.php\/wp-json\/wp\/v2\/posts"}],"about":[{"href":"https:\/\/diarioelpopular.com\/index.php\/wp-json\/wp\/v2\/types\/post"}],"author":[{"embeddable":true,"href":"https:\/\/diarioelpopular.com\/index.php\/wp-json\/wp\/v2\/users\/5842"}],"replies":[{"embeddable":true,"href":"https:\/\/diarioelpopular.com\/index.php\/wp-json\/wp\/v2\/comments?post=470264"}],"version-history":[{"count":1,"href":"https:\/\/diarioelpopular.com\/index.php\/wp-json\/wp\/v2\/posts\/470264\/revisions"}],"predecessor-version":[{"id":470266,"href":"https:\/\/diarioelpopular.com\/index.php\/wp-json\/wp\/v2\/posts\/470264\/revisions\/470266"}],"wp:attachment":[{"href":"https:\/\/diarioelpopular.com\/index.php\/wp-json\/wp\/v2\/media?parent=470264"}],"wp:term":[{"taxonomy":"category","embeddable":true,"href":"https:\/\/diarioelpopular.com\/index.php\/wp-json\/wp\/v2\/categories?post=470264"},{"taxonomy":"post_tag","embeddable":true,"href":"https:\/\/diarioelpopular.com\/index.php\/wp-json\/wp\/v2\/tags?post=470264"}],"curies":[{"name":"wp","href":"https:\/\/api.w.org\/{rel}","templated":true}]}}