{"id":470285,"date":"2017-02-21T12:21:58","date_gmt":"2017-02-21T17:21:58","guid":{"rendered":"http:\/\/diarioelpopular.com\/?p=470285"},"modified":"2017-02-21T12:22:08","modified_gmt":"2017-02-21T17:22:08","slug":"trump-abre-la-puerta-a-las-deportaciones-masivas-de-indocumentados","status":"publish","type":"post","link":"https:\/\/diarioelpopular.com\/index.php\/2017\/02\/21\/trump-abre-la-puerta-a-las-deportaciones-masivas-de-indocumentados\/","title":{"rendered":"Trump abre la puerta a las deportaciones masivas de indocumentados"},"content":{"rendered":"<div id=\"attachment_470286\" style=\"width: 570px\" class=\"wp-caption aligncenter\"><a href=\"https:\/\/diarioelpopular.com\/wp-content\/uploads\/2017\/02\/1487691683_765713_1487692324_noticia_normal_recorte1.jpg\"><img loading=\"lazy\" decoding=\"async\" aria-describedby=\"caption-attachment-470286\" class=\"size-large wp-image-470286\" src=\"https:\/\/diarioelpopular.com\/wp-content\/uploads\/2017\/02\/1487691683_765713_1487692324_noticia_normal_recorte1-560x313.jpg\" alt=\"Donald Trump este lunes.\" width=\"560\" height=\"313\" \/><\/a><p id=\"caption-attachment-470286\" class=\"wp-caption-text\">Donald Trump este lunes.<\/p><\/div>\n<p style=\"color: #444444\"><a style=\"font-style: inherit;color: #016ca2\" href=\"http:\/\/elpais.com\/tag\/donald_trump\/a\/\">Donald Trump<\/a>\u00a0ha abierto la puerta a las deportaciones masivas. Las nuevas directrices del departamento de Seguridad Interior, difundidas este martes, entierran el legado de Obama y ampl\u00edan la persecuci\u00f3n a casi todos los\u00a0<em>sin papeles<\/em>. No se trata solo de que los funcionarios incrementen sus competencias o de la contrataci\u00f3n de 15.000 nuevos agentes. El n\u00facleo de la ofensiva migratoria radica en la posibilidad de\u00a0<a style=\"font-style: inherit;color: #016ca2\" href=\"http:\/\/internacional.elpais.com\/internacional\/2017\/02\/20\/estados_unidos\/1487601745_277175.html\">aplicar<\/a>\u00a0las expulsiones inmediatas a pr\u00e1cticamente todos aquellos que lleven menos de tres a\u00f1os en el pa\u00eds.<\/p>\n<p style=\"color: #444444\">El giro es radical. El pa\u00eds que se hizo grande con la emigraci\u00f3n le da la espalda ahora a 11 millones de indocumentados, la mitad mexicanos. Hasta ahora los agentes ten\u00edan como objetivo prioritario la captura de todos aquellos que hubiesen cometido un delito grave. Con las nuevas directrices el foco se ampl\u00eda y se reducen a \u201cextremadamente limitadas excepciones\u201d los casos que se libran de la norma.<\/p>\n<section id=\"sumario_1|apoyos\" class=\"sumario_apoyos derecha\" style=\"color: #444444\"><a style=\"font-style: inherit;color: #016ca2\" name=\"sumario_1\"><\/a><\/section>\n<div class=\"sumario__interior\" style=\"font-style: inherit\">\n<header class=\"sumario-encabezado\" style=\"font-style: inherit\">\n<h3 class=\"sumario-titulo\" style=\"font-style: inherit;color: #111111\"><span class=\"sin_enlace\" style=\"font-weight: inherit;font-style: inherit\">M\u00c1S INFORMACI\u00d3N<\/span><\/h3>\n<\/header>\n<div class=\"sumario-texto\" style=\"font-style: inherit\">\n<div class=\"apoyos\" style=\"font-style: inherit\">\n<ul class=\"apoyos-listado\" style=\"font-style: inherit\">\n<li class=\"apoyo_normal apoyo_sinfoto\" style=\"font-style: inherit\"><span class=\"apoyo-titulo\" style=\"font-style: inherit\"><a style=\"font-style: inherit;color: #000000\" href=\"http:\/\/internacional.elpais.com\/internacional\/2017\/01\/13\/actualidad\/1484322393_809504.html\">Estados Unidos: \u00bfDe la gran inclusi\u00f3n a la gran expulsi\u00f3n?<\/a><\/span><\/li>\n<\/ul>\n<p>\u201cTodos aquellos que violen las leyes de inmigraci\u00f3n pueden ser sujetos de los nuevos procedimientos, incluyendo la expulsi\u00f3n de Estados Unidos\u201d, dice la directriz.<\/p>\n<p>Tambi\u00e9n se restringe la pr\u00e1ctica de dejar en libertad condicional a los detenidos. \u201cEsta medida ser\u00e1 usada excepcionalmente y solo en los casos donde, despu\u00e9s de un atento estudio de las circunstancias se considere necesaria por razones humanitarias o por un significante beneficio p\u00fablico\u201d, reza la orden.<\/p>\n<p>Ahora, el objetivo es devolverles lo antes posible a sus pa\u00edses de origen. Para ello, se rompen los candados del proceso de expulsi\u00f3n inmediata. Esta modalidad se aplicaba hasta ahora a aquellos inmigrantes que hubiesen pasado menos de dos semanas en el pa\u00eds y estuviesen a no m\u00e1s de 160 kil\u00f3metros de la divisoria.<\/p>\n<p>Con la nueva directriz, se anulan los l\u00edmites geogr\u00e1ficos y se extiende su aplicaci\u00f3n a todos aquellos que lleven hasta dos a\u00f1os en territorio estadounidense. S\u00f3lo quedar\u00e1n fuera los menores, los peticionarios de asilo y quienes pueden demostrar la legalidad de su estatus migratorio.<\/p>\n<p>En este plan, M\u00e9xico figura como gran\u00a0<a style=\"font-style: inherit;color: #016ca2\" href=\"http:\/\/internacional.elpais.com\/internacional\/2017\/02\/12\/mexico\/1486932258_551829.html\">diana<\/a>. El Gobierno de Trump considera prioritario asegurar la frontera sur. Para ello pone en marcha con car\u00e1cter inmediato la b\u00fasqueda de fondos para \u201cdise\u00f1ar, construir y mantener el muro\u201d. En esta l\u00ednea, tambi\u00e9n abre el proceso para \u201cidentificar y cuantificar todas las fuentes directas o indirectas de ayudas federales y asistencia al Gobierno mexicano\u201d.<\/p>\n<p>Esta iniciativa tiene como fin fijar la cantidad que el vecino del sur recibe de Washington y utilizarla para forzar el pago del muro por parte de M\u00e9xico, uno de los axiomas del presidente de Estados Unidos.<\/p>\n<p>Fuera de estos planes queda, seg\u00fan los borradores, el programa de Obama destinado a proteger a los\u00a0<em>dreamers<\/em>, los menores escolarizados que llegaron sin papeles a Estados Unidos. Un sistema que ha permitido otorgar permiso de trabajo a 750.000 inmigrantes y que el propio Trump ha reconocido, en tono de culebr\u00f3n, que le ser\u00e1 complicado liquidar.<\/p>\n<p>\u201cLa situaci\u00f3n de estos menores es muy dif\u00edcil para m\u00ed, mucho\u2026 porque yo amo a esos ni\u00f1os; yo mismo tengo ni\u00f1os y nietos, y encuentro muy, muy dif\u00edcil hacer lo que las leyes ordenan. Y todos saben que la ley es dura\u201d, dijo la semana pasada.<\/p>\n<\/div>\n<\/div>\n<\/div>\n","protected":false},"excerpt":{"rendered":"<p>El departamento de Seguridad Interior contratar\u00e1 15.000 nuevos agentes y ampliar\u00e1 el foco de la persecuci\u00f3n a casi todos los que lleven menos de tres a\u00f1os en el pa\u00eds<\/p>\n","protected":false},"author":5842,"featured_media":0,"comment_status":"open","ping_status":"open","sticky":false,"template":"","format":"standard","meta":{"footnotes":""},"categories":[24],"tags":[],"class_list":["post-470285","post","type-post","status-publish","format-standard","hentry","category-mundo"],"_links":{"self":[{"href":"https:\/\/diarioelpopular.com\/index.php\/wp-json\/wp\/v2\/posts\/470285","targetHints":{"allow":["GET"]}}],"collection":[{"href":"https:\/\/diarioelpopular.com\/index.php\/wp-json\/wp\/v2\/posts"}],"about":[{"href":"https:\/\/diarioelpopular.com\/index.php\/wp-json\/wp\/v2\/types\/post"}],"author":[{"embeddable":true,"href":"https:\/\/diarioelpopular.com\/index.php\/wp-json\/wp\/v2\/users\/5842"}],"replies":[{"embeddable":true,"href":"https:\/\/diarioelpopular.com\/index.php\/wp-json\/wp\/v2\/comments?post=470285"}],"version-history":[{"count":2,"href":"https:\/\/diarioelpopular.com\/index.php\/wp-json\/wp\/v2\/posts\/470285\/revisions"}],"predecessor-version":[{"id":470288,"href":"https:\/\/diarioelpopular.com\/index.php\/wp-json\/wp\/v2\/posts\/470285\/revisions\/470288"}],"wp:attachment":[{"href":"https:\/\/diarioelpopular.com\/index.php\/wp-json\/wp\/v2\/media?parent=470285"}],"wp:term":[{"taxonomy":"category","embeddable":true,"href":"https:\/\/diarioelpopular.com\/index.php\/wp-json\/wp\/v2\/categories?post=470285"},{"taxonomy":"post_tag","embeddable":true,"href":"https:\/\/diarioelpopular.com\/index.php\/wp-json\/wp\/v2\/tags?post=470285"}],"curies":[{"name":"wp","href":"https:\/\/api.w.org\/{rel}","templated":true}]}}