{"id":470295,"date":"2017-02-21T15:32:40","date_gmt":"2017-02-21T20:32:40","guid":{"rendered":"http:\/\/diarioelpopular.com\/?p=470295"},"modified":"2017-02-21T15:32:49","modified_gmt":"2017-02-21T20:32:49","slug":"desclasificado-un-informe-del-fbi-fred-trump-me-dijo-que-no-alquilara-apartamentos-a-negros","status":"publish","type":"post","link":"https:\/\/diarioelpopular.com\/index.php\/2017\/02\/21\/desclasificado-un-informe-del-fbi-fred-trump-me-dijo-que-no-alquilara-apartamentos-a-negros\/","title":{"rendered":"Desclasificado un informe del FBI: \u201cFred Trump me dijo que no alquilara apartamentos a negros\u201d"},"content":{"rendered":"<div id=\"attachment_470296\" style=\"width: 570px\" class=\"wp-caption aligncenter\"><a href=\"https:\/\/diarioelpopular.com\/wp-content\/uploads\/2017\/02\/1487256396_855381_1487673828_noticia_fotograma.jpg\"><img loading=\"lazy\" decoding=\"async\" aria-describedby=\"caption-attachment-470296\" class=\"size-large wp-image-470296\" src=\"https:\/\/diarioelpopular.com\/wp-content\/uploads\/2017\/02\/1487256396_855381_1487673828_noticia_fotograma-560x314.jpg\" alt=\"Donald Trump con su padre, Fred, en la inauguraci\u00f3n de la pista de hielo de Central Park en 1987.\" width=\"560\" height=\"314\" \/><\/a><p id=\"caption-attachment-470296\" class=\"wp-caption-text\">Donald Trump con su padre, Fred, en la inauguraci\u00f3n de la pista de hielo de Central Park en 1987.<\/p><\/div>\n<p style=\"color: #444444\">Para alquilar uno de los apartamentos que Fred Trump promov\u00eda en Staten Island, uno de los cinco grandes distritos de Nueva York, hab\u00eda que ganar al mes cuatro veces lo que val\u00eda la renta. Era 1973, el piso m\u00e1s barato costaba unos 160 d\u00f3lares, y pedir un certificado de ingresos resultaba -y resulta- una forma de cribar a inquilinos de menor solvencia. Pero, seg\u00fan la versi\u00f3n de uno de los empleados del viejo Trump, si la familia o individuo interesado era negro, las cosas se pon\u00edan m\u00e1s cuesta arriba: &#8220;Al final de mis dos semanas en Tysen Park, Fred Trump me dijo que no alquilara a negros. Tambi\u00e9n quer\u00eda que me librara de los que hab\u00eda en el edificio dici\u00e9ndoles que hab\u00eda viviendas baratas disponibles para ellos&#8221;, declar\u00f3 un exempleado, que hab\u00eda sido despedido a las pocas semanas de trabajar con el constructor.<\/p>\n<section id=\"sumario_1|apoyos\" class=\"sumario_apoyos derecha\" style=\"color: #444444\"><a style=\"font-style: inherit;color: #016ca2\" name=\"sumario_1\"><\/a><\/p>\n<div class=\"sumario__interior\" style=\"font-style: inherit\">\n<header class=\"sumario-encabezado\" style=\"font-style: inherit\">\n<h3 class=\"sumario-titulo\" style=\"font-style: inherit;color: #111111\"><span class=\"sin_enlace\" style=\"font-weight: inherit;font-style: inherit\">M\u00c1S INFORMACI\u00d3N<\/span><\/h3>\n<\/header>\n<div class=\"sumario-texto\" style=\"font-style: inherit\">\n<div class=\"apoyos\" style=\"font-style: inherit\">\n<ul class=\"apoyos-listado\" style=\"font-style: inherit\">\n<li class=\"apoyo_normal apoyo_sinfoto\" style=\"font-style: inherit\"><span class=\"apoyo-titulo\" style=\"font-style: inherit\"><a style=\"font-style: inherit;color: #000000\" href=\"http:\/\/internacional.elpais.com\/internacional\/2016\/11\/13\/actualidad\/1478992142_825793.html\">Donald Trump, el demagogo que capitaliz\u00f3 la ira<\/a><\/span><\/li>\n<li class=\"apoyo_normal apoyo_sinfoto\" style=\"font-style: inherit\"><span class=\"apoyo-titulo\" style=\"font-style: inherit\"><a style=\"font-style: inherit;color: #000000\" href=\"http:\/\/internacional.elpais.com\/internacional\/2016\/02\/22\/estados_unidos\/1456168676_465163.html\">Sanders y Trump: la pelea de dos neoyorquinos de barrio<\/a><\/span><\/li>\n<li class=\"apoyo_normal apoyo_sinfoto\" style=\"font-style: inherit\"><span class=\"apoyo-titulo\" style=\"font-style: inherit\"><a style=\"font-style: inherit;color: #000000\" href=\"http:\/\/internacional.elpais.com\/internacional\/2016\/08\/27\/actualidad\/1472323365_318830.html\">El historial de discriminaci\u00f3n de Trump lastra su acercamiento al votante negro<\/a><\/span><\/li>\n<\/ul>\n<\/div>\n<\/div>\n<\/div>\n<\/section>\n<p style=\"color: #444444\">El testimonio est\u00e1 recogido de\u00a0<a style=\"font-style: inherit;color: #016ca2\" href=\"https:\/\/vault.fbi.gov\/trump-management-company\/Trump%20Management%20Company%20Part%2001%20of%2001\/view\">un largo informe que el FBI<\/a>ha desclasificado esta misma semana y aborda una demanda por discriminaci\u00f3n racial que el\u00a0<a style=\"font-style: inherit;color: #016ca2\" href=\"http:\/\/elpais.com\/tag\/donald_trump\/a\">hoy presidente de Estados Unidos<\/a>\u00a0y su padre recibieron hace cuatro d\u00e9cadas, de la que\u00a0<em>The Washington Post<\/em>\u00a0inform\u00f3 el a\u00f1o pasado. El caso se resolvi\u00f3 con un acuerdo extrajudicial y con el compromiso de Trump de mejorar sus pr\u00e1cticas para evitar riesgo de discriminaci\u00f3n, aunque no admiti\u00f3 culpas ni fue sancionado por ello.<\/p>\n<p style=\"color: #444444\">\u00a0La composici\u00f3n racial de esa promoci\u00f3n de viviendas de la que hablaba el empleado a los investigadores, formada por 700 unidades, era de un 15% de hispanos, 2% negros. Durante el tiempo que trabaj\u00f3 all\u00ed, encontr\u00f3 a una familia afroamericana que cumpl\u00eda los par\u00e1metros necesarios para alquilar un apartamento, pero el jefe los rechaz\u00f3: &#8220;Me dijo que eran negros y ya est\u00e1&#8221;, dijo el empleado. Pese a lo cruda de esta declaraci\u00f3n, el constructor siempre neg\u00f3 la discriminaci\u00f3n de las minor\u00edas, &#8220;va en contra la ley&#8221;, dijo cuando el empleado le pregunt\u00f3 abiertamente por ello.<\/p>\n<p style=\"color: #444444\">Fred Trump hizo fortuna construyendo viviendas en Queens, Brooklyn y Staten Island para bolsillos modestos. El verdadero apellido de la familia era Trumpf, con la efe, pero tras la Segunda Guerra Mundial, Fred ment\u00eda sobre su origen alem\u00e1n y se presentaba como sueco para no ahuyentar a vecinos jud\u00edos. El caso en el que se le acus\u00f3 de discriminaci\u00f3n arranca en una \u00e9poca de tensiones raciales y la zona en la que Trump hijo -hoy presidente- naci\u00f3 es especialmente multicultural.<\/p>\n<p style=\"color: #444444\">Trump hijo estudi\u00f3 en la escuela de negocios de Wharton y se puso a trabajar con su padre. Cuando las investigaciones tuvieron lugar, era un joven de menos de 30 a\u00f1os a punto de cumplir su sue\u00f1o: dar el salto a Manhattan y convertirse en el magnate inmobiliario que es hoy. El expediente ha sido publicado por el FBI en una apartado de la p\u00e1gina web en el que se recogen asuntos sobre los que el departamento federal ha recibido muchas solicitudes de informaci\u00f3n.<\/p>\n<p style=\"color: #444444\">En el documento, de casi 400 p\u00e1ginas, otro testigo afroamericano relata que, en 1968, trat\u00f3 de alquilar una vivienda en Jamaica, una zona de Queens, en respuesta a un anuncio que hab\u00eda visto. El responsable le dijo que ya no estaba disponible, pero un amigo suyo blanco prob\u00f3 suerte tan solo unas horas despu\u00e9s y no hubo problema. La investigaci\u00f3n tuvo lugar entre 1972 y 1974, y el departamento de Justicia impuls\u00f3 la causa en el 73, aunque padre e hijo lograron resolverlo en el 75.<\/p>\n","protected":false},"excerpt":{"rendered":"<p>Sale a la luz el expediente del caso de discriminaci\u00f3n racial presentado contra el presidente de Estados Unidos y su padre hace casi 40 a\u00f1os. Se resolvi\u00f3 con un acuerdo sin admitir responsabilidades.<\/p>\n","protected":false},"author":5842,"featured_media":0,"comment_status":"open","ping_status":"open","sticky":false,"template":"","format":"standard","meta":{"footnotes":""},"categories":[24],"tags":[],"class_list":["post-470295","post","type-post","status-publish","format-standard","hentry","category-mundo"],"_links":{"self":[{"href":"https:\/\/diarioelpopular.com\/index.php\/wp-json\/wp\/v2\/posts\/470295","targetHints":{"allow":["GET"]}}],"collection":[{"href":"https:\/\/diarioelpopular.com\/index.php\/wp-json\/wp\/v2\/posts"}],"about":[{"href":"https:\/\/diarioelpopular.com\/index.php\/wp-json\/wp\/v2\/types\/post"}],"author":[{"embeddable":true,"href":"https:\/\/diarioelpopular.com\/index.php\/wp-json\/wp\/v2\/users\/5842"}],"replies":[{"embeddable":true,"href":"https:\/\/diarioelpopular.com\/index.php\/wp-json\/wp\/v2\/comments?post=470295"}],"version-history":[{"count":1,"href":"https:\/\/diarioelpopular.com\/index.php\/wp-json\/wp\/v2\/posts\/470295\/revisions"}],"predecessor-version":[{"id":470297,"href":"https:\/\/diarioelpopular.com\/index.php\/wp-json\/wp\/v2\/posts\/470295\/revisions\/470297"}],"wp:attachment":[{"href":"https:\/\/diarioelpopular.com\/index.php\/wp-json\/wp\/v2\/media?parent=470295"}],"wp:term":[{"taxonomy":"category","embeddable":true,"href":"https:\/\/diarioelpopular.com\/index.php\/wp-json\/wp\/v2\/categories?post=470295"},{"taxonomy":"post_tag","embeddable":true,"href":"https:\/\/diarioelpopular.com\/index.php\/wp-json\/wp\/v2\/tags?post=470295"}],"curies":[{"name":"wp","href":"https:\/\/api.w.org\/{rel}","templated":true}]}}