{"id":470305,"date":"2017-02-22T09:17:10","date_gmt":"2017-02-22T14:17:10","guid":{"rendered":"http:\/\/diarioelpopular.com\/?p=470305"},"modified":"2017-02-22T09:17:19","modified_gmt":"2017-02-22T14:17:19","slug":"pasen-desapercibidos-lo-mejor-que-puedan","status":"publish","type":"post","link":"https:\/\/diarioelpopular.com\/index.php\/2017\/02\/22\/pasen-desapercibidos-lo-mejor-que-puedan\/","title":{"rendered":"\u201cPasen desapercibidos lo mejor que puedan\u201d"},"content":{"rendered":"<div id=\"attachment_470306\" style=\"width: 570px\" class=\"wp-caption aligncenter\"><a href=\"https:\/\/diarioelpopular.com\/wp-content\/uploads\/2017\/02\/1487718324_488724_1487724803_noticia_normal_recorte1.jpg\"><img loading=\"lazy\" decoding=\"async\" aria-describedby=\"caption-attachment-470306\" class=\"size-large wp-image-470306\" src=\"https:\/\/diarioelpopular.com\/wp-content\/uploads\/2017\/02\/1487718324_488724_1487724803_noticia_normal_recorte1-560x344.jpg\" alt=\"Agentes de inmigraci\u00f3n trasladan a un detenido en Los \u00c1ngeles.\" width=\"560\" height=\"344\" \/><\/a><p id=\"caption-attachment-470306\" class=\"wp-caption-text\">Agentes de inmigraci\u00f3n trasladan a un detenido en Los \u00c1ngeles.<\/p><\/div>\n<p style=\"color: #444444\">La ma\u00f1ana que Donald Trump cambi\u00f3 sus vidas, Jos\u00e9 Eduardo Paz y Ra\u00fal Garc\u00eda esperaban como siempre en el aparcamiento de una tienda Home Depot en el sur de\u00a0<a style=\"font-style: inherit;color: #016ca2\" href=\"http:\/\/elpais.com\/tag\/los_angeles\/a\" target=\"_blank\">Los \u00c1ngeles a<\/a>\u00a0que les contratara durante unas horas alg\u00fan patr\u00f3n con una obra pendiente. Son indocumentados, el primero hondure\u00f1o y el otro mexicano. Paz lleva 14 a\u00f1os en Estados Unidos y Garc\u00eda, 26. Tienen familia aqu\u00ed e hijos estadounidenses. Los dos recuerdan haber sido detenidos alguna vez y soltados a las pocas horas porque no ten\u00edan antecedentes graves y su arraigo en Los \u00c1ngeles era evidente.\u00a0<a style=\"font-style: inherit;color: #016ca2\" href=\"http:\/\/internacional.elpais.com\/internacional\/2017\/02\/21\/estados_unidos\/1487691683_765713.html\" target=\"_blank\">La pr\u00f3xima vez, no ser\u00e1 as\u00ed.<\/a><\/p>\n<section id=\"sumario_2|apoyos\" class=\"sumario_apoyos derecha\" style=\"color: #444444\"><a style=\"font-style: inherit;color: #016ca2\" name=\"sumario_2\"><\/a><\/p>\n<div class=\"sumario__interior\" style=\"font-style: inherit\">\n<header class=\"sumario-encabezado\" style=\"font-style: inherit\">\n<h3 class=\"sumario-titulo\" style=\"font-style: inherit;color: #111111\"><span class=\"sin_enlace\" style=\"font-weight: inherit;font-style: inherit\">M\u00c1S INFORMACI\u00d3N<\/span><\/h3>\n<\/header>\n<div class=\"sumario-texto\" style=\"font-style: inherit\">\n<div class=\"apoyos\" style=\"font-style: inherit\">\n<ul class=\"apoyos-listado\" style=\"font-style: inherit\">\n<li class=\"apoyo_normal apoyo_sinfoto\" style=\"font-style: inherit\"><span class=\"apoyo-titulo\" style=\"font-style: inherit\"><a style=\"font-style: inherit;color: #000000\" href=\"https:\/\/www.dhs.gov\/news\/2017\/02\/21\/fact-sheet-executive-order-border-security-and-immigration-enforcement-improvements\">Consulta la primera directriz fronteriza (en ingl\u00e9s)<\/a><\/span><\/li>\n<li class=\"apoyo_ apoyo_sinfoto\" style=\"font-style: inherit\"><span class=\"apoyo-titulo\" style=\"font-style: inherit\"><a style=\"font-style: inherit;color: #000000\" href=\"https:\/\/www.dhs.gov\/news\/2017\/02\/21\/fact-sheet-enhancing-public-safety-interior-united-states\">Consulta la segunda directriz fronteriza (en ingl\u00e9s)<\/a><\/span><\/li>\n<li class=\"apoyo_ apoyo_sinfoto\" style=\"font-style: inherit\"><span class=\"apoyo-titulo\" style=\"font-style: inherit\"><a style=\"font-style: inherit;color: #000000\" href=\"http:\/\/internacional.elpais.com\/internacional\/2017\/01\/13\/actualidad\/1484322393_809504.html\">Estados Unidos: \u00bfDe la gran inclusi\u00f3n a la gran expulsi\u00f3n?<\/a><\/span><\/li>\n<li class=\"apoyo_ apoyo_sinfoto\" style=\"font-style: inherit\"><span class=\"apoyo-titulo\" style=\"font-style: inherit\"><a style=\"font-style: inherit;color: #000000\" href=\"http:\/\/internacional.elpais.com\/internacional\/2017\/02\/21\/estados_unidos\/1487691683_765713.html\">\u2018Trump abre la puerta a las deportaciones masivas de indocumentados<\/a><\/span><\/li>\n<\/ul>\n<\/div>\n<\/div>\n<\/div>\n<\/section>\n<p style=\"color: #444444\">Nadie est\u00e1 a salvo.\u00a0<a style=\"font-style: inherit;color: #016ca2\" href=\"http:\/\/internacional.elpais.com\/internacional\/2017\/02\/21\/estados_unidos\/1487709149_504441.html\" target=\"_blank\">Ese es el mensaje que el Gobierno de Donald Trump ha enviado a 11 millones de personas<\/a>\u00a0en Estados Unidos: su vida puede ser destruida en cualquier momento, por un error, pasado o futuro. Y Trump decide lo que se considera error. Las nuevas normas de deportaci\u00f3n detalladas por el Departamento de Seguridad Nacional, siguiendo las instrucciones del presidente Trump, ampl\u00edan enormemente la discreci\u00f3n de los agentes de inmigraci\u00f3n sobre lo que consideran un sospechoso, aceleran los procesos de deportaci\u00f3n y permiten deportar de forma instant\u00e1nea a cualquiera que no pueda demostrar en el momento de ser detenido que lleva m\u00e1s de dos a\u00f1os en el pa\u00eds, entre otras medidas.<\/p>\n<p style=\"color: #444444\">\u201cUno se siente ahora m\u00e1s perseguido e inseguro\u201d, dec\u00eda Paz, de 38 a\u00f1os. \u201cAntes pod\u00eda volar con mi pasaporte a Miami a ver a mi hermano. Ten\u00eda un trabajo en Las Vegas los fines de semana y el lunes a las 7 de la ma\u00f1ana volv\u00eda a estar aqu\u00ed&#8221;. Desde que empezaron las redadas, &#8220;ya no me atrevo a ir por si hay\u00a0<em>check points<\/em>\u00a0a la entrada de California. Esto me ha quitado libertad\u201d.<\/p>\n<p style=\"color: #444444\"><a style=\"font-style: inherit;color: #016ca2\" href=\"http:\/\/internacional.elpais.com\/internacional\/2017\/02\/21\/estados_unidos\/1487716006_447706.html\">Las leyes de inmigraci\u00f3n en s\u00ed no han cambiado, lo que ha cambiado es c\u00f3mo se aplican<\/a>, por medio de una orden ejecutiva del presidente y del memor\u00e1ndum con las gu\u00edas de aplicaci\u00f3n publicado el martes y que confirma los peores temores de la comunidad migrante indocumentada. \u201cObama deport\u00f3 a un chingo de gente, pero no fue tan abusivo\u201d, resum\u00eda Paz. \u201cCon Obama ten\u00edas que cometer un error. Ahora te pueden deportar por cualquier cosa\u201d.<\/p>\n<section id=\"sumario_3|foto\" class=\"sumario_foto centro\" style=\"color: #444444\"><a style=\"font-style: inherit;color: #016ca2\" name=\"sumario_3\"><\/a><\/p>\n<div class=\"sumario__interior\" style=\"font-style: inherit\">\n<figure class=\"foto foto_w980\" style=\"font-style: inherit\"><img loading=\"lazy\" decoding=\"async\" style=\"font-style: inherit\" title=\"Ra\u00fal Garc\u00eda (izquierda) y Jos\u00e9 Eduardo Paz, el martes en Los \u00c1ngeles.\" src=\"http:\/\/ep01.epimg.net\/internacional\/imagenes\/2017\/02\/22\/actualidad\/1487718324_488724_1487724329_sumario_normal.jpg\" alt=\"Ra\u00fal Garc\u00eda (izquierda) y Jos\u00e9 Eduardo Paz, el martes en Los \u00c1ngeles.\" width=\"980\" height=\"640\" \/><figcaption class=\"foto-pie\" style=\"font-style: inherit;color: #646464\">Ra\u00fal Garc\u00eda (izquierda) y Jos\u00e9 Eduardo Paz, el martes en Los \u00c1ngeles.\u00a0<span class=\"foto-firma\" style=\"font-style: inherit;color: #111111\"><span class=\"foto-autor\" style=\"font-style: inherit\">P. X. S.<\/span><\/span><\/figcaption><\/figure>\n<div class=\"sumario-texto\" style=\"font-style: inherit\"><\/div>\n<\/div>\n<\/section>\n<p style=\"color: #444444\">Por ejemplo, una madre de tres hijos estadounidenses en Arizona fue deportada el pasado d\u00eda 9 cuando su \u00fanico antecedente era haber trabajado con un n\u00famero de Seguridad Social falso. Ni siquiera pas\u00f3 por el juzgado. Paz y Garc\u00eda reconocen que, si es el criterio, \u201cnos pueden deportar a todos, todo el mundo ha hecho eso para poder trabajar\u201d.<\/p>\n<p style=\"color: #444444\">Ese era uno de los puntos m\u00e1s preocupantes para Sa\u00fal Cabello, asesor de inmigraci\u00f3n de una oficina Multi-Serv de asesor\u00eda legal en el sur de Los \u00c1ngeles. A las 10.30 de la ma\u00f1ana, poco despu\u00e9s de abrir la oficina, Cabello se acababa de imprimir el memor\u00e1ndum y se lo estaba estudiando para tratar de responder preguntas. Su primera conclusi\u00f3n del texto es que se ha acabado la posibilidad de salir en libertad condicional con una citaci\u00f3n judicial. \u201cLa gente va a ser detenida y deportada\u201d. Su recomendaci\u00f3n: \u201cTengan m\u00e1s cuidado que antes. Pasen desapercibidos lo mejor que puedan\u201d.<\/p>\n<p style=\"color: #444444\">El abogado especialista en inmigraci\u00f3n \u00c1lex G\u00e1lvez ten\u00eda el buz\u00f3n de voz del tel\u00e9fono lleno a media ma\u00f1ana. Para G\u00e1lvez, lo m\u00e1s preocupante es que el reglamento restringe mucho el margen de discreci\u00f3n que antes ten\u00edan los agentes de inmigraci\u00f3n. \u201cAntes los agentes de inmigraci\u00f3n en la calle pod\u00edan no ponerte en procedimiento al detenerte. A partir de hoy, todo el que caiga en manos de inmigraci\u00f3n tiene que ser procesado. Los agentes ya no tienen la libertad. Dependes del juez\u201d.<\/p>\n<section id=\"sumario_4|foto\" class=\"sumario_foto centro\" style=\"color: #444444\"><a style=\"font-style: inherit;color: #016ca2\" name=\"sumario_4\"><\/a><\/p>\n<div class=\"sumario__interior\" style=\"font-style: inherit\">\n<figure class=\"foto foto_w980\" style=\"font-style: inherit\"><img loading=\"lazy\" decoding=\"async\" style=\"font-style: inherit\" title=\"Sa\u00fal Cabello, asesor de inmigraci\u00f3n, con el reglamento de deportaciones.\" src=\"http:\/\/ep01.epimg.net\/internacional\/imagenes\/2017\/02\/22\/actualidad\/1487718324_488724_1487724481_sumario_normal.jpg\" alt=\"Sa\u00fal Cabello, asesor de inmigraci\u00f3n, con el reglamento de deportaciones.\" width=\"980\" height=\"617\" \/><figcaption class=\"foto-pie\" style=\"font-style: inherit;color: #646464\">Sa\u00fal Cabello, asesor de inmigraci\u00f3n, con el reglamento de deportaciones.\u00a0<span class=\"foto-firma\" style=\"font-style: inherit;color: #111111\"><span class=\"foto-autor\" style=\"font-style: inherit\">P. X. S.<\/span><\/span><\/figcaption><\/figure>\n<div class=\"sumario-texto\" style=\"font-style: inherit\"><\/div>\n<\/div>\n<\/section>\n<p style=\"color: #444444\"><a style=\"font-style: inherit;color: #016ca2\" href=\"http:\/\/internacional.elpais.com\/internacional\/2017\/02\/22\/actualidad\/1487719222_317614.html\" target=\"_blank\">En cuanto a las deportaciones instant\u00e1neas<\/a>\u00a0sin pasar por el juez, G\u00e1lvez cree que \u201ceso no se va a poder hacer\u201d. \u201cEs una violaci\u00f3n del derecho al debido proceso. Uno tiene el derecho de pelear su caso de deportaci\u00f3n, es un derecho constitucional. Si Trump no honra esos derechos vamos a ver muchas denuncias\u201d, dice G\u00e1lvez.<\/p>\n<p style=\"color: #444444\">El otro aspecto preocupante para G\u00e1lvez es que el reglamento contiene \u201cun lenguaje peligroso\u201d cuando habla de que los agentes de inmigraci\u00f3n pueden detener a alguien por una \u201csospecha razonable\u201d.\u00a0<a style=\"font-style: inherit;color: #016ca2\" href=\"http:\/\/internacional.elpais.com\/internacional\/2017\/02\/11\/estados_unidos\/1486787904_907116.html\" target=\"_blank\">Eso da pie a actuar seg\u00fan patrones raciales<\/a>. Una pol\u00edtica que ya fue declarada ilegal cuando la puso en marcha el sheriff Joe Arpaio (amigo de Trump) en Phoenix. \u201cParece que da mucha licencia a los condados o ciudades dispuestos a participar en deportaciones, luz verde para que la polic\u00eda act\u00fae como inmigraci\u00f3n. El Gobierno federal do luz verde a todos los\u00a0<em>arpaios<\/em>\u00a0en EE UU\u201d.<\/p>\n<p style=\"color: #444444\">Mientras Paz y Garc\u00eda, los indocumentados del Home Depot, hablan con el periodista, pasa por el aparcamiento un coche de la polic\u00eda de Huntington Park. Ni se para. \u201cA veces saludan\u201d, dicen los indocumentados. Las polic\u00edas locales de las grandes ciudades con muchos indocumentados no detienen a gente por ser indocumentada. Eso es lo que pretende cambiar tambi\u00e9n Trump, que pide la colaboraci\u00f3n de todas las fuerzas de seguridad del pa\u00eds para las deportaciones. A eso se refiere el abogado G\u00e1lvez con que el Gobierno da la bienvenida a todos los jefes de polic\u00eda que quieran colaborar. El martes, de momento, esa patrulla del aparcamiento no se daba por aludida.<\/p>\n<p style=\"color: #444444\"><a style=\"font-style: inherit;color: #016ca2\" href=\"http:\/\/internacional.elpais.com\/internacional\/2016\/11\/13\/actualidad\/1479054583_555103.html\" target=\"_blank\">Millones de indocumentados como Paz y Garc\u00eda saben que tendr\u00e1n que tener m\u00e1s cuidado<\/a>. Esconderse y evitar a la polic\u00eda no es algo nuevo. El peligro es que decidieran ir espec\u00edficamente a por ellos, ah\u00ed, en ese aparcamiento donde todo el mundo sabe que puede encontrarlos. Pero por el momento, Garc\u00eda ha sobrevivido a cuatro gobiernos distintos, cada uno con su pol\u00edtica migratoria. Eso le da cierta perspectiva. \u201cTengo fe en que no va a pasar nada. Yo llevo aqu\u00ed 26 a\u00f1os. Trump va a estar cuatro. Cuando se vaya, nosotros seguiremos aqu\u00ed\u201d.<\/p>\n<section id=\"sumario_1|despiece\" class=\"sumario_despiece centro\" style=\"color: #444444\"><a style=\"font-style: inherit;color: #016ca2\" name=\"sumario_1\"><\/a><\/p>\n<div class=\"sumario__interior\" style=\"font-style: inherit\">\n<header class=\"sumario-encabezado\" style=\"font-style: inherit\">\n<h4 class=\"sumario-titulo\" style=\"font-style: inherit;color: #111111\"><span class=\"sin_enlace\" style=\"font-weight: inherit;font-style: inherit\">LAS DEPORTACIONES MASIVAS AMENAZAN LA SEGURIDAD<\/span><\/h4>\n<\/header>\n<div class=\"sumario-texto\" style=\"font-style: inherit\">\n<p class=\"sumario-autor\" style=\"font-weight: bold;font-style: inherit;color: #111111\">P. X. S.<\/p>\n<p style=\"font-style: inherit\">California es el estado con m\u00e1s inmigrantes irregulares del pa\u00eds, con alrededor de 2,3 millones (el 6% de la poblaci\u00f3n), seg\u00fan el centro de estudios Pew. El punto de la polic\u00eda local es especialmente preocupante en regiones como Los \u00c1ngeles, donde los cuerpos de polic\u00eda llevan a\u00f1os aplicando una pol\u00edtica de no colaboraci\u00f3n con inmigraci\u00f3n. Es lo que se conoce popularmente como\u00a0<i>ciudades santuario<\/i>. En realidad, es simplemente que la polic\u00eda local no detiene a la gente por estar sin papeles. Si lo hicieran, cientos de miles de personas, quiz\u00e1 millones, no colaborar\u00edan con la polic\u00eda y no denunciar\u00edan por miedo. Esta pol\u00edtica lleva en marcha d\u00e9cadas y ha sido muy costoso lograr la confianza de las comunidades con gran presencia de indocumentados.<\/p>\n<p style=\"font-style: inherit\">Por eso el martes el alcalde de Los \u00c1ngeles, Eric Garcetti, public\u00f3 un comunicado en el que dec\u00eda que la pol\u00edtica migratoria no debe \u201cconvertir a la polic\u00eda en una fuerza de deportaci\u00f3n o extender un miedo general al apuntar a trabajadores inmigrantes que contribuyen tanto a nuestra econom\u00eda\u201d. \u201cLa gente que ya ha construido su vida en este pa\u00eds no deber\u00eda nunca tener que vivir con miedo de que separen a su familia\u201d, dice el comunicado. La Polic\u00eda de Los \u00c1ngeles, que depende del alcalde, ya ha dicho que no piensa colaborar con inmigraci\u00f3n.<\/p>\n<\/div>\n<\/div>\n<\/section>\n","protected":false},"excerpt":{"rendered":"<p>Las nuevas normas de deportaci\u00f3n llevan la angustia a 11 millones de personas indocumentadas y cambian las reglas para gente que lleva d\u00e9cadas en Estados Unidos<\/p>\n","protected":false},"author":5842,"featured_media":0,"comment_status":"open","ping_status":"open","sticky":false,"template":"","format":"standard","meta":{"footnotes":""},"categories":[24],"tags":[],"class_list":["post-470305","post","type-post","status-publish","format-standard","hentry","category-mundo"],"_links":{"self":[{"href":"https:\/\/diarioelpopular.com\/index.php\/wp-json\/wp\/v2\/posts\/470305","targetHints":{"allow":["GET"]}}],"collection":[{"href":"https:\/\/diarioelpopular.com\/index.php\/wp-json\/wp\/v2\/posts"}],"about":[{"href":"https:\/\/diarioelpopular.com\/index.php\/wp-json\/wp\/v2\/types\/post"}],"author":[{"embeddable":true,"href":"https:\/\/diarioelpopular.com\/index.php\/wp-json\/wp\/v2\/users\/5842"}],"replies":[{"embeddable":true,"href":"https:\/\/diarioelpopular.com\/index.php\/wp-json\/wp\/v2\/comments?post=470305"}],"version-history":[{"count":1,"href":"https:\/\/diarioelpopular.com\/index.php\/wp-json\/wp\/v2\/posts\/470305\/revisions"}],"predecessor-version":[{"id":470307,"href":"https:\/\/diarioelpopular.com\/index.php\/wp-json\/wp\/v2\/posts\/470305\/revisions\/470307"}],"wp:attachment":[{"href":"https:\/\/diarioelpopular.com\/index.php\/wp-json\/wp\/v2\/media?parent=470305"}],"wp:term":[{"taxonomy":"category","embeddable":true,"href":"https:\/\/diarioelpopular.com\/index.php\/wp-json\/wp\/v2\/categories?post=470305"},{"taxonomy":"post_tag","embeddable":true,"href":"https:\/\/diarioelpopular.com\/index.php\/wp-json\/wp\/v2\/tags?post=470305"}],"curies":[{"name":"wp","href":"https:\/\/api.w.org\/{rel}","templated":true}]}}