{"id":470484,"date":"2017-03-07T17:59:53","date_gmt":"2017-03-07T22:59:53","guid":{"rendered":"http:\/\/diarioelpopular.com\/?p=470484"},"modified":"2017-03-07T18:00:01","modified_gmt":"2017-03-07T23:00:01","slug":"el-gobierno-de-trump-estudia-separar-de-sus-familias-a-los-ninos-que-crucen-ilegalmente-la-frontera","status":"publish","type":"post","link":"https:\/\/diarioelpopular.com\/index.php\/2017\/03\/07\/el-gobierno-de-trump-estudia-separar-de-sus-familias-a-los-ninos-que-crucen-ilegalmente-la-frontera\/","title":{"rendered":"El Gobierno de Trump estudia separar de sus familias a los ni\u00f1os que crucen ilegalmente la frontera"},"content":{"rendered":"<div id=\"attachment_470485\" style=\"width: 570px\" class=\"wp-caption aligncenter\"><a href=\"https:\/\/diarioelpopular.com\/wp-content\/uploads\/2017\/03\/1488845640_738203_1488846020_noticia_normal_recorte1.jpg\"><img loading=\"lazy\" decoding=\"async\" aria-describedby=\"caption-attachment-470485\" class=\"size-large wp-image-470485\" src=\"https:\/\/diarioelpopular.com\/wp-content\/uploads\/2017\/03\/1488845640_738203_1488846020_noticia_normal_recorte1-560x372.jpg\" alt=\"Un resto de un trozo de moqueta que utilizan los inmigrantes como zapatillas, en la frontera con M\u00e9xico en Lukeville (Arizona) \" width=\"560\" height=\"372\" \/><\/a><p id=\"caption-attachment-470485\" class=\"wp-caption-text\">Un resto de un trozo de moqueta que utilizan los inmigrantes como zapatillas, en la frontera con M\u00e9xico en Lukeville (Arizona)<\/p><\/div>\n<p dir=\"ltr\" style=\"color: #444444\">Un ni\u00f1o que cruce ilegalmente a Estados Unidos con sus padres podr\u00eda ser separado de ellos si es descubierto por la polic\u00eda fronteriza. El Gobierno de<a style=\"font-style: inherit;color: #016ca2\" href=\"http:\/\/elpais.com\/tag\/donald_trump\/a\/\">Donald Trump<\/a>\u00a0est\u00e1 estudiando implementar ese cambio, en un nuevo ejemplo de la estrategia del presidente republicano de\u00a0<a style=\"font-style: inherit;color: #016ca2\" href=\"http:\/\/internacional.elpais.com\/internacional\/2017\/02\/21\/estados_unidos\/1487691683_765713.html\">mano dura<\/a>\u00a0contra la inmigraci\u00f3n irregular. \u201cPara disuadir m\u00e1s movimientos en esta red terriblemente peligrosa, estoy considerando exactamente eso\u201d, admiti\u00f3 este lunes el secretario de Seguridad Interior, John Kelly, en una entrevista a la cadena CNN.<\/p>\n<p dir=\"ltr\" style=\"color: #444444\">La nueva pol\u00edtica permitir\u00eda a las autoridades estadounidenses mantener bajo custodia a los padres mientras estos recurren su proceso de deportaci\u00f3n o llevan a cabo una petici\u00f3n de asilo. Los hijos estar\u00edan bajo custodia de los servicios sociales mientras se les buscar\u00eda un pariente o una familia que quisiera acogerlos. \u201cLos ni\u00f1os ser\u00edan bien tratados mientras nos encargamos de sus padres\u201d, explic\u00f3 Kelly.<\/p>\n<p dir=\"ltr\" style=\"color: #444444\">Actualmente, padres e hijos pasan juntos un m\u00e1ximo de tres semanas bajo custodia de las autoridades y se les permite quedarse en Estados Unidos hasta que se resuelva el caso de su entrada ilegal. La Justicia declar\u00f3 el pasado julio que los ni\u00f1os deber\u00edan ser liberados lo antes posible, pero no obligaba a que los padres tambi\u00e9n lo fueran. Para cumplir con ese fallo, el Gobierno de Barack Obama estableci\u00f3 que padres e hijos no pod\u00edan pasar m\u00e1s de 21 d\u00edas en un centro de detenci\u00f3n migratoria.<\/p>\n<section id=\"sumario_1|html\" class=\"sumario_html centro\" style=\"color: #444444\"><a style=\"font-style: inherit;color: #016ca2\" name=\"sumario_1\"><\/a><\/p>\n<div class=\"sumario__interior\" style=\"font-style: inherit\">\n<div class=\"sumario-texto\" style=\"font-style: inherit\">\n<div class=\"SandboxRoot env-bp-350\" style=\"color: #1c2022\">\n<div id=\"twitter-widget-0\" class=\"EmbeddedTweet EmbeddedTweet--mediaForward media-forward js-clickToOpenTarget js-tweetIdInfo\" lang=\"en\">\n<article class=\"MediaCard&lt;br \/&gt;\n           MediaCard--mediaForward&lt;\/p&gt;\n&lt;p&gt;           cards-multimedia&lt;br \/&gt;\n           customisable-border\" dir=\"ltr\"><\/p>\n<div class=\"MediaCard-media\">\n<div class=\"MediaCard-widthConstraint js-cspForcedStyle\">\n<div class=\"MediaCard-mediaContainer js-cspForcedStyle\">\n<div class=\"NaturalImage-ctaOverlay PlayButton PlayButton--centered\"><\/div>\n<p><a class=\"MediaCard-mediaAsset MediaCard-mediaPlaceholder&lt;br \/&gt;\n                    NaturalImage NaturalImage--fill&lt;\/p&gt;\n&lt;p&gt;                    js-playableMediaInterstitial\" style=\"color: #2b7bb9\" href=\"https:\/\/twitter.com\/CNN\/status\/838896441061957633\"><img decoding=\"async\" class=\"NaturalImage-image\" src=\"https:\/\/pbs.twimg.com\/card_img\/838877871900770304\/jTJevg2R?format=jpg&amp;name=280x280\" alt=\"\" \/><\/a><\/p>\n<\/div>\n<\/div>\n<\/div>\n<\/article>\n<div class=\"EmbeddedTweet-tweet\">\n<blockquote class=\"Tweet h-entry js-tweetIdInfo subject expanded&lt;br \/&gt; \n<p>                    is-deciderHtmlWhitespace\" cite=\"https:\/\/twitter.com\/CNN\/status\/838896441061957633\"><\/p>\n<div class=\"Tweet-header u-cf\">\n<div class=\"Tweet-brand u-floatRight\"><span class=\"u-hiddenInNarrowEnv\"><a class=\"FollowButton follow-button profile\" style=\"font-weight: bold;color: #55acee\" title=\"Follow CNN on Twitter\" href=\"https:\/\/twitter.com\/CNN\">\u00a0Follow<\/a><\/span><\/div>\n<div class=\"TweetAuthor \"><a class=\"TweetAuthor-link Identity u-linkBlend\" style=\"color: inherit\" href=\"https:\/\/twitter.com\/CNN\"><span class=\"TweetAuthor-avatar Identity-avatar\"><img decoding=\"async\" class=\"Avatar\" src=\"https:\/\/pbs.twimg.com\/profile_images\/508960761826131968\/LnvhR8ED_normal.png\" alt=\"\" \/><\/span><span class=\"TweetAuthor-name Identity-name customisable-highlight\" style=\"font-weight: bold\" title=\"CNN\">CNN<\/span>\u00a0<\/a><\/p>\n<div class=\"Icon Icon--verified \" title=\"Verified Account\"><\/div>\n<p><a class=\"TweetAuthor-link Identity u-linkBlend\" style=\"color: inherit\" href=\"https:\/\/twitter.com\/CNN\"><span class=\"TweetAuthor-verifiedBadge\"><span class=\"u-hiddenVisually\">\u2714<\/span><\/span><span class=\"TweetAuthor-screenName Identity-screenName\" dir=\"ltr\" style=\"color: #697882\" title=\"@CNN\">@CNN<\/span><\/a><\/p>\n<\/div>\n<\/div>\n<div class=\"Tweet-body e-entry-content\">\n<p class=\"Tweet-text e-entry-title\" dir=\"ltr\" lang=\"en\">Kelly: DHS is considering separating undocumented children from their parents at the border\u00a0<a class=\"link customisable\" style=\"color: #2b7bb9\" title=\"http:\/\/cnn.it\/2lVshaD\" href=\"https:\/\/t.co\/IeObpcWjLd\" target=\"_blank\" rel=\"nofollow noopener\"><span class=\"u-hiddenVisually\">http:\/\/<\/span>cnn.it\/2lVshaD<span class=\"u-hiddenVisually\">\u00a0<\/span><\/a><\/p>\n<div class=\"Tweet-metadata dateline\" style=\"color: #697882\"><a class=\"u-linkBlend u-url customisable-highlight long-permalink\" style=\"color: inherit\" href=\"https:\/\/twitter.com\/CNN\/status\/838896441061957633\">6:37 PM &#8211; 6 Mar 2017<\/a><\/div>\n<ul class=\"Tweet-actions\">\n<li class=\"Tweet-action\"><\/li>\n<li class=\"Tweet-action\">\n<div class=\"Icon Icon--retweet TweetAction-icon\" title=\"Retweet\"><\/div>\n<p><a class=\"TweetAction TweetAction--retweet web-intent\" style=\"color: #697882\" href=\"https:\/\/twitter.com\/intent\/retweet?tweet_id=838896441061957633\">\u00a0<span class=\"TweetAction-stat\">323<\/span><span class=\"u-hiddenVisually\">323 Retweets<\/span><\/a><\/li>\n<li class=\"Tweet-action\">\n<div class=\"Icon Icon--heart TweetAction-icon\" title=\"Like\"><\/div>\n<p><a class=\"TweetAction TweetAction--heart web-intent\" style=\"color: #697882\" href=\"https:\/\/twitter.com\/intent\/like?tweet_id=838896441061957633\">\u00a0<span class=\"TweetAction-stat\">191<\/span><span class=\"u-hiddenVisually\">191 likes<\/span><\/a><\/li>\n<\/ul>\n<\/div>\n<\/blockquote>\n<\/div>\n<\/div>\n<div class=\"resize-sensor\"><\/div>\n<\/div>\n<\/div>\n<\/div>\n<\/section>\n<p dir=\"ltr\" style=\"color: #444444\">El viraje que estudia la Administraci\u00f3n Trump llega en un momento de auge de ese tipo de inmigraci\u00f3n irregular. Entre el pasado octubre y enero, alrededor de 54.000 ni\u00f1os y sus padres fueron capturados por la polic\u00eda fronteriza estadounidense, m\u00e1s del doble que en el mismo periodo del a\u00f1o anterior, seg\u00fan estad\u00edsticas citadas por la agencia Reuters. En 2014, EE UU sufri\u00f3 una ola de menores centroamericanos que viajaban solos al pa\u00eds.<\/p>\n<p dir=\"ltr\" style=\"color: #444444\">Como candidato a la Casa Blanca, Trump\u00a0<a style=\"font-style: inherit;color: #016ca2\" href=\"http:\/\/internacional.elpais.com\/internacional\/2017\/02\/20\/estados_unidos\/1487601745_277175.html?rel=mas\">critic\u00f3<\/a>\u00a0la pol\u00edtica actual, que describi\u00f3 como de \u201ccapturar y liberar\u201d. Algunos pol\u00edticos republicanos esgrimen que muchas mujeres se embarcan con sus hijos en la odisea desde Centroam\u00e9rica hasta la frontera estadounidense porque, si son detenidas, est\u00e1n seguras de que ser\u00e1n retenidas poco tiempo.<\/p>\n<p dir=\"ltr\" style=\"color: #444444\">En la entrevista, Kelly insisti\u00f3 en esa idea. \u201cHar\u00eda casi cualquier cosa para disuadir a la gente de Centroam\u00e9rica a entrar en esta red muy peligrosa que les lleva hacia M\u00e9xico y Estados Unidos\u201d, dijo en referencia a las tramas que asisten, y en muchas ocasiones abusan, a los inmigrantes en su periplo a EE UU a cambio de un elevado pago econ\u00f3mico. El exgeneral, un viejo\u00a0<a style=\"font-style: inherit;color: #016ca2\" href=\"http:\/\/internacional.elpais.com\/internacional\/2016\/12\/07\/estados_unidos\/1481132227_574948.html\">defensor<\/a>\u00a0de la mano dura en inmigraci\u00f3n, argument\u00f3 que los servicios sociales tiene una \u201cexperiencia tremenda\u201d en cuidar a menores no acompa\u00f1ados.<\/p>\n<p dir=\"ltr\" style=\"color: #444444\">El Partido Dem\u00f3crata y organizaciones sociales consideran que la separaci\u00f3n de padres e hijos podr\u00eda vulnerar derechos humanos y propiciar traumas psicol\u00f3gicos duraderos. Preguntado en la entrevista sobre si era consciente de la imagen p\u00fablica que se pod\u00eda mandar con esa separaci\u00f3n, Kelly respondi\u00f3: \u201cLo m\u00e1s importante para m\u00ed es intentar alejar a esta gente de esta horrible red\u201d.<\/p>\n<p dir=\"ltr\" style=\"color: #444444\">En su primer mes en la Casa Blanca, Trump ha disparado el\u00a0<a style=\"font-style: inherit;color: #016ca2\" href=\"http:\/\/internacional.elpais.com\/internacional\/2017\/03\/05\/actualidad\/1488687145_565202.html\">miedo<\/a>\u00a0entre los 11 millones de inmigrante indocumentados que se calcula hay en EE UU. El Departamento de Seguridad Interior difundi\u00f3 hace dos semanas nuevas directrices que abren la puerta a deportaciones de casi todos los sin papeles.<\/p>\n","protected":false},"excerpt":{"rendered":"<p>El secretario de Seguridad Interior esgrime que la medida buscar\u00eda desalentar la inmigraci\u00f3n irregular<\/p>\n","protected":false},"author":5842,"featured_media":0,"comment_status":"open","ping_status":"open","sticky":false,"template":"","format":"standard","meta":{"footnotes":""},"categories":[1],"tags":[],"class_list":["post-470484","post","type-post","status-publish","format-standard","hentry","category-uncategorized"],"_links":{"self":[{"href":"https:\/\/diarioelpopular.com\/index.php\/wp-json\/wp\/v2\/posts\/470484","targetHints":{"allow":["GET"]}}],"collection":[{"href":"https:\/\/diarioelpopular.com\/index.php\/wp-json\/wp\/v2\/posts"}],"about":[{"href":"https:\/\/diarioelpopular.com\/index.php\/wp-json\/wp\/v2\/types\/post"}],"author":[{"embeddable":true,"href":"https:\/\/diarioelpopular.com\/index.php\/wp-json\/wp\/v2\/users\/5842"}],"replies":[{"embeddable":true,"href":"https:\/\/diarioelpopular.com\/index.php\/wp-json\/wp\/v2\/comments?post=470484"}],"version-history":[{"count":2,"href":"https:\/\/diarioelpopular.com\/index.php\/wp-json\/wp\/v2\/posts\/470484\/revisions"}],"predecessor-version":[{"id":470487,"href":"https:\/\/diarioelpopular.com\/index.php\/wp-json\/wp\/v2\/posts\/470484\/revisions\/470487"}],"wp:attachment":[{"href":"https:\/\/diarioelpopular.com\/index.php\/wp-json\/wp\/v2\/media?parent=470484"}],"wp:term":[{"taxonomy":"category","embeddable":true,"href":"https:\/\/diarioelpopular.com\/index.php\/wp-json\/wp\/v2\/categories?post=470484"},{"taxonomy":"post_tag","embeddable":true,"href":"https:\/\/diarioelpopular.com\/index.php\/wp-json\/wp\/v2\/tags?post=470484"}],"curies":[{"name":"wp","href":"https:\/\/api.w.org\/{rel}","templated":true}]}}