{"id":470491,"date":"2017-03-07T18:10:47","date_gmt":"2017-03-07T23:10:47","guid":{"rendered":"http:\/\/diarioelpopular.com\/?p=470491"},"modified":"2017-03-07T18:10:54","modified_gmt":"2017-03-07T23:10:54","slug":"mujeres-de-todo-el-mundo-preparan-un-paro-internacional-por-el-8-de-marzo","status":"publish","type":"post","link":"https:\/\/diarioelpopular.com\/index.php\/2017\/03\/07\/mujeres-de-todo-el-mundo-preparan-un-paro-internacional-por-el-8-de-marzo\/","title":{"rendered":"Mujeres de todo el mundo preparan un paro internacional por el 8 de marzo"},"content":{"rendered":"<div class=\"articulo-apertura \" style=\"color: #444444\">\n<div id=\"articulo-introduccion\" class=\"articulo-introduccion\" style=\"font-style: inherit;color: #111111\">\n<p style=\"font-style: inherit\"><a href=\"https:\/\/diarioelpopular.com\/wp-content\/uploads\/2017\/03\/1488905391_402288_1488910693_noticia_fotograma.jpg\"><img loading=\"lazy\" decoding=\"async\" class=\"aligncenter size-large wp-image-470492\" src=\"https:\/\/diarioelpopular.com\/wp-content\/uploads\/2017\/03\/1488905391_402288_1488910693_noticia_fotograma-560x315.jpg\" alt=\"1488905391_402288_1488910693_noticia_fotograma\" width=\"560\" height=\"315\" \/><\/a>Ciento sesenta y nueve a\u00f1os. S\u00ed, 169. Es el tiempo que falta para que se alcance la igualdad econ\u00f3mica entre hombres y mujeres, una de las variables m\u00e1s medibles del desequilibrio de g\u00e9nero. En pleno 2017, una radiograf\u00eda de la situaci\u00f3n todav\u00eda muestra\u00a0<a style=\"font-style: inherit;color: #016ca2\" href=\"http:\/\/elpais.com\/tag\/dia_internacional_mujer\/a\/\" target=\"_blank\">un mundo abrumadoramente desigual;<\/a>un planeta que discrimina a la mitad de sus habitantes y en el que ellas son mucho m\u00e1s vulnerables. En el que cada 10 minutos una mujer es asesinada a manos de su pareja o expareja, donde una de cada tres ha sufrido una agresi\u00f3n sexual, ellas cobran menos que sus compa\u00f1eros varones por un trabajo de igual valor, y donde todav\u00eda hay pa\u00edses que impiden a las casadas tener un pasaporte propio. Por eso, el 8 de marzo,\u00a0<a style=\"font-style: inherit;color: #016ca2\" href=\"https:\/\/twitter.com\/hashtag\/MujeresEnHuelga?src=hash\" target=\"_blank\">d\u00eda internacional de la mujer,<\/a>\u00a0organizaciones de todo el mundo han llamado a secundar un paro laboral (parcial, en algunos casos) y total de consumo y de cuidados. Tambi\u00e9n a marchar para reivindicar la igualdad real.<\/p>\n<\/div>\n<\/div>\n<div id=\"articulo_contenedor\" class=\"articulo__contenedor\" style=\"color: #444444\">\n<div id=\"cuerpo_noticia\" class=\"articulo-cuerpo\" style=\"font-style: inherit\">\n<section id=\"sumario_1|apoyos\" class=\"sumario_apoyos izquierda\" style=\"font-style: inherit\"><a style=\"font-style: inherit;color: #016ca2\" name=\"sumario_1\"><\/a><\/p>\n<div class=\"sumario__interior\" style=\"font-style: inherit\">\n<header class=\"sumario-encabezado\" style=\"font-style: inherit\">\n<h3 class=\"sumario-titulo\" style=\"font-style: inherit;color: #111111\"><span class=\"sin_enlace\" style=\"font-weight: inherit;font-style: inherit\">SIGUE LEYENDO<\/span><\/h3>\n<\/header>\n<div class=\"sumario-texto\" style=\"font-style: inherit\">\n<div class=\"apoyos\" style=\"font-style: inherit\">\n<ul class=\"apoyos-listado\" style=\"font-style: inherit\">\n<li class=\"apoyo_ apoyo_foto\" style=\"font-style: inherit\">\n<figure class=\"foto foto_w140\" style=\"font-style: inherit\"><img loading=\"lazy\" decoding=\"async\" style=\"font-style: inherit\" src=\"http:\/\/ep01.epimg.net\/internacional\/imagenes\/2017\/03\/07\/actualidad\/1488905391_402288_1488909545_sumarioapoyo_normal.jpg\" alt=\"Mujeres de todo el mundo preparan un paro internacional por el 8 de marzo\" width=\"140\" height=\"100\" \/><\/figure>\n<p><span class=\"apoyo-titulo\" style=\"font-style: inherit\"><a style=\"font-style: inherit;color: #000000\" href=\"http:\/\/internacional.elpais.com\/internacional\/2017\/03\/07\/actualidad\/1488885783_953386.html\">Cuando el Gobierno de tu pa\u00eds cree que el papel de las mujeres es ser madre<\/a><\/span><\/li>\n<li class=\"apoyo_ apoyo_foto\" style=\"font-style: inherit\">\n<figure class=\"foto foto_w140\" style=\"font-style: inherit\"><img loading=\"lazy\" decoding=\"async\" style=\"font-style: inherit\" src=\"http:\/\/ep01.epimg.net\/internacional\/imagenes\/2017\/03\/07\/actualidad\/1488905391_402288_1488909585_sumarioapoyo_normal.jpg\" alt=\"Mujeres de todo el mundo preparan un paro internacional por el 8 de marzo\" width=\"140\" height=\"100\" \/><\/figure>\n<p><span class=\"apoyo-titulo\" style=\"font-style: inherit\"><a style=\"font-style: inherit;color: #000000\" href=\"http:\/\/internacional.elpais.com\/deportes\/2017\/03\/07\/actualidad\/1488872243_912672.html\">El deporte, todav\u00eda un mundo de hombres para hombres<\/a><\/span><\/li>\n<li class=\"apoyo_ apoyo_foto\" style=\"font-style: inherit\">\n<figure class=\"foto foto_w140\" style=\"font-style: inherit\"><img loading=\"lazy\" decoding=\"async\" style=\"font-style: inherit\" src=\"http:\/\/ep01.epimg.net\/internacional\/imagenes\/2017\/03\/07\/actualidad\/1488905391_402288_1488909656_sumarioapoyo_normal.jpg\" alt=\"Mujeres de todo el mundo preparan un paro internacional por el 8 de marzo\" width=\"140\" height=\"100\" \/><\/figure>\n<p><span class=\"apoyo-titulo\" style=\"font-style: inherit\"><a style=\"font-style: inherit;color: #000000\" href=\"http:\/\/internacional.elpais.com\/elpais\/2017\/03\/06\/mujeres\/1488795553_247646.html\">Tribuna de la directora ejecutiva de ONU Mujeres<\/a><\/span><\/li>\n<\/ul>\n<\/div>\n<\/div>\n<\/div>\n<\/section>\n<p style=\"font-style: inherit\">Con el lema\u00a0<a style=\"font-style: inherit;color: #016ca2\" href=\"https:\/\/twitter.com\/hashtag\/NosotrasParamos?src=hash\" target=\"_blank\">#nosotrasparamos<\/a>\u00a0<a style=\"font-style: inherit;color: #016ca2\" href=\"https:\/\/twitter.com\/hashtag\/womenstrike?src=hash\" target=\"_blank\">#womenstrike<\/a>\u00a0<a style=\"font-style: inherit;color: #016ca2\" href=\"https:\/\/twitter.com\/8mparo\" target=\"_blank\">#8MParo<\/a>\u00a0o<a style=\"font-style: inherit;color: #016ca2\" href=\"https:\/\/twitter.com\/hashtag\/MujeresEnHuelga?src=hash\" target=\"_blank\">#mujeresenhuelga<\/a>\u00a0han programado paros y movilizaciones en unos 50 pa\u00edses,\u00a0<a style=\"font-style: inherit;color: #016ca2\" href=\"http:\/\/elpais.com\/especiales\/2017\/feminicidios-en-mexico\/\">con especial fuerza en Am\u00e9rica Latina,<\/a>un continente con graves problemas de violencia contra las mujeres y donde a ra\u00edz del movimiento\u00a0<em>Ni una menos,<\/em>\u00a0la lucha por la igualdad ha cobrado fuerza. Se trata de tratar de mostrar \u2014vestidas de negro o colores oscuros, adem\u00e1s\u2014 qu\u00e9 ocurrir\u00eda si desaparecieran las mujeres. Si cesasen de trabajar, de consumir, de prestar sus cuidados. En Espa\u00f1a, donde como apunta la Coordinadora Feminista de Madrid, las organizaciones han llamado a vestir un brazalete morado para mostrar el apoyo a la iniciativa.\u00a0 el paro ser\u00e1 en la mayor\u00eda de las ciudades, como Madrid y Barcelona, el paro ser\u00e1 entre las 12.00 y las 12.30. Adem\u00e1s, en algunos lugares habr\u00e1 otro a las 18.00, para coincidir con el acto internacional. A las 19.00 hay convocadas manifestaciones en distintos puntos del pa\u00eds.<\/p>\n<p style=\"font-style: inherit\">El 8 de marzo hay poco que celebrar y mucho por lo que luchar, apunta Malgorzata Jonczy Adamska, psic\u00f3loga y pedagoga de origen polaco que vive en Noruega y que, como muchas de sus compa\u00f1eras, va a secundar el paro. \u201cCada mujer y ni\u00f1a debe tener derecho a la educaci\u00f3n, a una vida sin violencia, acceso a anticonceptivos seguros y baratos y al aborto seguro\u201d, insiste. Esta reclamaci\u00f3n, que deber\u00eda sonar a antigua no lo es. Sobre la mesa, la cifra de los asesinatos machistas, el indicativo m\u00e1s extremo de la desigualdad de g\u00e9nero. En Espa\u00f1a,\u00a0<a style=\"font-style: inherit;color: #016ca2\" href=\"http:\/\/elpais.com\/tag\/violencia_genero\/a\">16 mujeres han sido asesinadas por sus parejas o exparejas<\/a>\u00a0en lo que va de a\u00f1o. En Argentina asesinan a una mujer cada 30 horas. En Alemania, son m\u00e1s de 300 los cr\u00edmenes machistas al a\u00f1o.<\/p>\n<p style=\"font-style: inherit\">Y pese a que se han producido avances, todav\u00eda hay pa\u00edses que carecen de una legislaci\u00f3n espec\u00edfica sobre violencia contra la mujer. O que, como Rusia, han dado un paso atr\u00e1s y\u00a0<a style=\"font-style: inherit;color: #016ca2\" href=\"http:\/\/internacional.elpais.com\/internacional\/2017\/01\/13\/actualidad\/1484312622_788070.html\">han despenalizado parte de este tipo de agresiones;<\/a>\u00a0todo ello pese a que la violencia machista es all\u00ed un grav\u00edsimo problema. \u201cTenemos derecho a vivir tranquilas, sin preocuparnos por nuestra ropa ni nuestras costumbres, y me niego a aceptar ning\u00fan tipo de maltrato machista\u201d, reclama la activista rusa Tatiana Sukharev, una de las organizadoras de paro en su pa\u00eds.<\/p>\n<section id=\"sumario_2|despiece\" class=\"sumario_despiece izquierda\" style=\"font-style: inherit\"><a style=\"font-style: inherit;color: #016ca2\" name=\"sumario_2\"><\/a><\/p>\n<div class=\"sumario__interior\" style=\"font-style: inherit\">\n<header class=\"sumario-encabezado\" style=\"font-style: inherit\">\n<h4 class=\"sumario-titulo\" style=\"font-style: inherit;color: #111111\"><span class=\"sin_enlace\" style=\"font-weight: inherit;font-style: inherit\">ESPECIAL | FEMINICIDIOS EN M\u00c9XICO, UNA LACRA QUE SIGUE VIVA<\/span><\/h4>\n<\/header>\n<figure class=\"foto foto_miniatura\" style=\"font-style: inherit\"><a class=\"enlace\" style=\"font-style: inherit;color: #016ca2\" title=\"\" href=\"http:\/\/elpais.com\/especiales\/2017\/feminicidios-en-mexico\/\"><img loading=\"lazy\" decoding=\"async\" style=\"font-style: inherit\" title=\"Mujeres de todo el mundo preparan un paro internacional por el 8 de marzo\" src=\"http:\/\/ep01.epimg.net\/internacional\/imagenes\/2017\/03\/07\/actualidad\/1488905391_402288_1488909734_sumario_normal.jpg\" alt=\"Mujeres de todo el mundo preparan un paro internacional por el 8 de marzo\" width=\"360\" height=\"180\" \/><\/a><\/figure>\n<div class=\"sumario-texto\" style=\"font-style: inherit\">\n<p style=\"font-style: inherit\">EL PA\u00cdS re\u00fane\u00a0<a style=\"font-style: inherit;color: #016ca2\" href=\"http:\/\/elpais.com\/especiales\/2017\/feminicidios-en-mexico\/\">testimonios de familiares de las v\u00edctimas de estos cr\u00edmenes<\/a><\/p>\n<\/div>\n<\/div>\n<\/section>\n<p style=\"font-style: inherit\">El paro convocado no es algo in\u00e9dito. Tiene su antecedente hist\u00f3rico\u00a0<a style=\"font-style: inherit;color: #016ca2\" href=\"http:\/\/internacional.elpais.com\/internacional\/2016\/10\/19\/actualidad\/1476888718_369754.html\" target=\"_blank\">en la Islandia de 1975, cuando las mujeres<\/a>dejaron de trabajar, de llevar a los ni\u00f1os al colegio, de ir a la compra o hacer la comida. Ese viernes de octubre, el 90% de ellas salieron a la calle para manifestarse por la igualdad. El pa\u00eds se paraliz\u00f3. Por completo. Un d\u00eda hist\u00f3rico que hoy se conoce como el &#8216;d\u00eda libre de las mujeres&#8217;. Y tuvo su efecto: en un pa\u00eds donde s\u00f3lo el 5% de los esca\u00f1os paralmentarios estaban ocupados por mujeres, cinco a\u00f1os despu\u00e9s se eleg\u00eda a una presidenta.<\/p>\n<p style=\"font-style: inherit\">En Polonia, en 2016, se imit\u00f3 la huelga de mujeres. Miles de polacas cesaron de trabajar y salieron a la calle contra la intenci\u00f3n del Gobierno de endurecer la ya de por s\u00ed restrictiva ley del aborto. Vestidas de colores oscuros conmemoraron as\u00ed, de luto, el Lunes negro. Y lograron que el Ejecutivo diese marcha atr\u00e1s y no tocase la ley. Una semanas despu\u00e9s fueron las\u00a0<a style=\"font-style: inherit;color: #016ca2\" href=\"http:\/\/internacional.elpais.com\/internacional\/2016\/10\/19\/argentina\/1476877699_409150.html\" target=\"_blank\">mujeres en Argentina<\/a>\u00a0\u2014y tambi\u00e9n muchos hombres\u2014 quienes se movilizaron en el Mi\u00e9rcoles negro contra la violencia de g\u00e9nero y su expresi\u00f3n m\u00e1s extrema, los feminicidios. Su lema<a style=\"font-style: inherit;color: #016ca2\" href=\"https:\/\/twitter.com\/hashtag\/NiUnaMenos?src=hash\" target=\"_blank\">#NiUnaMenos<\/a>\u00a0se ha convertido en todo un s\u00edmbolo.<\/p>\n<section id=\"sumario_4|foto\" class=\"sumario_foto centro\" style=\"font-style: inherit\"><a style=\"font-style: inherit;color: #016ca2\" name=\"sumario_4\"><\/a><\/p>\n<div class=\"sumario__interior\" style=\"font-style: inherit\">\n<figure class=\"foto foto_w980\" style=\"font-style: inherit\"><img loading=\"lazy\" decoding=\"async\" style=\"font-style: inherit\" src=\"http:\/\/ep01.epimg.net\/internacional\/imagenes\/2017\/03\/07\/actualidad\/1488905391_402288_1488920048_sumario_normal.jpg\" alt=\"D\u00eda Internacional de la Mujer 2017\" width=\"980\" height=\"687\" \/><figcaption class=\"foto-pie\" style=\"font-style: inherit;color: #646464\"><span class=\"foto-texto\" style=\"font-style: inherit\">Manifestaci\u00f3n de mujeres por la igualdad, el 24 de octubre de 1975 en Reikiavik.<\/span>\u00a0<span class=\"foto-firma\" style=\"font-style: inherit;color: #111111\"><span class=\"foto-autor\" style=\"font-style: inherit\">WOMEN&#8217;S HISTORY ARCHIVES<\/span><\/span><\/figcaption><\/figure>\n<div class=\"sumario-texto\" style=\"font-style: inherit\"><\/div>\n<\/div>\n<\/section>\n<p style=\"font-style: inherit\">En pleno siglo XXI, las paquistan\u00edes casadas\u00a0<a style=\"font-style: inherit;color: #016ca2\" href=\"http:\/\/wbl.worldbank.org\/~\/media\/wbg\/wbl\/documents\/reports\/2016\/women-business-and-the-law-2016.pdf\">no pueden registrar un negocio sin permiso<\/a>\u00a0de su esposo. Tampoco las congole\u00f1as, que como las nigerinas adem\u00e1s no pueden abrir una cuenta del banco sin la firma de su c\u00f3nyuge; la misma discriminaci\u00f3n que afrontaban las mujeres espa\u00f1olas durante el franquismo. En Afganist\u00e1n, Malasia, Om\u00e1n, Arabia Saud\u00ed, Yemen y otros 12 pa\u00edses las mujeres no pueden salir del pa\u00eds sin permiso de sus maridos. En 32 pa\u00edses, las mujeres casadas ni siquiera pueden tener pasaporte propio (Mal\u00ed, Jordania, Irak, entre otros). En Bolivia, Camer\u00fan o Guinea existen leyes que marcan que las mujeres casadas necesitan el permiso de sus esposos para firmar un contrato de trabajo. En lugares como L\u00edbano no pueden traspasar su nacionalidad a los hijos.<\/p>\n<p style=\"font-style: inherit\">La radiograf\u00eda suma y sigue. M\u00e1s de 50 millones de ni\u00f1as no van al colegio en el mundo \u2014la mayor\u00eda de ellas en pa\u00edses de \u00c1frica, seg\u00fan datos de Unicef\u2014, un derecho fundamental sin el que su futuro estar\u00e1 gravemente limitado. Y aunque en algunos pa\u00edses el acceso ha mejorado y se est\u00e1n derribando barreras, otros interponen duros escollos en ese camino hacia la igualdad. Como Sierra Leona o Guinea Ecuatorial, donde una ley proh\u00edbe a las chicas embarazadas\u00a0<a style=\"font-style: inherit;color: #016ca2\" href=\"http:\/\/internacional.elpais.com\/internacional\/2017\/03\/05\/actualidad\/1488726266_750639.html\">ir al colegio por si \u201ccontagian\u201d a sus compa\u00f1eras.<\/a>\u00a0En ese \u00faltimo pa\u00eds, incluso, obligan a las menores a someterse a un test de embarazo para poder matricularse. En otros Estados, estas barreras no son legales, pero las menores embarazadas son tan gravemente estigmatizadas que terminan por abandonar la escuela. Y la inmensa mayor\u00eda nunca vuelve.<\/p>\n<section id=\"sumario_3|despiece\" class=\"sumario_despiece izquierda\" style=\"font-style: inherit\"><a style=\"font-style: inherit;color: #016ca2\" name=\"sumario_3\"><\/a><\/p>\n<div class=\"sumario__interior\" style=\"font-style: inherit\">\n<header class=\"sumario-encabezado\" style=\"font-style: inherit\">\n<h4 class=\"sumario-titulo\" style=\"font-style: inherit;color: #111111\"><span class=\"sin_enlace\" style=\"font-weight: inherit;font-style: inherit\">ESPECIAL | TODA LA COBERTURA<\/span><\/h4>\n<\/header>\n<figure class=\"foto \" style=\"font-style: inherit\"><a class=\"enlace\" style=\"font-style: inherit;color: #016ca2\" title=\"\" href=\"http:\/\/elpais.com\/tag\/dia_internacional_mujer\/a\/\"><img loading=\"lazy\" decoding=\"async\" style=\"font-style: inherit\" title=\"Mujeres de todo el mundo preparan un paro internacional por el 8 de marzo\" src=\"http:\/\/ep01.epimg.net\/internacional\/imagenes\/2017\/03\/07\/actualidad\/1488905391_402288_1488909885_sumario_normal.jpg\" alt=\"Mujeres de todo el mundo preparan un paro internacional por el 8 de marzo\" width=\"980\" height=\"593\" \/><\/a><\/figure>\n<div class=\"sumario-texto\" style=\"font-style: inherit\">\n<p style=\"font-style: inherit\">Noticias, reportajes, tribunas, fotogaler\u00edas&#8230; \u00a0<a style=\"font-style: inherit;color: #016ca2\" href=\"http:\/\/elpais.com\/tag\/dia_internacional_mujer\/a\/\">Toda la informaci\u00f3n relacionada<\/a>\u00a0con el \u00a0D\u00eda de la Mujer<\/p>\n<\/div>\n<\/div>\n<\/section>\n<p style=\"font-style: inherit\">Un doble castigo en un mundo en el que m\u00e1s de 220 millones de mujeres en edad reproductiva y que conviven con sus parejas no tienen acceso a m\u00e9todos contraceptivos modernos, pese a que no desean quedarse embarazadas, seg\u00fan datos de la Agencia de la ONU para la Poblaci\u00f3n y Desarrollo (UNFPA). El aborto est\u00e1 todav\u00eda prohibido en m\u00e1s de una decena de pa\u00edses (cinco de ellos en Am\u00e9rica Latina) y los ataques al derecho de la mujer a decidir sobre su maternidad no s\u00f3lo no cesan, sino que se han recrudecido.<\/p>\n<p style=\"font-style: inherit\">Los datos no enga\u00f1an. A nivel mundial, las mujeres s\u00f3lo ganan 77 c\u00e9ntimos por cada d\u00f3lar que ganan los hombres\u00a0<a style=\"font-style: inherit;color: #016ca2\" href=\"http:\/\/internacional.elpais.com\/internacional\/2017\/03\/06\/actualidad\/1488809657_644240.html\">por un trabajo de igual valor, seg\u00fan datos de la ONU.<\/a>\u00a0Algo que es, seg\u00fan apunta esta organizaci\u00f3n, la causa fundamental de desigualdad en t\u00e9rminos de ingresos a lo largo de toda la vida. Tambi\u00e9n de la brecha de las pensiones. La desigualdad, la discriminaci\u00f3n, pervive hasta el \u00faltimo momento.<\/p>\n<\/div>\n<\/div>\n","protected":false},"excerpt":{"rendered":"<p>Organizaciones de 46 pa\u00edses se movilizan contra la violencia de g\u00e9nero y por la igualdad en el D\u00eda de la Mujer<\/p>\n","protected":false},"author":5842,"featured_media":0,"comment_status":"open","ping_status":"open","sticky":false,"template":"","format":"standard","meta":{"footnotes":""},"categories":[24],"tags":[],"class_list":["post-470491","post","type-post","status-publish","format-standard","hentry","category-mundo"],"_links":{"self":[{"href":"https:\/\/diarioelpopular.com\/index.php\/wp-json\/wp\/v2\/posts\/470491","targetHints":{"allow":["GET"]}}],"collection":[{"href":"https:\/\/diarioelpopular.com\/index.php\/wp-json\/wp\/v2\/posts"}],"about":[{"href":"https:\/\/diarioelpopular.com\/index.php\/wp-json\/wp\/v2\/types\/post"}],"author":[{"embeddable":true,"href":"https:\/\/diarioelpopular.com\/index.php\/wp-json\/wp\/v2\/users\/5842"}],"replies":[{"embeddable":true,"href":"https:\/\/diarioelpopular.com\/index.php\/wp-json\/wp\/v2\/comments?post=470491"}],"version-history":[{"count":1,"href":"https:\/\/diarioelpopular.com\/index.php\/wp-json\/wp\/v2\/posts\/470491\/revisions"}],"predecessor-version":[{"id":470493,"href":"https:\/\/diarioelpopular.com\/index.php\/wp-json\/wp\/v2\/posts\/470491\/revisions\/470493"}],"wp:attachment":[{"href":"https:\/\/diarioelpopular.com\/index.php\/wp-json\/wp\/v2\/media?parent=470491"}],"wp:term":[{"taxonomy":"category","embeddable":true,"href":"https:\/\/diarioelpopular.com\/index.php\/wp-json\/wp\/v2\/categories?post=470491"},{"taxonomy":"post_tag","embeddable":true,"href":"https:\/\/diarioelpopular.com\/index.php\/wp-json\/wp\/v2\/tags?post=470491"}],"curies":[{"name":"wp","href":"https:\/\/api.w.org\/{rel}","templated":true}]}}