{"id":470564,"date":"2017-03-10T19:19:20","date_gmt":"2017-03-11T00:19:20","guid":{"rendered":"http:\/\/diarioelpopular.com\/?p=470564"},"modified":"2017-03-10T19:19:30","modified_gmt":"2017-03-11T00:19:30","slug":"alfredo-del-mazo-los-cambios-en-el-estado-de-mexico-los-puedo-dar-yo","status":"publish","type":"post","link":"https:\/\/diarioelpopular.com\/index.php\/2017\/03\/10\/alfredo-del-mazo-los-cambios-en-el-estado-de-mexico-los-puedo-dar-yo\/","title":{"rendered":"Alfredo del Mazo: \u201cLos cambios en el Estado de M\u00e9xico los puedo dar yo\u201d"},"content":{"rendered":"<div id=\"attachment_470565\" style=\"width: 570px\" class=\"wp-caption aligncenter\"><a href=\"https:\/\/diarioelpopular.com\/wp-content\/uploads\/2017\/03\/1489104370_586490_1489104556_noticia_normal_recorte1.jpg\"><img loading=\"lazy\" decoding=\"async\" aria-describedby=\"caption-attachment-470565\" class=\"size-large wp-image-470565\" src=\"https:\/\/diarioelpopular.com\/wp-content\/uploads\/2017\/03\/1489104370_586490_1489104556_noticia_normal_recorte1-560x373.jpg\" alt=\"El candidato del PRI, Alfredo del Mazo.\" width=\"560\" height=\"373\" \/><\/a><p id=\"caption-attachment-470565\" class=\"wp-caption-text\">El candidato del PRI, Alfredo del Mazo.<\/p><\/div>\n<p class=\"m900139739647075027gmail-p1\" style=\"color: #444444\">La sede del\u00a0<a style=\"font-style: inherit;color: #016ca2\" href=\"http:\/\/elpais.com\/tag\/pri_partido_revolucionario_institucional_mexico\/a\">PRI en el Estado de M\u00e9xico<\/a>\u00a0es un gran edificio de tres pisos. Dos enormes retratos reciben a los visitantes. Uno del gobernador Eruviel \u00c1vila y el otro de Enrique Pe\u00f1a Nieto, el segundo mexiquense en conquistar la presidencia desde 1964. En la planta baja del Comit\u00e9 Ejecutivo Estatal hay una tienda que vende las chamarras y chalecos rojos que los militantes de la organizaci\u00f3n portan con orgullo en los m\u00edtines. En el segundo nivel el culto al l\u00edder se acent\u00faa. La decoraci\u00f3n est\u00e1 conformada principalmente por enormes fotograf\u00edas del gobernador \u00c1vila inaugurando obras. Pero el tercer piso anuncia un cambio. Las im\u00e1genes de Eruviel han sido sustituidas por televisores que reproducen im\u00e1genes del candidato al Gobierno del Estado de M\u00e9xico abrazando gente en diversos eventos. Alfredo del Mazo Maza (Toluca, 1975) ocupa una oficina impersonal y casi vac\u00eda que bullir\u00e1 rumbo al arranque de la campa\u00f1a, el 3 de abril.<\/p>\n<p class=\"m900139739647075027gmail-p1\" style=\"color: #444444\">Del Mazo se ha convertido en el caballero que deber\u00e1 dar para el tricolor la madre de todas las batallas. \u201cPara el PRI es fundamental el Estado de M\u00e9xico\u201d, afirma el candidato. La entidad es uno de los \u00faltimos bastiones del partido. Lo ha gobernado de forma ininterrumpida por m\u00e1s de noventa a\u00f1os. Es el estado m\u00e1s poblado del pa\u00eds con 17 millones de habitantes, entre ellos cinco millones de estudiantes. Tambi\u00e9n tiene un peso pol\u00edtico porque su padr\u00f3n electoral supera las once millones de personas. Algunos c\u00e1lculos estiman que medio mill\u00f3n de personas arriba cada a\u00f1o a esta regi\u00f3n colindante con la Ciudad de M\u00e9xico.<\/p>\n<section id=\"sumario_1|apoyos\" class=\"sumario_apoyos derecha\" style=\"color: #444444\"><a style=\"font-style: inherit;color: #016ca2\" name=\"sumario_1\"><\/a><\/p>\n<div class=\"sumario__interior\" style=\"font-style: inherit\">\n<header class=\"sumario-encabezado\" style=\"font-style: inherit\">\n<h3 class=\"sumario-titulo\" style=\"font-style: inherit;color: #111111\"><span class=\"sin_enlace\" style=\"font-weight: inherit;font-style: inherit\">M\u00c1S INFORMACI\u00d3N<\/span><\/h3>\n<\/header>\n<div class=\"sumario-texto\" style=\"font-style: inherit\">\n<div class=\"apoyos\" style=\"font-style: inherit\">\n<ul class=\"apoyos-listado\" style=\"font-style: inherit\">\n<li class=\"apoyo_normal apoyo_sinfoto\" style=\"font-style: inherit\"><span class=\"apoyo-titulo\" style=\"font-style: inherit\"><a style=\"font-style: inherit;color: #000000\" href=\"http:\/\/internacional.elpais.com\/internacional\/2017\/03\/02\/mexico\/1488424407_364697.html\">Delfina G\u00f3mez: &#8220;Pe\u00f1a Nieto puede perjudicar al PRI m\u00e1s que ayudarlo&#8221;<\/a><\/span><\/li>\n<li class=\"apoyo_normal apoyo_sinfoto\" style=\"font-style: inherit\"><span class=\"apoyo-titulo\" style=\"font-style: inherit\"><a style=\"font-style: inherit;color: #000000\" href=\"http:\/\/internacional.elpais.com\/internacional\/2017\/03\/04\/mexico\/1488662794_737563.html\">Pe\u00f1a Nieto: &#8220;La oposici\u00f3n no est\u00e1 lista para ser Gobierno&#8221;<\/a><\/span><\/li>\n<\/ul>\n<\/div>\n<\/div>\n<\/div>\n<\/section>\n<p class=\"m900139739647075027gmail-p1\" style=\"color: #444444\">El abanderado tendr\u00e1 a su disposici\u00f3n una potente estructura supera el mill\u00f3n de militantes para defender el Estado de M\u00e9xico. Otra de sus armas ser\u00e1 su apellido. Alfredo del Mazo Maza es parte de la aristocracia que ha dirigido el destino de la entidad desde hace 70 a\u00f1os. Es nieto de Alfredo del Mazo V\u00e9lez, gobernador del Estado de M\u00e9xico entre 1945 y 1951. Su padre, Alfredo del Mazo Gonz\u00e1lez, tambi\u00e9n lo rigi\u00f3 en la d\u00e9cada de los ochenta. A sus 41 a\u00f1os, Del Mazo Maza no lo tendr\u00e1 f\u00e1cil para extender el dominio pol\u00edtico de su dinast\u00eda.<\/p>\n<p class=\"m900139739647075027gmail-p1\" style=\"color: #444444\">\u201cLa gente est\u00e1 buscando un cambio de muchas cosas, ese cambio se los puedo dar yo\u201d, anuncia. El pol\u00edtico reconoce que el PRI est\u00e1 por enfrentar la elecci\u00f3n m\u00e1s competida de su historia en el\u00a0<a style=\"font-style: inherit;color: #016ca2\" href=\"http:\/\/elpais.com\/tag\/estado_de_mexico\/a\">Estado de M\u00e9xico<\/a>. Hace seis a\u00f1os el partido arras\u00f3 con tres millones de votos (65%) triplicando al segundo lugar, el PRD (22%). Los sondeos de cara a las elecciones del 4 de junio afirman que el PRI arranca con una ligera ventaja sobre Josefina V\u00e1zquez Mota (PAN) y Delfina G\u00f3mez (Morena). Del Mazo trata de utilizar la idea del cambio en su favor. \u201cYo s\u00e9 dar un cambio con responsabilidad conservando las cosas buenas que se han hecho pero atendiendo lo que hay pendiente: inseguridad, temas de transporte y movilidad y de generaci\u00f3n de empleos. Yo s\u00ed s\u00e9 c\u00f3mo resolverlos\u201d.<\/p>\n<p class=\"m900139739647075027gmail-p1\" style=\"color: #444444\">El candidato viste una camisa a cuadros y vaqueros. Sus respuestas son breves y concretas. A lo largo de la entrevista evita nombrar dos personajes que influir\u00e1n en la elecci\u00f3n de junio:\u00a0<a style=\"font-style: inherit;color: #016ca2\" href=\"http:\/\/elpais.com\/tag\/enrique_pena_nieto\/a\/\">Enrique Pe\u00f1a Nieto<\/a>\u00a0y Andr\u00e9s Manuel L\u00f3pez Obrador. El presidente de M\u00e9xico es primo tercero del aspirante del PRI. El padre de Pe\u00f1a Nieto era sobrino del gobernador Del Mazo V\u00e9lez. La oposici\u00f3n intenta convertir la elecci\u00f3n del Estado de M\u00e9xico en un referendo al Gobierno de Pe\u00f1a Nieto, que tiene una aprobaci\u00f3n de 12%. Pero el PRI pretende evitar en el proceso hablar de la gesti\u00f3n del mandatario y concentrarse en la Administraci\u00f3n de Eruviel \u00c1vila. \u201cEn el mundo hay un entorno muy cr\u00edtico hacia los sistemas y hacia los gobiernos\u2026 En el caso del Estado de M\u00e9xico lo que hay que ver es lo que puedo hacer yo como persona\u201d.<\/p>\n<section id=\"sumario_2|html\" class=\"sumario_html izquierda\" style=\"color: #444444\"><a style=\"font-style: inherit;color: #016ca2\" name=\"sumario_2\"><\/a><\/p>\n<div class=\"sumario__interior\" style=\"font-style: inherit\">\n<div class=\"sumario-texto\" style=\"font-style: inherit\">\n<blockquote style=\"font-weight: bold;color: #000000\">\n<p style=\"font-weight: inherit;font-style: inherit\"><span style=\"font-weight: inherit;font-style: inherit\">Los mexiquenses deben tener muy claro quien est\u00e1 utilizando al estado como un bot\u00edn electoral y quien quiere servir al Estado de M\u00e9xico<\/span><\/p>\n<\/blockquote>\n<\/div>\n<\/div>\n<\/section>\n<p class=\"m900139739647075027gmail-p1\" style=\"color: #444444\">Del Mazo no solo tendr\u00e1 que remar contra la impopularidad del presidente y los aires de cambio. Tambi\u00e9n tendr\u00e1 que evitar\u00a0<a style=\"font-style: inherit;color: #016ca2\" href=\"http:\/\/elpais.com\/tag\/andres_manuel_lopez_obrador\/a\/\">el avance de L\u00f3pez Obrador<\/a>en un territorio esencial rumbo a las presidenciales del pr\u00f3ximo a\u00f1o. El dirigente de Morena ha intensificado su presencia en el Estado de M\u00e9xico, donde ha pasado hasta cuatro d\u00edas a la semana. \u201cLos mexiquenses deben tener muy claro quien est\u00e1 utilizando al estado como un bot\u00edn electoral y plataforma hacia 2018 y quien, como yo, quiere servir al Estado de M\u00e9xico\u201d, afirma el candidato. Las elecciones locales se convertir\u00e1n en un buen term\u00f3metro del fen\u00f3meno L\u00f3pez Obrador, que en 2012 consigui\u00f3 el segundo sitio con 2.3 millones de votos, 600.000 menos que Pe\u00f1a Nieto.<\/p>\n<p class=\"m900139739647075027gmail-p1\" style=\"color: #444444\">L\u00f3pez Obrador ha elegido como candidata de Morena a la ant\u00edtesis de Del Mazo.<a style=\"font-style: inherit;color: #016ca2\" href=\"http:\/\/internacional.elpais.com\/internacional\/2017\/03\/02\/mexico\/1488424407_364697.html\">Delfina G\u00f3mez<\/a>\u00a0es una maestra de escuela, hija de un alba\u00f1il, que gan\u00f3 para la izquierda una diputaci\u00f3n federal y la alcald\u00eda de Texcoco, una zona de clase media baja al oriente de Ciudad de M\u00e9xico. La abanderada contrasta con la trayectoria de Del Mazo, de tez blanca, exfuncionario en el gobierno federal y estatal, tambi\u00e9n diputado federal y alcalde por Huixquilucan, la zona de clase media alta al poniente de la capital.<\/p>\n<p class=\"m900139739647075027gmail-p1\" style=\"color: #444444\">Del Mazo habla de la alternancia como si fuera una medicina que el Estado de M\u00e9xico debe evitar. Asegura que 119 de 125 municipios ya han vivido gobiernos de partidos diferentes del PRI. \u201cLos resultados no son buenos. Est\u00e1n los ejemplos de varios municipios grandes que hoy gobiernan el PAN, el PRD e incluso Morena. \u00bfQui\u00e9n tiene la capacidad, la experiencia, el talento y la formaci\u00f3n para construir mejores oportunidades?\u201d, cuestiona de forma ret\u00f3rica. \u201cVeamos los perfiles de quienes estamos aspirando\u201d, agrega.<\/p>\n<p style=\"color: #444444\">A espaldas del candidato ya es noche cerrada en Toluca. Los coches transitan por la avenida que bordea el Comit\u00e9 Ejecutivo Nacional del PRI. El nombre de la v\u00eda es Alfredo del Mazo.<\/p>\n","protected":false},"excerpt":{"rendered":"<p>El candidato del PRI, primo de Pe\u00f1a Nieto, busca frenar el avance de L\u00f3pez Obrador en el basti\u00f3n m\u00e1s importante del partido<\/p>\n","protected":false},"author":5842,"featured_media":0,"comment_status":"open","ping_status":"open","sticky":false,"template":"","format":"standard","meta":{"footnotes":""},"categories":[1],"tags":[],"class_list":["post-470564","post","type-post","status-publish","format-standard","hentry","category-uncategorized"],"_links":{"self":[{"href":"https:\/\/diarioelpopular.com\/index.php\/wp-json\/wp\/v2\/posts\/470564","targetHints":{"allow":["GET"]}}],"collection":[{"href":"https:\/\/diarioelpopular.com\/index.php\/wp-json\/wp\/v2\/posts"}],"about":[{"href":"https:\/\/diarioelpopular.com\/index.php\/wp-json\/wp\/v2\/types\/post"}],"author":[{"embeddable":true,"href":"https:\/\/diarioelpopular.com\/index.php\/wp-json\/wp\/v2\/users\/5842"}],"replies":[{"embeddable":true,"href":"https:\/\/diarioelpopular.com\/index.php\/wp-json\/wp\/v2\/comments?post=470564"}],"version-history":[{"count":1,"href":"https:\/\/diarioelpopular.com\/index.php\/wp-json\/wp\/v2\/posts\/470564\/revisions"}],"predecessor-version":[{"id":470566,"href":"https:\/\/diarioelpopular.com\/index.php\/wp-json\/wp\/v2\/posts\/470564\/revisions\/470566"}],"wp:attachment":[{"href":"https:\/\/diarioelpopular.com\/index.php\/wp-json\/wp\/v2\/media?parent=470564"}],"wp:term":[{"taxonomy":"category","embeddable":true,"href":"https:\/\/diarioelpopular.com\/index.php\/wp-json\/wp\/v2\/categories?post=470564"},{"taxonomy":"post_tag","embeddable":true,"href":"https:\/\/diarioelpopular.com\/index.php\/wp-json\/wp\/v2\/tags?post=470564"}],"curies":[{"name":"wp","href":"https:\/\/api.w.org\/{rel}","templated":true}]}}