{"id":470589,"date":"2017-03-14T10:06:22","date_gmt":"2017-03-14T14:06:22","guid":{"rendered":"http:\/\/diarioelpopular.com\/?p=470589"},"modified":"2017-03-14T10:06:35","modified_gmt":"2017-03-14T14:06:35","slug":"la-reforma-sanitaria-de-trump-dejara-sin-cobertura-a-24-millones-de-personas-en-10-anos","status":"publish","type":"post","link":"https:\/\/diarioelpopular.com\/index.php\/2017\/03\/14\/la-reforma-sanitaria-de-trump-dejara-sin-cobertura-a-24-millones-de-personas-en-10-anos\/","title":{"rendered":"La reforma sanitaria de Trump dejar\u00e1 sin cobertura a 24 millones de personas en 10 a\u00f1os"},"content":{"rendered":"<div id=\"attachment_470590\" style=\"width: 570px\" class=\"wp-caption aligncenter\"><a href=\"https:\/\/diarioelpopular.com\/wp-content\/uploads\/2017\/03\/1489438887_941287_1489478087_noticia_fotograma.jpg\"><img loading=\"lazy\" decoding=\"async\" aria-describedby=\"caption-attachment-470590\" class=\"size-large wp-image-470590\" src=\"https:\/\/diarioelpopular.com\/wp-content\/uploads\/2017\/03\/1489438887_941287_1489478087_noticia_fotograma-560x315.jpg\" alt=\"Protestas contra la reforma sanitaria de Trump. En v\u00eddeo, el presidente critica la ley sanitaria de Obama\" width=\"560\" height=\"315\" \/><\/a><p id=\"caption-attachment-470590\" class=\"wp-caption-text\">Protestas contra la reforma sanitaria de Trump. En v\u00eddeo, el presidente critica la ley sanitaria de Obama<\/p><\/div>\n<p style=\"color: #444444\"><a style=\"font-style: inherit;color: #016ca2\" href=\"http:\/\/internacional.elpais.com\/internacional\/2017\/03\/09\/estados_unidos\/1489086404_397279.html\">La reforma sanitaria de Donald Trump<\/a>\u00a0se ha quitado la careta. Su aplicaci\u00f3n implicar\u00eda,\u00a0<a style=\"font-style: inherit;color: #016ca2\" href=\"https:\/\/www.cbo.gov\/sites\/default\/files\/115th-congress-2017-2018\/costestimate\/americanhealthcareact_0.pdf\">seg\u00fan un estudio oficial,<\/a>\u00a0que 14 millones de personas queden sin seguro m\u00e9dico el a\u00f1o pr\u00f3ximo y hasta 24 millones en una d\u00e9cada. Este machetazo no solo pulveriza la promesa del presidente de Estados Unidos de garantizar la cobertura universal, sino que da\u00a0<a style=\"font-style: inherit;color: #016ca2\" href=\"http:\/\/internacional.elpais.com\/internacional\/2017\/03\/12\/actualidad\/1489318360_420581.html\">nueva munici\u00f3n a los dem\u00f3cratas<\/a>\u00a0y dispara las dudas de numerosos republicanos moderados. Unos y otros, la oposici\u00f3n y los esc\u00e9pticos, podr\u00edan bloquear la aprobaci\u00f3n de la ley y abrir la primera crisis parlamentaria de Trump.<\/p>\n<p style=\"color: #444444\">El c\u00e1lculo ha sido elaborado por la Oficina Presupuestaria del Congreso, un organismo no partidista y cuyos estudios gozan de cr\u00e9dito general. Nada m\u00e1s conocer sus conclusiones, la Casa Blanca manifest\u00f3 su \u201cvigoroso\u201d desacuerdo e insisti\u00f3 en que el plan no reduce el per\u00edmetro de la cobertura. &#8220;Si el Obamacare es tan bueno, por qu\u00e9 se gastan los millones del contribuyente en darle vida. \u00a1MAL!&#8221;, tuite\u00f3 un irrefrenable Trump.<\/p>\n<p>El informe analiza los costes del proyecto legislativo presentado la semana pasada por los republicanos en la C\u00e1mara de Representantes. La iniciativa tiene como fin enterrar la reforma del anterior presidente, el Obamacare, vigente desde 2010. Para ello elimina la obligaci\u00f3n de contratar seguro m\u00e9dico, congela el desarrollo del programa para los m\u00e1s desfavorecidos (Medicaid) y acaba con el sistema impositivo que permiti\u00f3 la expansi\u00f3n de la red asistencial (20 millones de nuevos asegurados). Como contrapartida, favorece las desgravaciones fiscales en funci\u00f3n de la edad.<\/p>\n<p>A la luz del estudio oficial, la aplicaci\u00f3n del plan conservador acarrear\u00eda una p\u00e9rdida masiva de poblaci\u00f3n atendida. El motivo ser\u00eda tanto la fuga de usuarios ante retirada de las penalizaciones para quien no contrate un seguro, como el aumento de los precios de las p\u00f3lizas: entre un 15% y un 20% m\u00e1s en los pr\u00f3ximos dos a\u00f1os. Este drenaje del sistema sanitario permitir\u00eda reducir el d\u00e9ficit en 337.000 millones de d\u00f3lares en una d\u00e9cada, pero al coste de aumentar la poblaci\u00f3n desprotegida y dificultar la entrada de los m\u00e1s desfavorecidos.<\/p>\n<p>No es una conclusi\u00f3n nueva. Desde su presentaci\u00f3n, las asociaciones m\u00e9dicas han advertido que el nuevo modelo implicar\u00e1 una peligrosa merma en la atenci\u00f3n en un pa\u00eds donde 28 millones de personas a\u00fan carecen de cobertura (9% de la poblaci\u00f3n). \u201cLa asistencia m\u00e9dica ser\u00e1 m\u00e1s cara o totalmente inasequible para los m\u00e1s pobres.Que nadie se enga\u00f1e, es un proyecto que reduce la atenci\u00f3n a los m\u00e1s vulnerables\u201d, afirm\u00f3 la Asociaci\u00f3n Americana de Hospitales. \u201cLa Oficina Presupuestaria del Congreso ha puesto el sem\u00e1foro en rojo y ha mostrado lo vac\u00edas que son las promesas del presidente de que todo el mundo tendr\u00eda cobertura y que los costes se reducir\u00edan\u201d, dijo el l\u00edder dem\u00f3crata en el Senado, Chuck Schumer.<\/p>\n<p>Los republicanos siempre han contestado que el objetivo no es ampliar hasta el infinito las coberturas sino mejorar la efectividad de las prestaciones. El argumento, persuasivo en la oposici\u00f3n, ha quedado malherido ante las cifras. Con menos asegurados, p\u00f3lizas m\u00e1s altas y una enorme poblaci\u00f3n desatendida, el informe solo ofrece como ventaja la reducci\u00f3n del d\u00e9ficit. Todo ello sit\u00faa a los conservadores ante un dilema: el dinero o la salud.<\/p>\n<p>Ser\u00e1 Trump quien tenga que sacar a su partido del atolladero. Acuciado por el esc\u00e1ndalo del espionaje ruso, el presidente puso fin a su ambig\u00fcedad y hace dos semanas\u00a0<a style=\"font-style: inherit;color: #016ca2\" href=\"http:\/\/internacional.elpais.com\/internacional\/2017\/03\/09\/estados_unidos\/1489086404_397279.html\">tom\u00f3 el liderazgo de la reforma sanitaria.<\/a>\u00a0El paso le dio aliento pol\u00edtico en una mala encrucijada pero ahora amenaza con pasarle factura. Si la ley decae en las C\u00e1maras,\u00a0<a style=\"font-style: inherit;color: #016ca2\" href=\"http:\/\/internacional.elpais.com\/internacional\/2017\/03\/08\/estados_unidos\/1488995473_521247.html\">si la mayor\u00eda republicana falla<\/a>\u00a0por la deserci\u00f3n de los moderados, Trump tendr\u00eda que asumir el golpe. El gran forjador de acuerdos, el multimillonario que da lecciones al mundo sobre c\u00f3mo negociar, habr\u00eda fracasado.<\/p>\n","protected":false},"excerpt":{"rendered":"<p>Un informe oficial revela que la aplicaci\u00f3n del plan republicano reduce las prestaciones sanitarias a cambio de un ahorro de 337.000 millones de d\u00f3lares en una d\u00e9cada<\/p>\n","protected":false},"author":5842,"featured_media":0,"comment_status":"open","ping_status":"open","sticky":false,"template":"","format":"standard","meta":{"footnotes":""},"categories":[24],"tags":[],"class_list":["post-470589","post","type-post","status-publish","format-standard","hentry","category-mundo"],"_links":{"self":[{"href":"https:\/\/diarioelpopular.com\/index.php\/wp-json\/wp\/v2\/posts\/470589","targetHints":{"allow":["GET"]}}],"collection":[{"href":"https:\/\/diarioelpopular.com\/index.php\/wp-json\/wp\/v2\/posts"}],"about":[{"href":"https:\/\/diarioelpopular.com\/index.php\/wp-json\/wp\/v2\/types\/post"}],"author":[{"embeddable":true,"href":"https:\/\/diarioelpopular.com\/index.php\/wp-json\/wp\/v2\/users\/5842"}],"replies":[{"embeddable":true,"href":"https:\/\/diarioelpopular.com\/index.php\/wp-json\/wp\/v2\/comments?post=470589"}],"version-history":[{"count":2,"href":"https:\/\/diarioelpopular.com\/index.php\/wp-json\/wp\/v2\/posts\/470589\/revisions"}],"predecessor-version":[{"id":470592,"href":"https:\/\/diarioelpopular.com\/index.php\/wp-json\/wp\/v2\/posts\/470589\/revisions\/470592"}],"wp:attachment":[{"href":"https:\/\/diarioelpopular.com\/index.php\/wp-json\/wp\/v2\/media?parent=470589"}],"wp:term":[{"taxonomy":"category","embeddable":true,"href":"https:\/\/diarioelpopular.com\/index.php\/wp-json\/wp\/v2\/categories?post=470589"},{"taxonomy":"post_tag","embeddable":true,"href":"https:\/\/diarioelpopular.com\/index.php\/wp-json\/wp\/v2\/tags?post=470589"}],"curies":[{"name":"wp","href":"https:\/\/api.w.org\/{rel}","templated":true}]}}