{"id":470593,"date":"2017-03-14T10:08:50","date_gmt":"2017-03-14T14:08:50","guid":{"rendered":"http:\/\/diarioelpopular.com\/?p=470593"},"modified":"2017-03-14T10:08:58","modified_gmt":"2017-03-14T14:08:58","slug":"en-venezuela-no-hay-comida-en-brasil-si","status":"publish","type":"post","link":"https:\/\/diarioelpopular.com\/index.php\/2017\/03\/14\/en-venezuela-no-hay-comida-en-brasil-si\/","title":{"rendered":"\u201cEn Venezuela no hay comida, en Brasil s\u00ed\u201d"},"content":{"rendered":"<div id=\"attachment_470594\" style=\"width: 570px\" class=\"wp-caption aligncenter\"><a href=\"https:\/\/diarioelpopular.com\/wp-content\/uploads\/2017\/03\/1489442244_668247_1489442394_noticia_normal_recorte1.jpg\"><img loading=\"lazy\" decoding=\"async\" aria-describedby=\"caption-attachment-470594\" class=\"size-large wp-image-470594\" src=\"https:\/\/diarioelpopular.com\/wp-content\/uploads\/2017\/03\/1489442244_668247_1489442394_noticia_normal_recorte1-560x373.jpg\" alt=\"Un grupo de ind\u00edgenas venezolanos en las calles del municipio de Pacaraima, en el Estado de Roraima \" width=\"560\" height=\"373\" \/><\/a><p id=\"caption-attachment-470594\" class=\"wp-caption-text\">Un grupo de ind\u00edgenas venezolanos en las calles del municipio de Pacaraima, en el Estado de Roraima<\/p><\/div>\n<p style=\"color: #444444\">&#8220;\u00bfC\u00f3mo se dice en Brasil? \u00bf<em>Obrigado<\/em>? Pues\u00a0<em>obrigado<\/em>\u00a0porque en Brasil hay comida. En Venezuela no hay comida&#8221;. Una treintena de ind\u00edgenas de la etnia warao intenta comunicarse con Juliano Torquato, alcalde de Pacaraima, un municipio en Roraima, el Estado m\u00e1s al noreste de Brasil. Quieren explicarle su situaci\u00f3n. Que viven al lado de la autopista, no muy lejos de donde est\u00e1n esta lluviosa tarde de verano. Que duermen en el suelo y viven de donativos entre perros, moscas y juguetes de segunda mano. Que comen cuando hay comida. Y lo que es m\u00e1s problem\u00e1tico para esta localidad de 16.000 habitantes, para la ciudad que tiene al lado y para el Estado en el que se encuentra: que no est\u00e1n solos.<\/p>\n<section id=\"sumario_3|apoyos\" class=\"sumario_apoyos derecha\" style=\"color: #444444\"><a style=\"font-style: inherit;color: #016ca2\" name=\"sumario_3\"><\/a><\/p>\n<div class=\"sumario__interior\" style=\"font-style: inherit\">\n<header class=\"sumario-encabezado\" style=\"font-style: inherit\">\n<h3 class=\"sumario-titulo\" style=\"font-style: inherit;color: #111111\"><span class=\"sin_enlace\" style=\"font-weight: inherit;font-style: inherit\">M\u00c1S INFORMACI\u00d3N<\/span><\/h3>\n<\/header>\n<div class=\"sumario-texto\" style=\"font-style: inherit\">\n<div class=\"apoyos\" style=\"font-style: inherit\">\n<ul class=\"apoyos-listado\" style=\"font-style: inherit\">\n<li class=\"apoyo_normal apoyo_foto\" style=\"font-style: inherit\">\n<figure class=\"foto foto_w140\" style=\"font-style: inherit\"><img loading=\"lazy\" decoding=\"async\" style=\"font-style: inherit\" src=\"http:\/\/ep01.epimg.net\/internacional\/imagenes\/2017\/03\/13\/america\/1489442244_668247_1489444279_sumarioapoyo_normal.jpg\" alt=\"\u201cEn Venezuela no hay comida, en Brasil s\u00ed\u201d\" width=\"140\" height=\"100\" \/><\/figure>\n<p><span class=\"apoyo-titulo\" style=\"font-style: inherit\"><a style=\"font-style: inherit;color: #000000\" href=\"http:\/\/internacional.elpais.com\/internacional\/2017\/03\/13\/colombia\/1489408482_202543.html\">La odisea de las venezolanas que llegan a Colombia para dar a luz<\/a><\/span><\/li>\n<\/ul>\n<\/div>\n<\/div>\n<\/div>\n<\/section>\n<p style=\"color: #444444\">La regi\u00f3n ha sido sacudida en los \u00faltimos meses por un torrente de inmigrantes venezolanos \u2014ind\u00edgenas o no\u2014 que cruzan la frontera de Roraima con la esperanza de que<a style=\"font-style: inherit;color: #016ca2\" href=\"http:\/\/elpais.com\/tag\/brasil\/a\">Brasil les ofrezca una vida mejor<\/a>, o al menos trabajo, o al menos comida. La mayor\u00eda llega a trav\u00e9s de Pacaraima y echa a andar hacia Boa Vista, la capital; en el camino, viven de donativos, de trabajos sueltos o de mendigar. Los ind\u00edgenas intentan volver a sus comunidades en alg\u00fan momento. Los no ind\u00edgenas, no. Freiomar Viana, de 41 a\u00f1os, pertenece al segundo grupo: se trajo a la familia de<a style=\"font-style: inherit;color: #016ca2\" href=\"http:\/\/elpais.com\/tag\/caracas\/a\">Caracas<\/a>\u00a0a Brasil hace un a\u00f1o y ahora ya no le ve sentido a dejar su trabajo en una cafeter\u00eda de Boa Vista. &#8220;Con un salario venezolano uno no puede comer m\u00e1s de tres d\u00edas. Si tienes familia, \u00bfc\u00f3mo vas a apa\u00f1\u00e1rtelas?&#8221;.<\/p>\n<p style=\"color: #444444\">En Pacaraima muchos ya estaban acostumbrados a las idas y venidas de los venezolanos, que llegaban desde su pa\u00eds, compraban productos de primera necesidad y volv\u00edan. Pero ahora los visitantes ya no regresan y es com\u00fan verlos malviviendo en las calles del municipio. El Gobierno del Estado cont\u00f3 hasta 177 venezolanos en situaci\u00f3n precaria por las calles, el pasado agosto. En diciembre, la ciudad decret\u00f3 un estado de emergencia para la salud p\u00fablica. Es una situaci\u00f3n ins\u00f3lita tambi\u00e9n para los venezolanos, que vienen de un pa\u00eds acostumbrado a recibir migrantes y no a lo contrario, seg\u00fan Francilene Rodrigues, profesora de estudios sobre fronteras de la Universidad Federal de Roraima. Pero en cuanto comenz\u00f3 la presidencia de\u00a0<a style=\"font-style: inherit;color: #016ca2\" href=\"http:\/\/elpais.com\/tag\/hugo_chavez\/a\">Hugo Ch\u00e1vez<\/a>\u00a0en 1999 se inici\u00f3 tambi\u00e9n el nuevo movimiento migratorio: la clase media empez\u00f3 a irse a Estados Unidos y Espa\u00f1a. Despu\u00e9s empezaron a irse los m\u00e1s pobres. &#8220;Y a partir de 2010 el proceso se recrudece&#8221;, recalca Rodrigues. &#8220;El alto coste de la vida en Venezuela, m\u00e1s la ca\u00edda del precio del petr\u00f3leo ha hecho estragos con la econom\u00eda del pa\u00eds&#8221;.<\/p>\n<section id=\"sumario_2|foto\" class=\"sumario_foto centro\" style=\"color: #444444\"><a style=\"font-style: inherit;color: #016ca2\" name=\"sumario_2\"><\/a><\/p>\n<div class=\"sumario__interior\" style=\"font-style: inherit\">\n<figure class=\"foto foto_w980\" style=\"font-style: inherit\"><img loading=\"lazy\" decoding=\"async\" style=\"font-style: inherit\" src=\"http:\/\/ep01.epimg.net\/internacional\/imagenes\/2017\/03\/13\/america\/1489442244_668247_1489442671_sumario_normal.jpg\" alt=\"Una de las inmigrantes venezolanas alojada en un polideportivo de la ciudad de Boa Vista (Brasil).\" width=\"980\" height=\"654\" \/><figcaption class=\"foto-pie\" style=\"font-style: inherit;color: #646464\"><span class=\"foto-texto\" style=\"font-style: inherit\">Una de las inmigrantes venezolanas alojada en un polideportivo de la ciudad de Boa Vista (Brasil).<\/span>\u00a0<span class=\"foto-firma\" style=\"font-style: inherit;color: #111111\"><span class=\"foto-autor\" style=\"font-style: inherit\">L. C.<\/span><\/span><\/figcaption><\/figure>\n<div class=\"sumario-texto\" style=\"font-style: inherit\"><\/div>\n<\/div>\n<\/section>\n<p style=\"color: #444444\">Mar\u00eda P\u00e9rez, ind\u00edgena warao, tiene otras palabras para explicar este fen\u00f3meno migratorio: &#8220;Ch\u00e1vez muri\u00f3 en 2013 y entonces se acab\u00f3 la comida y lleg\u00f3 la crisis. No hay nada que comprar y cuando lo hay es demasiado caro&#8221;. La mayor\u00eda de estos nuevos expatriados son j\u00f3venes, es decir, personas en edad de producir.<\/p>\n<p style=\"color: #444444\">Pero hay un problema insondable: estos j\u00f3venes eligen Roraima m\u00e1s por la proximidad que por las oportunidades que ofrece. &#8220;Los venezolanos sienten un gran orgullo de su naci\u00f3n; el estar cerca de la frontera les da la oportunidad de volver en cualquier momento&#8221;, explica Rodrigues. Son un gran n\u00famero para un Gobierno relativamente peque\u00f1o y una bolsa de trabajo a\u00fan menor.<\/p>\n<section id=\"sumario_1|despiece\" class=\"sumario_despiece izquierda\" style=\"color: #444444\"><a style=\"font-style: inherit;color: #016ca2\" name=\"sumario_1\"><\/a><\/p>\n<div class=\"sumario__interior\" style=\"font-style: inherit\">\n<header class=\"sumario-encabezado\" style=\"font-style: inherit\">\n<h4 class=\"sumario-titulo\" style=\"font-style: inherit;color: #111111\"><span class=\"sin_enlace\" style=\"font-weight: inherit;font-style: inherit\">DESPLAZADOS, NO REFUGIADOS<\/span><\/h4>\n<\/header>\n<div class=\"sumario-texto\" style=\"font-style: inherit\">\n<p style=\"font-style: inherit\">Quien mejor ejemplifica el conflicto con la proximidad de Venezuela es Marjorie Gonz\u00e1lez, que era profesora en Caracas y ahora vende ropa y perfumes en Boa Vista. Resolvi\u00f3 venirse el d\u00eda que unos ladrones entraron en su casa. Se enorgullece de la cercan\u00eda con su tierra natal. &#8220;Estoy a 24 horas de mi pa\u00eds. Yo lo amo, pero es mejor estar aqu\u00ed en Brasil porque tengo m\u00e1s tranquilidad. La culpa de que Venezuela est\u00e9 como est\u00e9 es nuestra. Permitimos que hiciesen lo que quisiesen con el pa\u00eds&#8221;.<\/p>\n<p style=\"font-style: inherit\">Mientras, aqu\u00ed no es que tenga la vida exactamente resuelta. A su hija de seis a\u00f1os le faltan los papeles necesarios para que la acepten en una escuela, por lo que est\u00e1 sin estudiar. Tanto ellas como el marido han pedido estatus de refugiados. Una situaci\u00f3n econ\u00f3mica p\u00e9sima como la de Venezuela no cuenta como amenaza cre\u00edble para que la ley brasile\u00f1a admita a un refugiado, pero es una v\u00eda r\u00e1pida y popular para buscar una soluci\u00f3n. En 2014, nueve venezolanos pidieron estatus de asilado en Brasil. En 2015, 234. En 2016, 2.230. Este a\u00f1o, hasta el pasado jueves, 1.035.<\/p>\n<\/div>\n<\/div>\n<\/section>\n<h3 style=\"color: #111111\">Vivir en polideportivos<\/h3>\n<p style=\"color: #444444\">Cuando, hace algo m\u00e1s de un a\u00f1o, los gobernantes de Roraima vieron en sus calles (y en sus plazas, y en sus solares, y en sus callejones) a mendigos venezolanos, intentaron devolverlos a la frontera en un autob\u00fas. Pero eso constitu\u00eda una deportaci\u00f3n en masa, algo prohibido en la legislaci\u00f3n brasile\u00f1a. El Defensor P\u00fablico, la instituci\u00f3n que vela por la justicia criminal en cada Estado, interrumpi\u00f3 el proceso. El siguiente paso lo dio la fiscal\u00eda de Roraima al exigir que se diera cobijo a los menores. El juez accedi\u00f3 siempre y cuando estuviesen con sus familias. El resultado: cientos de ind\u00edgenas (y no ind\u00edgenas) viven en un polideportivo desde hace un a\u00f1o. No se puede dar un n\u00famero concreto porque este cambia a diario. El d\u00eda que EL PA\u00cdS visit\u00f3 las instalaciones, la semana pasada, hab\u00eda 193 personas. Otro d\u00eda se contaron casi 300. Duermen en el suelo y comen lo que les den ese d\u00eda.<\/p>\n<p style=\"color: #444444\">Ese polideportivo, que acoge a demasiadas personas sin estar hecho para acoger a nadie, se ha convertido estos d\u00edas en una ilustraci\u00f3n viva del conflicto. Y hasta \u00e9l se desplaz\u00f3 la semana pasada una representaci\u00f3n de la fiscal\u00eda federal en busca si no de una soluci\u00f3n, al menos de alguna pista sobre qu\u00e9 hacer. Visitaron Pacaraima, donde estaban los ind\u00edgenas empapados junto al alcalde. Intentaron reunirse con la alcaldesa de Boa Vista, pero esta no acudi\u00f3 a la cita. Mand\u00f3 en su lugar a una fiscal, cuya postura se qued\u00f3 en un enjuto: &#8220;No estamos en una situaci\u00f3n financiera que nos permita asumir la responsabilidad de esas personas&#8221;.<\/p>\n<p style=\"color: #444444\">Se cuestionaron las virtudes de dar documentaci\u00f3n a los inmigrantes (para que al menos los ni\u00f1os puedan ir a las escuelas). Se debati\u00f3 si hab\u00eda subido la tasa de cr\u00edmenes desde el desembarco venezolano (s\u00ed, pero no hay datos que asocien una cosa con la otra). Tambi\u00e9n hubo una reuni\u00f3n con la gobernadora de Roraima, Suely Campos. Al salir, se le pregunt\u00f3 qu\u00e9 hacer con los inmigrantes. Ella contest\u00f3: &#8220;No s\u00e9&#8221;.<\/p>\n","protected":false},"excerpt":{"rendered":"<p>Un torrente de migrantes del pa\u00eds bolivariano en busca de mejores condiciones de vida sacude el norte brasile\u00f1o. Las autoridades locales dan la espalda a los llegados<\/p>\n","protected":false},"author":5842,"featured_media":0,"comment_status":"open","ping_status":"open","sticky":false,"template":"","format":"standard","meta":{"footnotes":""},"categories":[23,24],"tags":[],"class_list":["post-470593","post","type-post","status-publish","format-standard","hentry","category-latinoamerica","category-mundo"],"_links":{"self":[{"href":"https:\/\/diarioelpopular.com\/index.php\/wp-json\/wp\/v2\/posts\/470593","targetHints":{"allow":["GET"]}}],"collection":[{"href":"https:\/\/diarioelpopular.com\/index.php\/wp-json\/wp\/v2\/posts"}],"about":[{"href":"https:\/\/diarioelpopular.com\/index.php\/wp-json\/wp\/v2\/types\/post"}],"author":[{"embeddable":true,"href":"https:\/\/diarioelpopular.com\/index.php\/wp-json\/wp\/v2\/users\/5842"}],"replies":[{"embeddable":true,"href":"https:\/\/diarioelpopular.com\/index.php\/wp-json\/wp\/v2\/comments?post=470593"}],"version-history":[{"count":1,"href":"https:\/\/diarioelpopular.com\/index.php\/wp-json\/wp\/v2\/posts\/470593\/revisions"}],"predecessor-version":[{"id":470595,"href":"https:\/\/diarioelpopular.com\/index.php\/wp-json\/wp\/v2\/posts\/470593\/revisions\/470595"}],"wp:attachment":[{"href":"https:\/\/diarioelpopular.com\/index.php\/wp-json\/wp\/v2\/media?parent=470593"}],"wp:term":[{"taxonomy":"category","embeddable":true,"href":"https:\/\/diarioelpopular.com\/index.php\/wp-json\/wp\/v2\/categories?post=470593"},{"taxonomy":"post_tag","embeddable":true,"href":"https:\/\/diarioelpopular.com\/index.php\/wp-json\/wp\/v2\/tags?post=470593"}],"curies":[{"name":"wp","href":"https:\/\/api.w.org\/{rel}","templated":true}]}}