{"id":470659,"date":"2017-03-18T16:57:51","date_gmt":"2017-03-18T20:57:51","guid":{"rendered":"http:\/\/diarioelpopular.com\/?p=470659"},"modified":"2017-03-18T16:58:00","modified_gmt":"2017-03-18T20:58:00","slug":"trump-atiza-de-nuevo-a-alemania-y-dice-que-debe-mucho-dinero-a-la-otan-y-a-ee-uu","status":"publish","type":"post","link":"https:\/\/diarioelpopular.com\/index.php\/2017\/03\/18\/trump-atiza-de-nuevo-a-alemania-y-dice-que-debe-mucho-dinero-a-la-otan-y-a-ee-uu\/","title":{"rendered":"Trump atiza de nuevo a Alemania y dice que \u201cdebe mucho dinero\u201d a la OTAN y a EE UU"},"content":{"rendered":"<div id=\"attachment_470660\" style=\"width: 570px\" class=\"wp-caption aligncenter\"><a href=\"https:\/\/diarioelpopular.com\/wp-content\/uploads\/2017\/03\/1489850653_894350_1489863420_noticia_fotograma.jpg\"><img loading=\"lazy\" decoding=\"async\" aria-describedby=\"caption-attachment-470660\" class=\"size-large wp-image-470660\" src=\"https:\/\/diarioelpopular.com\/wp-content\/uploads\/2017\/03\/1489850653_894350_1489863420_noticia_fotograma-560x315.jpg\" alt=\"La canciller Angela Merkel, este viernes junto a Donald Trump en la Casa Blanca. \/ V\u00cdDEO: El apret\u00f3n de manos entre Trump y Merkel.\" width=\"560\" height=\"315\" \/><\/a><p id=\"caption-attachment-470660\" class=\"wp-caption-text\">La canciller Angela Merkel, este viernes junto a Donald Trump en la Casa Blanca. \/ V\u00cdDEO: El apret\u00f3n de manos entre Trump y Merkel.<\/p><\/div>\n<p style=\"color: #444444\">La\u00a0<a style=\"font-style: inherit;color: #016ca2\" href=\"http:\/\/internacional.elpais.com\/internacional\/2017\/03\/17\/estados_unidos\/1489780254_496094.html\">rueda de prensa del d\u00eda anterior<\/a>\u00a0fue \u00e1spera, pese a los intentos de ambos l\u00edderes por mantener las formas, pero que el nuevo presidente de Estados Unidos, Donald Trump, y la canciller alemana,\u00a0<a style=\"font-style: inherit;color: #016ca2\" href=\"http:\/\/elpais.com\/tag\/angela_merkel\/a\">Angela Merkel<\/a>, no parecen estar destinados a ser grandes socios qued\u00f3 claro este s\u00e1bado por la ma\u00f1ana. Ni un d\u00eda despu\u00e9s de su encuentro bilateral en la Casa Blanca, el neoyorquino atiz\u00f3 a Berl\u00edn: &#8220;Pese a lo que hayan o\u00eddo en las noticias falsas, tuve una gran reuni\u00f3n [con Merkel]&#8221;, dijo en su cuenta de Twitter, para a\u00f1adir acto seguido que &#8220;no obstante, Alemania debe grandes cantidades de dinero a la OTAN y se debe pagar mejor a Estados Unidos por la defensa poderosa \u2013y muy cara<span style=\"font-style: inherit\">\u2013<\/span>\u00a0de la que provee a Alemania&#8221;.<\/p>\n<section id=\"sumario_1|apoyos\" class=\"sumario_apoyos derecha\" style=\"color: #444444\"><a style=\"font-style: inherit;color: #016ca2\" name=\"sumario_1\"><\/a><\/p>\n<div class=\"sumario__interior\" style=\"font-style: inherit\">\n<header class=\"sumario-encabezado\" style=\"font-style: inherit\">\n<h3 class=\"sumario-titulo\" style=\"font-style: inherit;color: #111111\"><span class=\"sin_enlace\" style=\"font-weight: inherit;font-style: inherit\">M\u00c1S INFORMACI\u00d3N<\/span><\/h3>\n<\/header>\n<div class=\"sumario-texto\" style=\"font-style: inherit\">\n<div class=\"apoyos\" style=\"font-style: inherit\">\n<ul class=\"apoyos-listado\" style=\"font-style: inherit\">\n<li class=\"apoyo_normal apoyo_foto\" style=\"font-style: inherit\">\n<figure class=\"foto foto_w140\" style=\"font-style: inherit\"><img loading=\"lazy\" decoding=\"async\" style=\"font-style: inherit\" src=\"http:\/\/ep01.epimg.net\/internacional\/imagenes\/2017\/03\/18\/estados_unidos\/1489850653_894350_1489860453_sumarioapoyo_normal.jpg\" alt=\"Trump atiza de nuevo a Alemania y dice que \u201cdebe mucho dinero\u201d a la OTAN y a EE UU\" width=\"140\" height=\"100\" \/><\/figure>\n<p><span class=\"apoyo-titulo\" style=\"font-style: inherit\"><a style=\"font-style: inherit;color: #000000\" href=\"http:\/\/internacional.elpais.com\/internacional\/2017\/03\/17\/estados_unidos\/1489780254_496094.html\">Trump: \u201cLa inmigraci\u00f3n es un privilegio, no un derecho\u201d<\/a><\/span><\/li>\n<li class=\"apoyo_normal apoyo_sinfoto\" style=\"font-style: inherit\"><span class=\"apoyo-titulo\" style=\"font-style: inherit\"><a style=\"font-style: inherit;color: #000000\" href=\"http:\/\/internacional.elpais.com\/internacional\/2017\/03\/17\/estados_unidos\/1489759521_742720.html?rel=mas\">Trump mantiene que fue espiado durante la campa\u00f1a electoral<\/a><\/span><\/li>\n<\/ul>\n<\/div>\n<\/div>\n<\/div>\n<\/section>\n<div id=\"elpais_gpt-INTEXT\" style=\"color: #444444\"><\/div>\n<p style=\"color: #444444\">El d\u00eda previo, las diferencias entre ambos l\u00edderes se hab\u00edan hecho evidentes en asuntos como la inmigraci\u00f3n o el comercio, y la sinton\u00eda que\u00a0<a style=\"font-style: inherit;color: #016ca2\" href=\"http:\/\/elpais.com\/tag\/barack_obama\/a\">Barack Obama<\/a>\u00a0y Merkel hab\u00edan forjado entre las dos potencias qued\u00f3 definitivamente enterrada en el pasado. M\u00e1s all\u00e1 de las palabras, algunos gestos tambi\u00e9n revelaron el cambio de ciclo, como la cara de estupefacci\u00f3n que puso la canciller alemana cuando Trump us\u00f3 la expresi\u00f3n &#8220;noticias falsas&#8221; tras la pregunta de una periodista alemana o cuando brome\u00f3 diciendo que ambos l\u00edderes &#8220;ten\u00edan algo en com\u00fan&#8221; en relaci\u00f3n con el<a style=\"font-style: inherit;color: #016ca2\" href=\"http:\/\/internacional.elpais.com\/internacional\/2017\/03\/17\/estados_unidos\/1489759521_742720.html\/\/internacional.elpais.com\/internacional\/2017\/03\/17\/estados_unidos\/1489759521_742720.html\/\/internacional.elpais.com\/internacional\/2017\/03\/17\/estados_unidos\/1489759521_742720.html\/\/internacional.elpais.com\/internacional\/2017\/03\/17\/estados_unidos\/1489759521_742720.html\/\/internacional.elpais.com\/internacional\/2017\/03\/17\/estados_unidos\/1489759521_742720.html\/\/internacional.elpais.com\/internacional\/2017\/03\/17\/estados_unidos\/1489759521_742720.html\/\/internacional.elpais.com\/internacional\/2017\/03\/17\/estados_unidos\/1489759521_742720.html\">espionaje del que el republicano culpa a Obama<\/a>.<\/p>\n<p style=\"color: #444444\">El asunto de la OTAN tambi\u00e9n surgi\u00f3 en la rueda de prensa, pues Trump lleva desde la campa\u00f1a electoral dando la batalla con que Estados Unidos paga m\u00e1s de lo que debe y ha se\u00f1alado a Berl\u00edn como beneficiado de esta situaci\u00f3n en varias ocasiones. Pero el viernes fue m\u00e1s cauto, recalc\u00f3 su &#8220;fuerte apoyo&#8221; a la alianza atl\u00e1ntica, si bien a\u00f1adi\u00f3 que &#8220;muchas naciones deben grandes cantidades de dinero y es muy injusto para EE UU, cada naci\u00f3n debe pagar lo que deben&#8221;.<\/p>\n<p style=\"color: #444444\">Ese vago &#8220;lo que deben&#8221; se concreta en la petici\u00f3n por parte de Trump de que los socios de la OTAN vayan aumentando su esfuerzo en defensa hasta alcanzar una cantidad equivalente al 2% del PIB de su pa\u00eds ante 2024. Merkel pareci\u00f3 dispuesta a aceptarlo y resalt\u00f3 que su presupuesto militar hab\u00eda subido al 8% en 2017. Pero esta ma\u00f1ana, Trump us\u00f3 su plataforma de expresi\u00f3n favorita, la red social Twitter, para subir el tono cuando no hab\u00edan pasado ni 24 horas de su cita con Merkel.<\/p>\n","protected":false},"excerpt":{"rendered":"<p>El presidente sube la tensi\u00f3n con Berl\u00edn al d\u00eda siguiente de reunirse con Merkel<\/p>\n","protected":false},"author":5842,"featured_media":0,"comment_status":"open","ping_status":"open","sticky":false,"template":"","format":"standard","meta":{"footnotes":""},"categories":[24],"tags":[],"class_list":["post-470659","post","type-post","status-publish","format-standard","hentry","category-mundo"],"_links":{"self":[{"href":"https:\/\/diarioelpopular.com\/index.php\/wp-json\/wp\/v2\/posts\/470659","targetHints":{"allow":["GET"]}}],"collection":[{"href":"https:\/\/diarioelpopular.com\/index.php\/wp-json\/wp\/v2\/posts"}],"about":[{"href":"https:\/\/diarioelpopular.com\/index.php\/wp-json\/wp\/v2\/types\/post"}],"author":[{"embeddable":true,"href":"https:\/\/diarioelpopular.com\/index.php\/wp-json\/wp\/v2\/users\/5842"}],"replies":[{"embeddable":true,"href":"https:\/\/diarioelpopular.com\/index.php\/wp-json\/wp\/v2\/comments?post=470659"}],"version-history":[{"count":2,"href":"https:\/\/diarioelpopular.com\/index.php\/wp-json\/wp\/v2\/posts\/470659\/revisions"}],"predecessor-version":[{"id":470662,"href":"https:\/\/diarioelpopular.com\/index.php\/wp-json\/wp\/v2\/posts\/470659\/revisions\/470662"}],"wp:attachment":[{"href":"https:\/\/diarioelpopular.com\/index.php\/wp-json\/wp\/v2\/media?parent=470659"}],"wp:term":[{"taxonomy":"category","embeddable":true,"href":"https:\/\/diarioelpopular.com\/index.php\/wp-json\/wp\/v2\/categories?post=470659"},{"taxonomy":"post_tag","embeddable":true,"href":"https:\/\/diarioelpopular.com\/index.php\/wp-json\/wp\/v2\/tags?post=470659"}],"curies":[{"name":"wp","href":"https:\/\/api.w.org\/{rel}","templated":true}]}}