{"id":470683,"date":"2017-03-21T18:08:09","date_gmt":"2017-03-21T22:08:09","guid":{"rendered":"http:\/\/diarioelpopular.com\/?p=470683"},"modified":"2017-03-21T18:08:20","modified_gmt":"2017-03-21T22:08:20","slug":"que-se-puede-y-que-no-se-puede-llevar-en-el-equipaje-en-un-avion","status":"publish","type":"post","link":"https:\/\/diarioelpopular.com\/index.php\/2017\/03\/21\/que-se-puede-y-que-no-se-puede-llevar-en-el-equipaje-en-un-avion\/","title":{"rendered":"\u00bfQu\u00e9 se puede y qu\u00e9 no se puede llevar en el equipaje en un avi\u00f3n?"},"content":{"rendered":"<div id=\"attachment_470684\" style=\"width: 570px\" class=\"wp-caption aligncenter\"><a href=\"https:\/\/diarioelpopular.com\/wp-content\/uploads\/2017\/03\/1490098579_838416_1490108220_noticia_fotograma.jpg\"><img loading=\"lazy\" decoding=\"async\" aria-describedby=\"caption-attachment-470684\" class=\"size-large wp-image-470684\" src=\"https:\/\/diarioelpopular.com\/wp-content\/uploads\/2017\/03\/1490098579_838416_1490108220_noticia_fotograma-560x315.jpg\" alt=\"Aviones de Emirates en el aeropuerto de Dubai. En v\u00eddeo, siete cosas que no puedes subir a un avi\u00f3n.\" width=\"560\" height=\"315\" \/><\/a><p id=\"caption-attachment-470684\" class=\"wp-caption-text\">Aviones de Emirates en el aeropuerto de Dubai. En v\u00eddeo, siete cosas que no puedes subir a un avi\u00f3n.<\/p><\/div>\n<p style=\"color: #444444\">La administraci\u00f3n de Donald Trump ha decidido prohibir a los pasajeros que vuelen a EE UU desde 10 aeropuertos de ocho pa\u00edses que\u00a0<a style=\"font-style: inherit;color: #016ca2\" href=\"http:\/\/internacional.elpais.com\/internacional\/2017\/03\/21\/estados_unidos\/1490051253_463278.html\">lleven en la cabina dispositivos electr\u00f3nicos grandes (tabletas u ordenadores)<\/a>, seg\u00fan adelant\u00f3 ayer el diario\u00a0<a style=\"font-style: inherit;color: #016ca2\" href=\"https:\/\/www.ft.com\/content\/a69c65f4-0db7-11e7-b030-768954394623\">Financial Times<\/a>. La medida afecta a varias\u00a0<a style=\"font-style: inherit;color: #016ca2\" href=\"http:\/\/internacional.elpais.com\/internacional\/2017\/03\/21\/estados_unidos\/1490051253_463278.html#sumario_3\">aerol\u00edneas de ocho pa\u00edses<\/a>\u00a0de Oriente Pr\u00f3ximo y norte de \u00c1frica, como Egipto, Jordania, Arabia Saud\u00ed y Emiratos \u00c1rabes y solo para los vuelos con destino EE UU, no para los que salgan del pa\u00eds hacia esos destinos. Seg\u00fan la nueva normativa, que parte de la Agencia de Seguridad Nacional y que entrar\u00eda hoy en vigor, los que lleven estos aparatos tendr\u00e1n que facturarlos para que viajen en la bodega del avi\u00f3n.<\/p>\n<section id=\"sumario_1|apoyos\" class=\"sumario_apoyos derecha\" style=\"color: #444444\"><a style=\"font-style: inherit;color: #016ca2\" name=\"sumario_1\"><\/a><\/p>\n<div class=\"sumario__interior\" style=\"font-style: inherit\">\n<header class=\"sumario-encabezado\" style=\"font-style: inherit\">\n<h3 class=\"sumario-titulo\" style=\"font-style: inherit;color: #111111\"><span class=\"sin_enlace\" style=\"font-weight: inherit;font-style: inherit\">M\u00c1S INFORMACI\u00d3N<\/span><\/h3>\n<\/header>\n<div class=\"sumario-texto\" style=\"font-style: inherit\">\n<div class=\"apoyos\" style=\"font-style: inherit\">\n<ul class=\"apoyos-listado\" style=\"font-style: inherit\">\n<li class=\"apoyo_ apoyo_sinfoto\" style=\"font-style: inherit\"><span class=\"apoyo-titulo\" style=\"font-style: inherit\"><a style=\"font-style: inherit;color: #000000\" href=\"http:\/\/internacional.elpais.com\/internacional\/2017\/03\/21\/estados_unidos\/1490051253_463278.html\">EE UU proh\u00edbe llevar ordenadores y tabletas en cabina en vuelos desde una decena de pa\u00edses<\/a><\/span><\/li>\n<li class=\"apoyo_ apoyo_sinfoto\" style=\"font-style: inherit\"><span class=\"apoyo-titulo\" style=\"font-style: inherit\"><a style=\"font-style: inherit;color: #000000\" href=\"http:\/\/internacional.elpais.com\/internacional\/2016\/09\/11\/actualidad\/1473617735_075666.html\">As\u00ed cambi\u00f3 el 11-S la forma de montar en un avi\u00f3n<\/a><\/span><\/li>\n<li class=\"apoyo_ apoyo_sinfoto\" style=\"font-style: inherit\"><span class=\"apoyo-titulo\" style=\"font-style: inherit\"><a style=\"font-style: inherit;color: #000000\" href=\"http:\/\/economia.elpais.com\/economia\/2016\/02\/25\/actualidad\/1456431406_683700.html\">Seguridad A\u00e9rea aclara que s\u00ed podr\u00e1s facturar tu m\u00f3vil, PC y tablet con la maleta<\/a><\/span><\/li>\n<\/ul>\n<\/div>\n<\/div>\n<\/div>\n<\/section>\n<div id=\"elpais_gpt-INTEXT\" style=\"color: #444444\"><\/div>\n<p style=\"color: #444444\">A la espera de que el Gobierno estadounidense concrete el alcance de la medida, las normas internacionales sobre seguridad a\u00e9rea no proh\u00edben llevar este tipo de aparatos en la cabina del avi\u00f3n. De hecho, la Agencia Europea de Seguridad A\u00e9rea, desde septiembre de 2014,\u00a0<a style=\"font-style: inherit;color: #016ca2\" href=\"https:\/\/www.easa.europa.eu\/easa-and-you\/passengers\/portable-electronic-devices-ped-board\">permite su uso durante el vuelo e incluso la conexi\u00f3n a internet<\/a>\u00a0si la aerol\u00ednea ofrece wifi. Deja a las aerol\u00edneas la potestad de permitir el uso del aparato \u201cindependientemente de que est\u00e9 transmitiendo o no, por ejemplo, en modo avi\u00f3n o no\u201d. Para ello, las aerol\u00edneas han de pasar por un \u201cproceso de evaluaci\u00f3n para asegurarse de que el avi\u00f3n no se vea afectado de ninguna manera por la transmisi\u00f3n de se\u00f1ales desde el dispositivo electr\u00f3nico\u201d.<\/p>\n<p style=\"color: #444444\">EE UU a\u00fan no ha detallado los motivos de la medida, aunque un funcionario ha declarado a ala agencia Reuters que la norma tiene que ver con una evaluaci\u00f3n de los servicios de inteligencia y que es &#8220;adecuada&#8221; desde el punto de vista de la seguridad. Sin conocer estos detalles, Jos\u00e9 Manuel Sanjurjo, acad\u00e9mico de la Real Academia de Ingenier\u00eda y experto en ciberseguridad, opina que la prohibici\u00f3n de estos dispositivos grandes puede tener que ver con alguna informaci\u00f3n de inteligencia concreta. Este experto opina que estos dispositivos grandes podr\u00edan llegar a tener potencia suficiente para generar un \u201cruido electr\u00f3nico\u201d que pudiera interferir en los sistemas del avi\u00f3n \u2013un m\u00f3vil no tendr\u00eda esa potencia-. Igualmente, ve &#8220;factible, en teor\u00eda&#8221;, aunque altamente improbable, que desde un ordenador en el interior del aparato alguien pudiese\u00a0<em>hackear<\/em>\u00a0los sistemas inform\u00e1ticos del avi\u00f3n y hacerse con su control o introducir un virus. En cualquiera de los dos casos, deber\u00eda tratarse de un dispositivo \u201cde gran potencia\u201d y estima que un ordenador port\u00e1til normal no tendr\u00eda suficiente. Adem\u00e1s, sostiene que los sistemas inform\u00e1ticos de un avi\u00f3n est\u00e1n muy protegidos y que tendr\u00eda que tratarse de un ataque \u201cmuy sofisticado\u201d al alcance de muy pocos.<\/p>\n<p style=\"color: #444444\">En su opini\u00f3n y sin conocer los detalles, el hecho de que la medida solo se aplicase para los vuelos con destino a EE UU tendr\u00eda que ver con que EE UU no tenga suficiente confianza en los dispositivos de seguridad en los aeropuertos de esos pa\u00edses.<\/p>\n<h3 style=\"color: #111111\">Bater\u00edas de litio<\/h3>\n<p style=\"color: #444444\">Las bater\u00edas de litio de las que se nutren todos estos dispositivos fueron motivo de controversia el a\u00f1o pasado, cuando la Organizaci\u00f3n de Aviaci\u00f3n Civil Internacional (OACI) emiti\u00f3 una nota en la que prohib\u00eda que los aviones comerciales no podr\u00edan transportar ning\u00fan \u201ccargamento\u201d de bater\u00edas de litio, lo que hizo correr la idea de que no se podr\u00edan facturar ni m\u00f3viles ni ordenadores personales ni tabletas en las bodegas del avi\u00f3n. La Agencia Estatal de Seguridad A\u00e9rea Espa\u00f1ola\u00a0<a style=\"font-style: inherit;color: #016ca2\" href=\"http:\/\/economia.elpais.com\/economia\/2016\/02\/25\/actualidad\/1456431406_683700.html\">se vio obligada a aclarar que s\u00ed se podr\u00eda facturar estos objetos<\/a>\u00a0y que la prohibici\u00f3n de la OACI se refer\u00eda a cargamentos, es decir, un n\u00famero elevado de bater\u00edas, aunque no especificaba el n\u00famero. Por tanto, se puede facturar estos aparatos, pero la agencia Europea de Seguridad a\u00e9rea explica que han de estar totalmente apagados y protegidos. Las\u00a0<a style=\"font-style: inherit;color: #016ca2\" href=\"https:\/\/www.easa.europa.eu\/easa-and-you\/passengers\/dangerous-goods\">bater\u00edas de repuesto deben ser transportadas en el equipaje de mano<\/a>\u00a0y protegidas para que no se produzcan cortocircuitos que podr\u00edan causar un incendio. En EE UU,\u00a0<a style=\"font-style: inherit;color: #016ca2\" href=\"https:\/\/www.faa.gov\/about\/office_org\/headquarters_offices\/ash\/ash_programs\/hazmat\/passenger_info\/media\/Airline_passengers_and_batteries.pdf\">se permite facturar el dispositivo con su bater\u00eda<\/a>, pero no se puede llevar en la bodega bater\u00edas de respuesto, estas tienen que ir en el equipaje de mano.<\/p>\n<p style=\"color: #444444\">Tambi\u00e9n en relaci\u00f3n con las bater\u00edas, en 2014 la Administraci\u00f3n de Seguridad en el Transporte de EE UU (TSA) implement\u00f3 una medida seg\u00fan la cual,\u00a0<a style=\"font-style: inherit;color: #016ca2\" href=\"http:\/\/internacional.elpais.com\/internacional\/2014\/07\/07\/actualidad\/1404749660_886852.html\">pod\u00eda obligarse al portador de un dispositivo electr\u00f3nico a encender el aparato<\/a>\u00a0y, en caso de que no tuviese bater\u00eda suficiente para funcionar, serle confiscado.<\/p>\n<p style=\"color: #444444\">M\u00e1s all\u00e1 de los dispositivos electr\u00f3nicos, las autoridades estadounidenses y europeas de seguridad a\u00e9rea cuentan con directrices sobe los objetos que pueden formar parte del equipaje de mano y de bodega.<\/p>\n<p style=\"color: #444444\">Con car\u00e1cter general, se proh\u00edbe llevar en el equipaje de mano cualquier objeto punzante o cortante, lo cual incluye herramientas (sierras, destornilladores, tenazas) y muchos art\u00edculos deportivos (palos de hockey, de golf, bates, remos, patines de hielo, etc). Tambi\u00e9n se proh\u00edben las cerillas (no los mecheros, aunque en China, por ejemplo, s\u00ed los requisan), aerosoles, extintores, l\u00edquidos inflamables, sustancias qu\u00edmicas t\u00f3xicas, explosivos y armas de fuego y todo tipo de envases de l\u00edquidos (gel, champ\u00fa, pasta de dientes, colonia\u2026) con capacidad superior a 100 mililitros. Todos estos envases l\u00edquidos, adem\u00e1s, deben ir dentro de una bolsa transparente con sistema de cierre y con un volumen total no superior a un litro (1.000 mililitros). La normativa sobre l\u00edquidos excluye los medicamentos y la comida para beb\u00e9s o de dietas especiales, pero se recomienda llevar la receta o un justificante.<\/p>\n<p style=\"color: #444444\">Aqu\u00ed se puede leer la\u00a0<a style=\"font-style: inherit;color: #016ca2\" href=\"https:\/\/www.tsa.gov\/travel\/security-screening\/prohibited-items\">lista detallada de objetos que se pueden y no se pueden llevar en el equipaje de mano y de cabina de la TSA<\/a>. El organismo espa\u00f1ol que gestiona los aeropuertos, AENA, por su parte, resume la normativa europea sobre equipajes en este\u00a0<a style=\"font-style: inherit;color: #016ca2\" href=\"http:\/\/www.aena.es\/csee\/ccurl\/619\/476\/Art%C3%ADculos%20Prohi%20en%20aeronaves%20espanol.pdf\">folleto informativo<\/a>.<\/p>\n","protected":false},"excerpt":{"rendered":"<p>EE UU prohibir\u00e1 ordenadores y tabletas en cabina para vuelos procedentes de ocho pa\u00edses. \u00bfQu\u00e9 dice la norma general?<\/p>\n","protected":false},"author":5842,"featured_media":0,"comment_status":"open","ping_status":"open","sticky":false,"template":"","format":"standard","meta":{"footnotes":""},"categories":[24],"tags":[],"class_list":["post-470683","post","type-post","status-publish","format-standard","hentry","category-mundo"],"_links":{"self":[{"href":"https:\/\/diarioelpopular.com\/index.php\/wp-json\/wp\/v2\/posts\/470683","targetHints":{"allow":["GET"]}}],"collection":[{"href":"https:\/\/diarioelpopular.com\/index.php\/wp-json\/wp\/v2\/posts"}],"about":[{"href":"https:\/\/diarioelpopular.com\/index.php\/wp-json\/wp\/v2\/types\/post"}],"author":[{"embeddable":true,"href":"https:\/\/diarioelpopular.com\/index.php\/wp-json\/wp\/v2\/users\/5842"}],"replies":[{"embeddable":true,"href":"https:\/\/diarioelpopular.com\/index.php\/wp-json\/wp\/v2\/comments?post=470683"}],"version-history":[{"count":2,"href":"https:\/\/diarioelpopular.com\/index.php\/wp-json\/wp\/v2\/posts\/470683\/revisions"}],"predecessor-version":[{"id":470687,"href":"https:\/\/diarioelpopular.com\/index.php\/wp-json\/wp\/v2\/posts\/470683\/revisions\/470687"}],"wp:attachment":[{"href":"https:\/\/diarioelpopular.com\/index.php\/wp-json\/wp\/v2\/media?parent=470683"}],"wp:term":[{"taxonomy":"category","embeddable":true,"href":"https:\/\/diarioelpopular.com\/index.php\/wp-json\/wp\/v2\/categories?post=470683"},{"taxonomy":"post_tag","embeddable":true,"href":"https:\/\/diarioelpopular.com\/index.php\/wp-json\/wp\/v2\/tags?post=470683"}],"curies":[{"name":"wp","href":"https:\/\/api.w.org\/{rel}","templated":true}]}}