{"id":470715,"date":"2017-03-22T15:18:39","date_gmt":"2017-03-22T19:18:39","guid":{"rendered":"http:\/\/diarioelpopular.com\/?p=470715"},"modified":"2017-03-22T15:18:47","modified_gmt":"2017-03-22T19:18:47","slug":"mark-patterson-de-la-agencia-hire-immigrants-dice-que-starbucks-es-una-compania-que-entiende-a-la-diversa-poblacion-a-la-que-sirve-se-ve-aqui-con-luisa-girotto-vicepresidenta-de-asuntos-public","status":"publish","type":"post","link":"https:\/\/diarioelpopular.com\/index.php\/2017\/03\/22\/mark-patterson-de-la-agencia-hire-immigrants-dice-que-starbucks-es-una-compania-que-entiende-a-la-diversa-poblacion-a-la-que-sirve-se-ve-aqui-con-luisa-girotto-vicepresidenta-de-asuntos-public\/","title":{"rendered":"Mark Patterson, de la agencia Hire Immigrants, dice que Starbucks &#8220;es una compa\u00f1\u00eda que entiende a la diversa poblaci\u00f3n a la que sirve&#8221;. Se ve aqu\u00ed con Luisa Girotto, vicepresidenta de Asuntos P\u00fablicos de Starbucks Canada."},"content":{"rendered":"<div id=\"attachment_470716\" style=\"width: 570px\" class=\"wp-caption aligncenter\"><a href=\"https:\/\/diarioelpopular.com\/wp-content\/uploads\/2017\/03\/1490190044_161047_1490190141_noticia_normal_recorte1.jpg\"><img loading=\"lazy\" decoding=\"async\" aria-describedby=\"caption-attachment-470716\" class=\"size-large wp-image-470716\" src=\"https:\/\/diarioelpopular.com\/wp-content\/uploads\/2017\/03\/1490190044_161047_1490190141_noticia_normal_recorte1-560x286.jpg\" alt=\"Una tienda de la cadena Sears en Pittsburgh, Pensilvania \" width=\"560\" height=\"286\" \/><\/a><p id=\"caption-attachment-470716\" class=\"wp-caption-text\">Una tienda de la cadena Sears en Pittsburgh, Pensilvania<\/p><\/div>\n<p style=\"color: #444444\">Sears Holdings, due\u00f1a de dos de las cadenas comerciales m\u00e1s ic\u00f3nicas de Estados Unidos, se asoma al precipicio. La corporaci\u00f3n que dirige el magnate Eddy Lampert admite ya abiertamente a los inversores de que duda seriamente de que pueda sobrevivir. El recorte de gastos y el cierre de tiendas es insuficiente para salvar a la compa\u00f1\u00eda que puso su nombre en Chicago al que en su d\u00eda fue el rascacielos m\u00e1s alto del mundo.<\/p>\n<section id=\"sumario_1|apoyos\" class=\"sumario_apoyos derecha\" style=\"color: #444444\"><a style=\"font-style: inherit;color: #016ca2\" name=\"sumario_1\"><\/a><\/p>\n<div class=\"sumario__interior\" style=\"font-style: inherit\">\n<header class=\"sumario-encabezado\" style=\"font-style: inherit\">\n<h3 class=\"sumario-titulo\" style=\"font-style: inherit;color: #111111\"><span class=\"sin_enlace\" style=\"font-weight: inherit;font-style: inherit\">M\u00c1S INFORMACI\u00d3N<\/span><\/h3>\n<\/header>\n<div class=\"sumario-texto\" style=\"font-style: inherit\">\n<div class=\"apoyos\" style=\"font-style: inherit\">\n<ul class=\"apoyos-listado\" style=\"font-style: inherit\">\n<li class=\"apoyo_ apoyo_sinfoto\" style=\"font-style: inherit\"><span class=\"apoyo-titulo\" style=\"font-style: inherit\"><a style=\"font-style: inherit;color: #000000\" href=\"http:\/\/economia.elpais.com\/economia\/2017\/01\/04\/actualidad\/1483570005_009568.html\">Macy\u00b4s despedir\u00e1 a 10.000 empleados<\/a><\/span><\/li>\n<li class=\"apoyo_ apoyo_sinfoto\" style=\"font-style: inherit\"><span class=\"apoyo-titulo\" style=\"font-style: inherit\"><a style=\"font-style: inherit;color: #000000\" href=\"http:\/\/economia.elpais.com\/economia\/2016\/11\/14\/actualidad\/1479132995_671489.html?rel=mas\">American Apparel vende la marca a Gildan Activeware<\/a><\/span><\/li>\n<li class=\"apoyo_ apoyo_sinfoto\" style=\"font-style: inherit\"><span class=\"apoyo-titulo\" style=\"font-style: inherit\"><a style=\"font-style: inherit;color: #000000\" href=\"http:\/\/economia.elpais.com\/economia\/2016\/05\/04\/actualidad\/1462364987_439153.html\">La marca de ropa casual A\u00e9ropostale suspende pagos<\/a><\/span><\/li>\n<\/ul>\n<\/div>\n<\/div>\n<\/div>\n<\/section>\n<p style=\"color: #444444\">Los problemas del conglomerado comenzaron precisamente con la fusi\u00f3n de Sears y Kmart, una operaci\u00f3n que se valor\u00f3 en 11.000 millones de d\u00f3lares y que uni\u00f3 en 2005 a dos de las cadenas comerciales con m\u00e1s historia de Estados Unidos. Juntas ten\u00eda 3.400 tiendas en EE UU y 370 en Canad\u00e1 que daban empleo a 355.000 personas. La din\u00e1mica del negocio cambi\u00f3 por completo.<\/p>\n<p style=\"color: #444444\">\u00a0Sears Holdings cuenta en la actualidad con 1.400 hipermercados y su plantilla se redujo tras numerosas reestructuraciones a 140.000 empleados. Su negocio no es capaz de generar el efectivo que necesita para operar y financiar unas deudas se elevan a 4.200 millones. La \u00faltima vez que gan\u00f3 dinero fue en 2010. Desde entonces acumular p\u00e9rdidas por valor de 10.400 millones.<\/p>\n<p style=\"color: #444444\">La imagen contrasta radicalmente con las fortunas pasadas, cuando era m\u00e1s grande que Walmart. La compa\u00f1\u00eda est\u00e1 tratando de hacerse con liquidez vendiendo algunos activos, como hizo en enero con la marca de herramientas Craftsman a su rival Stanley Black &amp; Decker. Tambi\u00e9n negocia vender Kenmore y Diehard. Pero estas transacciones no ser\u00e1n suficientes para evitar el fatal desenlace.<\/p>\n<p style=\"color: #444444\">La declaraci\u00f3n de bancarrota se da ya por hecho y eso provoc\u00f3 que sus t\u00edtulos cayeran m\u00e1s de un 15% en la apertura de Wall Street. Lo \u00fanico que est\u00e1 en el aire es cu\u00e1ndo suceder\u00e1. El \u00faltimo plan de reestructuraci\u00f3n presentado en enero incluye el cierre de 150 locales y busca ahorros de 1.000 millones. Lleg\u00f3 a un pacto en paralelo con los acreedores para que le prestaran otros 140 millones.<\/p>\n<p style=\"color: #444444\">El sector del comercio minorista atraviesa por un momento de dificultad, por la irrupci\u00f3n de Amazon y los cambios de tendencia en el consumo. Las cadenas por departamento Macy\u00b4s y JCPenny tambi\u00e9n est\u00e1n cerrando tiendas para conversar capital e invertir en la digitalizaci\u00f3n del negocio. Incluso la cadena de hipermercados Walmart tuvo que modificar su estrategia para adaptarse a la nueva realidad.<\/p>\n","protected":false},"excerpt":{"rendered":"<p>La ic\u00f3nica cadena comercial admite por primera vez que duda que pueda sobrevivir<\/p>\n","protected":false},"author":5842,"featured_media":0,"comment_status":"open","ping_status":"open","sticky":false,"template":"","format":"standard","meta":{"footnotes":""},"categories":[1],"tags":[],"class_list":["post-470715","post","type-post","status-publish","format-standard","hentry","category-uncategorized"],"_links":{"self":[{"href":"https:\/\/diarioelpopular.com\/index.php\/wp-json\/wp\/v2\/posts\/470715","targetHints":{"allow":["GET"]}}],"collection":[{"href":"https:\/\/diarioelpopular.com\/index.php\/wp-json\/wp\/v2\/posts"}],"about":[{"href":"https:\/\/diarioelpopular.com\/index.php\/wp-json\/wp\/v2\/types\/post"}],"author":[{"embeddable":true,"href":"https:\/\/diarioelpopular.com\/index.php\/wp-json\/wp\/v2\/users\/5842"}],"replies":[{"embeddable":true,"href":"https:\/\/diarioelpopular.com\/index.php\/wp-json\/wp\/v2\/comments?post=470715"}],"version-history":[{"count":1,"href":"https:\/\/diarioelpopular.com\/index.php\/wp-json\/wp\/v2\/posts\/470715\/revisions"}],"predecessor-version":[{"id":470717,"href":"https:\/\/diarioelpopular.com\/index.php\/wp-json\/wp\/v2\/posts\/470715\/revisions\/470717"}],"wp:attachment":[{"href":"https:\/\/diarioelpopular.com\/index.php\/wp-json\/wp\/v2\/media?parent=470715"}],"wp:term":[{"taxonomy":"category","embeddable":true,"href":"https:\/\/diarioelpopular.com\/index.php\/wp-json\/wp\/v2\/categories?post=470715"},{"taxonomy":"post_tag","embeddable":true,"href":"https:\/\/diarioelpopular.com\/index.php\/wp-json\/wp\/v2\/tags?post=470715"}],"curies":[{"name":"wp","href":"https:\/\/api.w.org\/{rel}","templated":true}]}}