{"id":470718,"date":"2017-03-22T15:21:55","date_gmt":"2017-03-22T19:21:55","guid":{"rendered":"http:\/\/diarioelpopular.com\/?p=470718"},"modified":"2017-03-22T15:22:09","modified_gmt":"2017-03-22T19:22:09","slug":"cuatro-muertos-y-20-heridos-en-un-atentado-terrorista-cerca-del-parlamento-britanico-en-londres","status":"publish","type":"post","link":"https:\/\/diarioelpopular.com\/index.php\/2017\/03\/22\/cuatro-muertos-y-20-heridos-en-un-atentado-terrorista-cerca-del-parlamento-britanico-en-londres\/","title":{"rendered":"Cuatro muertos y 20 heridos en un atentado terrorista cerca del Parlamento brit\u00e1nico en Londres"},"content":{"rendered":"<div id=\"attachment_470719\" style=\"width: 570px\" class=\"wp-caption aligncenter\"><a href=\"https:\/\/diarioelpopular.com\/wp-content\/uploads\/2017\/03\/1490194314_103355_1490207191_noticia_fotograma.jpg\"><img loading=\"lazy\" decoding=\"async\" aria-describedby=\"caption-attachment-470719\" class=\"size-large wp-image-470719\" src=\"https:\/\/diarioelpopular.com\/wp-content\/uploads\/2017\/03\/1490194314_103355_1490207191_noticia_fotograma-560x314.jpg\" alt=\"Un hombre herido es traslado a una ambulancia por el servicio de emergencia.\" width=\"560\" height=\"314\" \/><\/a><p id=\"caption-attachment-470719\" class=\"wp-caption-text\">Un hombre herido es traslado a una ambulancia por el servicio de emergencia.<\/p><\/div>\n<p style=\"color: #444444\">Un atacante terrorista ha matado este mi\u00e9rcoles a al menos tres personas y ha causado 20 heridos en las inmediaciones del Parlamento brit\u00e1nico, en Londres, capital del Reino Unido.\u00a0<span style=\"font-style: inherit\">El agresor<\/span>\u00a0<a style=\"font-style: inherit;color: #016ca2\" href=\"http:\/\/internacional.elpais.com\/internacional\/2017\/03\/22\/actualidad\/1490194918_726687.html\" target=\"_blank\">ha muerto a<\/a>\u00a0tiros de<span style=\"font-style: inherit\">\u00a0las fuerzas de seguridad, seg\u00fan ha informado el presidente de la C\u00e1mara de los Comunes, David Lidington.<\/span><\/p>\n<div id=\"elpais_gpt-INTEXT\" style=\"color: #444444\"><\/div>\n<p style=\"color: #444444\"><span style=\"font-style: inherit\"><span style=\"font-style: inherit\">El hombre, seg\u00fan el relato de los testigos, arroll\u00f3 a bordo de un todoterreno a viandantes y polic\u00edas en el puente de\u00a0<span style=\"font-style: inherit\">Westminster sobre las 14.40 (hora local) antes de empotrarse contra la verja del Parlamento. Entre las v\u00edctimas mortales se cuentan una mujer y al menos un polic\u00eda, seg\u00fan la polic\u00eda metropolitana de Londres. Adem\u00e1s hay varios heridos &#8220;de extrema gravedad&#8221;.\u00a0<\/span><\/span><\/span><\/p>\n<section id=\"sumario_3|html\" class=\"sumario_html centro\" style=\"color: #444444\"><a style=\"font-style: inherit;color: #016ca2\" name=\"sumario_3\"><\/a><\/p>\n<div class=\"sumario__interior\" style=\"font-style: inherit\">\n<div class=\"sumario-texto\" style=\"font-style: inherit\">\n<div class=\"SandboxRoot env-bp-350\" style=\"color: #1c2022\">\n<div id=\"twitter-widget-0\" class=\"EmbeddedTweet EmbeddedTweet--mediaForward media-forward js-clickToOpenTarget js-tweetIdInfo\" lang=\"es\">\n<article class=\"MediaCard&lt;br \/&gt;\n           MediaCard--mediaForward&lt;\/p&gt;\n&lt;p&gt;           customisable-border\" dir=\"ltr\"><\/p>\n<div class=\"MediaCard-mediaContainer js-cspForcedStyle\">\n<div class=\"MediaCard-mediaAsset&lt;br \/&gt;\n                ImageGrid&lt;br \/&gt;\n                ImageGrid--4&lt;br \/&gt;\n                ImageGrid--roundedTop&lt;br \/&gt;\n                \"><a class=\"ImageGrid-image&lt;br \/&gt;\n                  ImageGrid-image-0&lt;br \/&gt;\n                  CroppedImage&lt;br \/&gt;\n                  CroppedImage--fillWidth&lt;br \/&gt;\n                  \" style=\"color: #2b7bb9\" href=\"https:\/\/twitter.com\/reuterspictures\/status\/844571447712460800\/photo\/1\"><img loading=\"lazy\" decoding=\"async\" class=\"CroppedImage-image js-cspForcedStyle\" title=\"Ver imagen en Twitter\" src=\"https:\/\/pbs.twimg.com\/media\/C7iEFl-V4AAl5Pg.jpg:small\" alt=\"Ver imagen en Twitter\" width=\"1024\" height=\"683\" \/><\/a><a class=\"ImageGrid-image&lt;br \/&gt;\n                  ImageGrid-image-1&lt;br \/&gt;\n                  CroppedImage&lt;br \/&gt;\n                  CroppedImage--fillWidth&lt;br \/&gt;\n                  \" style=\"color: #2b7bb9\" href=\"https:\/\/twitter.com\/reuterspictures\/status\/844571447712460800\/photo\/1\"><img loading=\"lazy\" decoding=\"async\" class=\"CroppedImage-image js-cspForcedStyle\" title=\"Ver imagen en Twitter\" src=\"https:\/\/pbs.twimg.com\/media\/C7iEIK0V4AE68sS.jpg:small\" alt=\"Ver imagen en Twitter\" width=\"1024\" height=\"684\" \/><\/a><a class=\"ImageGrid-image&lt;br \/&gt;\n                  ImageGrid-image-2&lt;br \/&gt;\n                  CroppedImage&lt;br \/&gt;\n                  CroppedImage--fillWidth&lt;br \/&gt;\n                  \" style=\"color: #2b7bb9\" href=\"https:\/\/twitter.com\/reuterspictures\/status\/844571447712460800\/photo\/1\"><img loading=\"lazy\" decoding=\"async\" class=\"CroppedImage-image js-cspForcedStyle\" title=\"Ver imagen en Twitter\" src=\"https:\/\/pbs.twimg.com\/media\/C7iEKLuVsAAbOu0.jpg:small\" alt=\"Ver imagen en Twitter\" width=\"1024\" height=\"682\" \/><\/a><a class=\"ImageGrid-image&lt;br \/&gt;\n                  ImageGrid-image-3&lt;br \/&gt;\n                  CroppedImage&lt;br \/&gt;\n                  CroppedImage--fillWidth&lt;br \/&gt;\n                  \" style=\"color: #2b7bb9\" href=\"https:\/\/twitter.com\/reuterspictures\/status\/844571447712460800\/photo\/1\"><img loading=\"lazy\" decoding=\"async\" class=\"CroppedImage-image js-cspForcedStyle\" title=\"Ver imagen en Twitter\" src=\"https:\/\/pbs.twimg.com\/media\/C7iEMGsVsAAu7-X.jpg:small\" alt=\"Ver imagen en Twitter\" width=\"1024\" height=\"713\" \/><\/a><\/div>\n<\/div>\n<\/article>\n<div class=\"EmbeddedTweet-tweet\">\n<blockquote class=\"Tweet h-entry js-tweetIdInfo subject expanded&lt;br \/&gt; \n<p>                    is-deciderHtmlWhitespace\" cite=\"https:\/\/twitter.com\/reuterspictures\/status\/844571447712460800\"><\/p>\n<div class=\"Tweet-header u-cf\">\n<div class=\"Tweet-brand u-floatRight\"><span class=\"u-hiddenInNarrowEnv\"><a class=\"FollowButton follow-button profile\" style=\"font-weight: bold;color: #55acee\" title=\"Seguir a Reuters Pictures en Twitter\" href=\"https:\/\/twitter.com\/reuterspictures\">\u00a0Seguir<\/a><\/span><\/div>\n<div class=\"TweetAuthor \"><a class=\"TweetAuthor-link Identity u-linkBlend\" style=\"color: inherit\" href=\"https:\/\/twitter.com\/reuterspictures\"><span class=\"TweetAuthor-avatar Identity-avatar\"><img decoding=\"async\" class=\"Avatar\" src=\"https:\/\/pbs.twimg.com\/profile_images\/801160628895256576\/WT28WDkN_normal.jpg\" alt=\"\" \/><\/span><span class=\"TweetAuthor-name Identity-name customisable-highlight\" style=\"font-weight: bold\" title=\"Reuters Pictures\">Reuters Pictures<\/span>\u00a0<\/a><\/p>\n<div class=\"Icon Icon--verified \" title=\"Cuenta verificada\"><\/div>\n<p><a class=\"TweetAuthor-link Identity u-linkBlend\" style=\"color: inherit\" href=\"https:\/\/twitter.com\/reuterspictures\"><span class=\"TweetAuthor-verifiedBadge\"><span class=\"u-hiddenVisually\">\u2714<\/span><\/span><span class=\"TweetAuthor-screenName Identity-screenName\" dir=\"ltr\" style=\"color: #697882\" title=\"@reuterspictures\">@reuterspictures<\/span><\/a><\/p>\n<\/div>\n<\/div>\n<div class=\"Tweet-body e-entry-content\">\n<p class=\"Tweet-text e-entry-title\" dir=\"ltr\" lang=\"en\">Photos by Toby Melville show injured people in an incident outside British parliament\u00a0<a class=\"link customisable\" style=\"color: #2b7bb9\" title=\"http:\/\/live.reuters.com\/Event\/UK_parliament_incident\" href=\"https:\/\/t.co\/q2Z1RCh2hx\" target=\"_blank\" rel=\"nofollow noopener\"><span class=\"u-hiddenVisually\">http:\/\/<\/span>live.reuters.com\/Event\/UK_parli<span class=\"u-hiddenVisually\">ament_incident\u00a0<\/span>\u2026<\/a><\/p>\n<div class=\"Tweet-metadata dateline\" style=\"color: #697882\"><a class=\"u-linkBlend u-url customisable-highlight long-permalink\" style=\"color: inherit\" href=\"https:\/\/twitter.com\/reuterspictures\/status\/844571447712460800\">11:28 &#8211; 22 Mar 2017<\/a><\/div>\n<ul class=\"Tweet-actions\">\n<li class=\"Tweet-action\"><\/li>\n<li class=\"Tweet-action\">\n<div class=\"Icon Icon--retweet TweetAction-icon\" title=\"Retweet\"><\/div>\n<p><a class=\"TweetAction TweetAction--retweet web-intent\" style=\"color: #697882\" href=\"https:\/\/twitter.com\/intent\/retweet?tweet_id=844571447712460800\">\u00a0<span class=\"TweetAction-stat\">2.649<\/span><span class=\"u-hiddenVisually\">2.649 Retweets<\/span><\/a><\/li>\n<li class=\"Tweet-action\">\n<div class=\"Icon Icon--heart TweetAction-icon\" title=\"Me gusta\"><\/div>\n<p><a class=\"TweetAction TweetAction--heart web-intent\" style=\"color: #697882\" href=\"https:\/\/twitter.com\/intent\/like?tweet_id=844571447712460800\">\u00a0<span class=\"TweetAction-stat\">1.165<\/span><span class=\"u-hiddenVisually\">1.165 me gusta<\/span><\/a><\/li>\n<\/ul>\n<\/div>\n<\/blockquote>\n<\/div>\n<\/div>\n<div class=\"resize-sensor\">Las autoridades evacuaron las inmediaciones del Parlamento tras lo que las autoridades no dudaron en llamar atentado despu\u00e9s de analizar el ataque. La sesi\u00f3n que se estaba celebrando en Westminster fue suspendida y el edificio fue cerrado y acordonado. La polic\u00eda ha informado adem\u00e1s que ha desplegado efectivos por toda la ciudad y ha pedido a los ciudadanos que permanezcan alerta.<\/div>\n<\/div>\n<\/div>\n<\/div>\n<\/section>\n<p style=\"color: #444444\">Tras estrellar el veh\u00edculo y salir de \u00e9l, el terrorista habr\u00eda logrado entrar en los jardines del Old Palace Yard, junto al edificio, antes de ser abordado por agentes de polic\u00eda y habr\u00eda atacado a uno de ellos con un pu\u00f1al de entre 12 y 15 cent\u00edmetros. En las im\u00e1genes que han trascendido se puede comprobar que cargaba con dos cuchillos. A continuaci\u00f3n, un compa\u00f1ero del agente habr\u00eda realizado varios disparos contra el atacante. Se cree que el atacante actuaba solo aunque no se descarta que contara con alg\u00fan c\u00f3mplice.<\/p>\n<section id=\"sumario_6|foto\" class=\"sumario_foto izquierda\" style=\"color: #444444\"><a style=\"font-style: inherit;color: #016ca2\" name=\"sumario_6\"><\/a><\/p>\n<div class=\"sumario__interior\" style=\"font-style: inherit\">\n<figure class=\"foto foto_w360\" style=\"font-style: inherit\"><img loading=\"lazy\" decoding=\"async\" style=\"font-style: inherit\" src=\"http:\/\/ep01.epimg.net\/internacional\/imagenes\/2017\/03\/22\/actualidad\/1490194314_103355_1490200990_sumario_normal.jpg\" alt=\"Cuatro muertos y 20 heridos en un atentado terrorista cerca del Parlamento brit\u00e1nico en Londres\" width=\"360\" height=\"468\" \/><\/figure>\n<div class=\"sumario-texto\" style=\"font-style: inherit\"><\/div>\n<\/div>\n<\/section>\n<p style=\"color: #444444\">\u201cComo habr\u00e1n apreciado los colegas los acontecimientos se suceden con rapidez y quiero enfatizar que el conocimiento definitivo que tengo por el momento es muy limitado\u201d, ha declarado\u00a0<a style=\"font-style: inherit;color: #016ca2\" href=\"https:\/\/twitter.com\/DLidington\">el l\u00edder de la Casa de los Comunes, David Lidington<\/a>. \u201cLo que puedo decir es que ha habido un incidente serio&#8221;, ha dicho. &#8220;Parece que un agente de polic\u00eda ha sido apu\u00f1alado; el supuesto atacante ha sido disparado por la polic\u00eda Una ambulancia est\u00e1 atendiendo en e lugar de los hechos. Tambi\u00e9n hay relatos de m\u00e1s incidentes violentos en las proximidades\u201d, ha a\u00f1adido.<\/p>\n<p style=\"color: #444444\">En el momento del ataque, Theresa May se encontraba en el interior del Parlamento, donde se celebraba la sesi\u00f3n semanal de preguntas a la primera ministra. Fuentes oficiales han confirmado a\u00a0<a style=\"font-style: inherit;color: #016ca2\" href=\"http:\/\/www.bbc.com\/\">la BBC<\/a>\u00a0que habr\u00eda abandonado ya la sala y se encuentra sana y salva. El ex primer ministro\u00a0<a style=\"font-style: inherit;color: #016ca2\" href=\"https:\/\/twitter.com\/David_Cameron\/status\/844599562593599489\">David Cameron<\/a>\u00a0dijo que los que quieren atacar la democracia brit\u00e1nica &#8220;con estos m\u00e9todos b\u00e1rbaros&#8221;, nunca van a ganar. Las redes sociales se llenaron de mensajes de solidaridad con la etiqueta #WeAreNotAfraid (No tenemos miedo).<\/p>\n","protected":false},"excerpt":{"rendered":"<p>El atacante mat\u00f3 a tres personas antes de ser abatido por la polic\u00eda<\/p>\n","protected":false},"author":5842,"featured_media":0,"comment_status":"open","ping_status":"open","sticky":false,"template":"","format":"standard","meta":{"footnotes":""},"categories":[24],"tags":[],"class_list":["post-470718","post","type-post","status-publish","format-standard","hentry","category-mundo"],"_links":{"self":[{"href":"https:\/\/diarioelpopular.com\/index.php\/wp-json\/wp\/v2\/posts\/470718","targetHints":{"allow":["GET"]}}],"collection":[{"href":"https:\/\/diarioelpopular.com\/index.php\/wp-json\/wp\/v2\/posts"}],"about":[{"href":"https:\/\/diarioelpopular.com\/index.php\/wp-json\/wp\/v2\/types\/post"}],"author":[{"embeddable":true,"href":"https:\/\/diarioelpopular.com\/index.php\/wp-json\/wp\/v2\/users\/5842"}],"replies":[{"embeddable":true,"href":"https:\/\/diarioelpopular.com\/index.php\/wp-json\/wp\/v2\/comments?post=470718"}],"version-history":[{"count":2,"href":"https:\/\/diarioelpopular.com\/index.php\/wp-json\/wp\/v2\/posts\/470718\/revisions"}],"predecessor-version":[{"id":470721,"href":"https:\/\/diarioelpopular.com\/index.php\/wp-json\/wp\/v2\/posts\/470718\/revisions\/470721"}],"wp:attachment":[{"href":"https:\/\/diarioelpopular.com\/index.php\/wp-json\/wp\/v2\/media?parent=470718"}],"wp:term":[{"taxonomy":"category","embeddable":true,"href":"https:\/\/diarioelpopular.com\/index.php\/wp-json\/wp\/v2\/categories?post=470718"},{"taxonomy":"post_tag","embeddable":true,"href":"https:\/\/diarioelpopular.com\/index.php\/wp-json\/wp\/v2\/tags?post=470718"}],"curies":[{"name":"wp","href":"https:\/\/api.w.org\/{rel}","templated":true}]}}