{"id":470722,"date":"2017-03-22T21:31:57","date_gmt":"2017-03-23T01:31:57","guid":{"rendered":"http:\/\/diarioelpopular.com\/?p=470722"},"modified":"2017-03-22T21:32:05","modified_gmt":"2017-03-23T01:32:05","slug":"cinco-muertos-y-40-heridos-en-un-atentado-terrorista-cerca-del-parlamento-britanico-en-londres","status":"publish","type":"post","link":"https:\/\/diarioelpopular.com\/index.php\/2017\/03\/22\/cinco-muertos-y-40-heridos-en-un-atentado-terrorista-cerca-del-parlamento-britanico-en-londres\/","title":{"rendered":"Cinco muertos y 40 heridos en un atentado terrorista cerca del Parlamento brit\u00e1nico en Londres"},"content":{"rendered":"<p>&nbsp;<\/p>\n<div id=\"attachment_470723\" style=\"width: 570px\" class=\"wp-caption aligncenter\"><a href=\"https:\/\/diarioelpopular.com\/wp-content\/uploads\/2017\/03\/1490194314_103355_1490207191_noticia_fotograma1.jpg\"><img loading=\"lazy\" decoding=\"async\" aria-describedby=\"caption-attachment-470723\" class=\"size-large wp-image-470723\" src=\"https:\/\/diarioelpopular.com\/wp-content\/uploads\/2017\/03\/1490194314_103355_1490207191_noticia_fotograma1-560x314.jpg\" alt=\"Un hombre herido es traslado a una ambulancia por el servicio de emergencia. \" width=\"560\" height=\"314\" \/><\/a><p id=\"caption-attachment-470723\" class=\"wp-caption-text\">Un hombre herido es traslado a una ambulancia por el servicio de emergencia.<\/p><\/div>\n<p><span style=\"color: #111111\">Un ataque que la polic\u00eda brit\u00e1nica calific\u00f3 como<\/span><a style=\"color: #016ca2\" href=\"http:\/\/elpais.com\/elpais\/2017\/03\/22\/album\/1490195637_331506.html\">\u00a0un atentado terrorista<\/a><span style=\"color: #111111\">\u00a0golpe\u00f3 este mi\u00e9rcoles el centro de Londres. Un agresor sembr\u00f3 el p\u00e1nico en las inmediaciones del Parlamento, primero atropellando con un todoterreno a numerosos transe\u00fantes y luego atacando con un cuchillo a los agentes que vigilaban el acceso al coraz\u00f3n de la democracia brit\u00e1nica. El ataque caus\u00f3 al menos cinco muertos, entre ellos el presunto terrorista, y 40 heridos, seg\u00fan el \u00faltimo balance ofrecido por la Polic\u00eda brit\u00e1nica poco antes de medianoche. El agresor fue abatido a tiros por los agentes. La primera ministra, Theresa May, se encontraba en la sede del Parlamento en el momento del suceso, pero no sufri\u00f3 ning\u00fan da\u00f1o. La C\u00e1mara escocesa suspendi\u00f3 la votaci\u00f3n sobre un nuevo refer\u00e9ndum de independencia al conocerse la noticia del atentado, cuyas motivaciones permanecen sin aclarar. Las autoridades sospechan que el ataque est\u00e1 vinculado con el terrorismo islamista.<\/span><\/p>\n<p style=\"color: #444444\"><a style=\"font-style: inherit;color: #016ca2\" href=\"http:\/\/elpais.com\/elpais\/2017\/03\/22\/album\/1490195637_331506.html\">El atentado<\/a>\u00a0sembr\u00f3 el terror en el centro de Londres y forz\u00f3 la suspensi\u00f3n de una sesi\u00f3n del hist\u00f3rico Parlamento brit\u00e1nico, cuyos diputados permanecieron encerrados en el recinto durante varias horas por motivos de seguridad. El atacante, cuya identidad no hab\u00eda sido hecha p\u00fablica anoche, fue abatido a tiros de inmediato por las fuerzas de seguridad.<\/p>\n<p style=\"color: #444444\">El hombre conduc\u00eda un todoterreno marca Hyundai con el que fue arrollando sobre las 14.40 (hora local, una hora m\u00e1s en la Espa\u00f1a peninsular) a viandantes y polic\u00edas que se encontraban en el puente de Westminster antes de empotrarse contra la verja del Parlamento, sito justo al final del puente, seg\u00fan el relato de los testigos. Entre los fallecidos se encuentra al menos un agente, seg\u00fan la polic\u00eda metropolitana de<a style=\"font-style: inherit;color: #016ca2\" href=\"http:\/\/internacional.elpais.com\/internacional\/2017\/03\/22\/actualidad\/1490206423_657842.html\">Londres<\/a>. Varios de los 40 heridos se hallaban anoche en situaci\u00f3n \u201cde extrema gravedad\u201d. Uno de ellos es una mujer que se hab\u00eda lanz\u00f3 al cauce del T\u00e1mesis en su huida; fue rescatada con severas lesiones.<\/p>\n<header class=\"sumario-encabezado\">\n<h3 class=\"sumario-titulo\" style=\"font-style: inherit;color: #111111\"><span class=\"sin_enlace\" style=\"font-weight: inherit;font-style: inherit\">M\u00c1S INFORMACI\u00d3N<\/span><\/h3>\n<\/header>\n<div class=\"sumario-texto\">\n<div class=\"apoyos\" style=\"font-style: inherit\">\n<ul class=\"apoyos-listado\" style=\"font-style: inherit\">\n<li class=\"apoyo_ apoyo_sinfoto\" style=\"font-style: inherit\"><span class=\"apoyo-titulo\" style=\"font-style: inherit\"><a style=\"font-style: inherit;color: #000000\" href=\"http:\/\/internacional.elpais.com\/internacional\/2017\/03\/22\/actualidad\/1490194918_726687.html\">El atentado en Londres, en directo<\/a><\/span><\/li>\n<li class=\"apoyo_fotogaleria apoyo_foto\" style=\"font-style: inherit\">\n<figure class=\"foto foto_w140\" style=\"font-style: inherit\"><img loading=\"lazy\" decoding=\"async\" style=\"font-style: inherit\" src=\"http:\/\/ep01.epimg.net\/internacional\/imagenes\/2017\/03\/22\/actualidad\/1490194314_103355_1490199374_sumarioapoyo_normal.jpg\" alt=\"Cinco muertos y 40 heridos en un atentado terrorista cerca del Parlamento brit\u00e1nico en Londres\" width=\"140\" height=\"100\" \/><\/figure>\n<p><span class=\"apoyo-titulo\" style=\"font-style: inherit\"><a style=\"font-style: inherit;color: #000000\" href=\"http:\/\/elpais.com\/elpais\/2017\/03\/22\/album\/1490195637_331506.html\"><span class=\"apoyo-tipo\" style=\"font-style: inherit;color: #ffffff\">FOTOGALER\u00cdA<\/span>\u00a0Las im\u00e1genes del ataque en Londres<\/a><\/span><\/li>\n<li class=\"apoyo_fotogaleria apoyo_foto\" style=\"font-style: inherit\">\n<section id=\"sumario_3|html\" class=\"sumario_html centro\" style=\"color: #444444\"><a style=\"font-style: inherit;color: #016ca2\" name=\"sumario_3\"><\/a><\/section>\n<div class=\"sumario__interior\" style=\"font-style: inherit\">\n<div class=\"sumario-texto\" style=\"font-style: inherit\">\n<div class=\"SandboxRoot env-bp-350\" style=\"color: #1c2022\">\n<div id=\"twitter-widget-0\" class=\"EmbeddedTweet EmbeddedTweet--mediaForward media-forward js-clickToOpenTarget js-tweetIdInfo\" lang=\"es\">\n<article class=\"MediaCard&lt;br \/&gt;\n           MediaCard--mediaForward&lt;\/p&gt;\n&lt;p&gt;           customisable-border\" dir=\"ltr\"><\/p>\n<div class=\"MediaCard-mediaContainer js-cspForcedStyle\">\n<div class=\"MediaCard-mediaAsset&lt;br \/&gt;\n                ImageGrid&lt;br \/&gt;\n                ImageGrid--4&lt;br \/&gt;\n                ImageGrid--roundedTop&lt;br \/&gt;\n                \"><a class=\"ImageGrid-image&lt;br \/&gt;\n                  ImageGrid-image-0&lt;br \/&gt;\n                  CroppedImage&lt;br \/&gt;\n                  CroppedImage--fillWidth&lt;br \/&gt;\n                  \" style=\"color: #2b7bb9\" href=\"https:\/\/twitter.com\/reuterspictures\/status\/844571447712460800\/photo\/1\"><img loading=\"lazy\" decoding=\"async\" class=\"CroppedImage-image js-cspForcedStyle\" title=\"Ver imagen en Twitter\" src=\"https:\/\/pbs.twimg.com\/media\/C7iEFl-V4AAl5Pg.jpg:small\" alt=\"Ver imagen en Twitter\" width=\"1024\" height=\"683\" \/><\/a><a class=\"ImageGrid-image&lt;br \/&gt;\n                  ImageGrid-image-1&lt;br \/&gt;\n                  CroppedImage&lt;br \/&gt;\n                  CroppedImage--fillWidth&lt;br \/&gt;\n                  \" style=\"color: #2b7bb9\" href=\"https:\/\/twitter.com\/reuterspictures\/status\/844571447712460800\/photo\/1\"><img loading=\"lazy\" decoding=\"async\" class=\"CroppedImage-image js-cspForcedStyle\" title=\"Ver imagen en Twitter\" src=\"https:\/\/pbs.twimg.com\/media\/C7iEIK0V4AE68sS.jpg:small\" alt=\"Ver imagen en Twitter\" width=\"1024\" height=\"684\" \/><\/a><a class=\"ImageGrid-image&lt;br \/&gt;\n                  ImageGrid-image-2&lt;br \/&gt;\n                  CroppedImage&lt;br \/&gt;\n                  CroppedImage--fillWidth&lt;br \/&gt;\n                  \" style=\"color: #2b7bb9\" href=\"https:\/\/twitter.com\/reuterspictures\/status\/844571447712460800\/photo\/1\"><img loading=\"lazy\" decoding=\"async\" class=\"CroppedImage-image js-cspForcedStyle\" title=\"Ver imagen en Twitter\" src=\"https:\/\/pbs.twimg.com\/media\/C7iEKLuVsAAbOu0.jpg:small\" alt=\"Ver imagen en Twitter\" width=\"1024\" height=\"682\" \/><\/a><a class=\"ImageGrid-image&lt;br \/&gt;\n                  ImageGrid-image-3&lt;br \/&gt;\n                  CroppedImage&lt;br \/&gt;\n                  CroppedImage--fillWidth&lt;br \/&gt;\n                  \" style=\"color: #2b7bb9\" href=\"https:\/\/twitter.com\/reuterspictures\/status\/844571447712460800\/photo\/1\"><img loading=\"lazy\" decoding=\"async\" class=\"CroppedImage-image js-cspForcedStyle\" title=\"Ver imagen en Twitter\" src=\"https:\/\/pbs.twimg.com\/media\/C7iEMGsVsAAu7-X.jpg:small\" alt=\"Ver imagen en Twitter\" width=\"1024\" height=\"713\" \/><\/a><\/div>\n<\/div>\n<\/article>\n<div class=\"EmbeddedTweet-tweet\">\n<blockquote class=\"Tweet h-entry js-tweetIdInfo subject expanded&lt;br \/&gt; \n<p>                    is-deciderHtmlWhitespace\" cite=\"https:\/\/twitter.com\/reuterspictures\/status\/844571447712460800\"><\/p>\n<div class=\"Tweet-header u-cf\">\n<div class=\"Tweet-brand u-floatRight\"><span class=\"u-hiddenInNarrowEnv\"><a class=\"FollowButton follow-button profile\" style=\"font-weight: bold;color: #55acee\" title=\"Seguir a Reuters Pictures en Twitter\" href=\"https:\/\/twitter.com\/reuterspictures\">\u00a0Seguir<\/a><\/span><\/div>\n<div class=\"TweetAuthor \"><a class=\"TweetAuthor-link Identity u-linkBlend\" style=\"color: inherit\" href=\"https:\/\/twitter.com\/reuterspictures\"><span class=\"TweetAuthor-avatar Identity-avatar\"><img decoding=\"async\" class=\"Avatar\" src=\"https:\/\/pbs.twimg.com\/profile_images\/801160628895256576\/WT28WDkN_normal.jpg\" alt=\"\" \/><\/span><span class=\"TweetAuthor-name Identity-name customisable-highlight\" style=\"font-weight: bold\" title=\"Reuters Pictures\">Reuters Pictures<\/span>\u00a0<\/a><\/p>\n<div class=\"Icon Icon--verified \" title=\"Cuenta verificada\"><\/div>\n<p><a class=\"TweetAuthor-link Identity u-linkBlend\" style=\"color: inherit\" href=\"https:\/\/twitter.com\/reuterspictures\"><span class=\"TweetAuthor-verifiedBadge\"><span class=\"u-hiddenVisually\">\u2714<\/span><\/span><span class=\"TweetAuthor-screenName Identity-screenName\" dir=\"ltr\" style=\"color: #697882\" title=\"@reuterspictures\">@reuterspictures<\/span><\/a><\/p>\n<\/div>\n<\/div>\n<div class=\"Tweet-body e-entry-content\">\n<p class=\"Tweet-text e-entry-title\" dir=\"ltr\" lang=\"en\">Photos by Toby Melville show injured people in an incident outside British parliament\u00a0<a class=\"link customisable\" style=\"color: #2b7bb9\" title=\"http:\/\/live.reuters.com\/Event\/UK_parliament_incident\" href=\"https:\/\/t.co\/q2Z1RCh2hx\" target=\"_blank\" rel=\"nofollow noopener\"><span class=\"u-hiddenVisually\">http:\/\/<\/span>live.reuters.com\/Event\/UK_parli<span class=\"u-hiddenVisually\">ament_incident\u00a0<\/span>\u2026<\/a><\/p>\n<div class=\"Tweet-metadata dateline\" style=\"color: #697882\"><a class=\"u-linkBlend u-url customisable-highlight long-permalink\" style=\"color: inherit\" href=\"https:\/\/twitter.com\/reuterspictures\/status\/844571447712460800\">11:28 &#8211; 22 Mar 2017<\/a><\/div>\n<ul class=\"Tweet-actions\">\n<li class=\"Tweet-action\"><\/li>\n<li class=\"Tweet-action\">\n<div class=\"Icon Icon--retweet TweetAction-icon\" title=\"Retweet\"><\/div>\n<p><a class=\"TweetAction TweetAction--retweet web-intent\" style=\"color: #697882\" href=\"https:\/\/twitter.com\/intent\/retweet?tweet_id=844571447712460800\">\u00a0<span class=\"TweetAction-stat\">2.904<\/span><span class=\"u-hiddenVisually\">2.904 Retweets<\/span><\/a><\/li>\n<li class=\"Tweet-action\">\n<div class=\"Icon Icon--heart TweetAction-icon\" title=\"Me gusta\"><\/div>\n<p><a class=\"TweetAction TweetAction--heart web-intent\" style=\"color: #697882\" href=\"https:\/\/twitter.com\/intent\/like?tweet_id=844571447712460800\"><span style=\"color: #697882\">\u00a0<\/span><span class=\"TweetAction-stat\">1.370<\/span><span class=\"u-hiddenVisually\">1.370 me gusta<\/span><\/a><\/li>\n<\/ul>\n<\/div>\n<\/blockquote>\n<\/div>\n<\/div>\n<\/div>\n<\/div>\n<\/div>\n<p style=\"color: #444444\">Las autoridades ordenaron evacuar las inmediaciones del Parlamento, tras lo que no dudaron en calificar los hechos como un atentado. La sesi\u00f3n que se estaba celebrando en Westminster fue suspendida de inmediato, y el edificio cerrado y acordonado. La polic\u00eda inform\u00f3, adem\u00e1s, de que hab\u00eda desplegado agentes por toda la ciudad y pidi\u00f3 a los ciudadanos que permaneciesen alerta.<\/p>\n<p style=\"color: #444444\">Despu\u00e9s de estrellar el veh\u00edculo y salir de \u00e9l, el supuesto terrorista logr\u00f3 adentrarse en los jardines del Old Palace Yard, adyacentes a la C\u00e1mara, antes de ser abordado por agentes de polic\u00eda, a uno de los cuales atac\u00f3 con un pu\u00f1al de entre 12 y 15 cent\u00edmetros. En las im\u00e1genes que se difundieron se puede comprobar que llevaba dos cuchillos. A continuaci\u00f3n, un compa\u00f1ero del agente realiz\u00f3 varios disparos contra el atacante. Se cree que actuaba solo, aunque no se descarta que contase con alg\u00fan c\u00f3mplice.<\/p>\n<p style=\"color: #444444\">En el momento del atentado,\u00a0<a style=\"font-style: inherit;color: #016ca2\" href=\"https:\/\/twitter.com\/theresa_may\">Theresa May<\/a>\u00a0se encontraba en el interior del Parlamento, donde se celebraba la sesi\u00f3n semanal de preguntas a la primera ministra. La l\u00edder brit\u00e1nica fue escoltada fuera del recinto sin sufrir consecuencias. May convoc\u00f3 enseguida una reuni\u00f3n del comit\u00e9 de emergencias Cobra, que incluye a sus principales ministros, junto a altos cargos de defensa y seguridad, para evaluar la situaci\u00f3n.<\/p>\n<p style=\"color: #444444\">A \u00faltima hora de la tarde, a las puertas del n\u00famero 10 de Downing Street, la primera ministra ley\u00f3 un comunicado en el que calific\u00f3 el atentado de \u201cnauseabundo y depravado ataque terrorista\u201d. May confirm\u00f3 que el nivel oficial de alerta en Reino Unido sigue siendo \u201csevero\u201d, el segundo m\u00e1s alto de una escala de cinco, el mismo en el que el pa\u00eds lleva \u201calg\u00fan tiempo\u201d instalado.<\/p>\n<section id=\"sumario_1|html\" class=\"sumario_html centro\" style=\"color: #444444\"><a style=\"font-style: inherit;color: #016ca2\" name=\"sumario_1\"><\/a><\/p>\n<div class=\"sumario__interior\" style=\"font-style: inherit\">\n<div class=\"sumario-texto\" style=\"font-style: inherit\">\n<div class=\"SandboxRoot env-bp-350\" style=\"color: #1c2022\">\n<div id=\"twitter-widget-1\" class=\"EmbeddedTweet js-clickToOpenTarget\" lang=\"es\">\n<div class=\"EmbeddedTweet-tweet\">\n<blockquote class=\"Tweet h-entry js-tweetIdInfo subject expanded&lt;br \/&gt; \n<p>                    is-deciderHtmlWhitespace\" cite=\"https:\/\/twitter.com\/PaulBrandITV\/status\/844562209434992642\"><\/p>\n<div class=\"Tweet-header u-cf\">\n<div class=\"Tweet-brand u-floatRight\"><span class=\"u-hiddenInNarrowEnv\"><a class=\"FollowButton follow-button profile\" style=\"font-weight: bold;color: #55acee\" title=\"Seguir a Paul Brand en Twitter\" href=\"https:\/\/twitter.com\/PaulBrandITV\">\u00a0Seguir<\/a><\/span><\/div>\n<div class=\"TweetAuthor \"><a class=\"TweetAuthor-link Identity u-linkBlend\" style=\"color: inherit\" href=\"https:\/\/twitter.com\/PaulBrandITV\"><span class=\"TweetAuthor-avatar Identity-avatar\"><img decoding=\"async\" class=\"Avatar\" src=\"https:\/\/pbs.twimg.com\/profile_images\/828023089954951168\/QzXD8lxn_normal.jpg\" alt=\"\" \/><\/span><span class=\"TweetAuthor-name Identity-name customisable-highlight\" style=\"font-weight: bold\" title=\"Paul Brand\">Paul Brand<\/span>\u00a0<\/a><\/p>\n<div class=\"Icon Icon--verified \" title=\"Cuenta verificada\"><\/div>\n<p><a class=\"TweetAuthor-link Identity u-linkBlend\" style=\"color: inherit\" href=\"https:\/\/twitter.com\/PaulBrandITV\"><span class=\"TweetAuthor-verifiedBadge\"><span class=\"u-hiddenVisually\">\u2714<\/span><\/span><span class=\"TweetAuthor-screenName Identity-screenName\" dir=\"ltr\" style=\"color: #697882\" title=\"@PaulBrandITV\">@PaulBrandITV<\/span><\/a><\/p>\n<\/div>\n<\/div>\n<div class=\"Tweet-body e-entry-content\">\n<p class=\"Tweet-text e-entry-title\" dir=\"ltr\" lang=\"en\">Live incident outside parliament\u00a0<a class=\"link customisable\" style=\"color: #2b7bb9\" title=\"https:\/\/www.periscope.tv\/w\/a6E1bTFEWktvd3d2Qm5LYXl8MW1yeG1lblliV3p4ef5zv4zMuInd_m3PbNLhK3nL4Ber2tHjdU8daBE3tr-F\" href=\"https:\/\/t.co\/1BenTBu1ok\" target=\"_blank\" rel=\"nofollow noopener\"><span class=\"u-hiddenVisually\">https:\/\/www.<\/span>periscope.tv\/w\/a6E1bTFEWktv<span class=\"u-hiddenVisually\">d3d2Qm5LYXl8MW1yeG1lblliV3p4ef5zv4zMuInd_m3PbNLhK3nL4Ber2tHjdU8daBE3tr-F\u00a0<\/span>\u2026<\/a><\/p>\n<div class=\"Tweet-metadata dateline\" style=\"color: #697882\"><a class=\"u-linkBlend u-url customisable-highlight long-permalink\" style=\"color: inherit\" href=\"https:\/\/twitter.com\/PaulBrandITV\/status\/844562209434992642\">10:51 &#8211; 22 Mar 2017<\/a><\/div>\n<div class=\"Tweet-card\">\n<div class=\"PrerenderedCard is-loaded is-constrainedByMaxWidth\">\n<div class=\"TwitterCardsGrid TwitterCard\" style=\"color: inherit\">\n<div class=\"TwitterCardsGrid-col--12 TwitterCardsGrid-col--spacerBottom CardContent\">\n<div class=\"TwitterCardsGrid-col--12 TwitterCard-container TwitterCard-container--clickable SummaryCard--large PlayerCard--video\" style=\"color: inherit !important\">\n<div class=\"TwitterCardsGrid-col--12 PlayerCard-videoContainer tcu-imageContainer tcu-imageAspect--1to1\"><\/div>\n<div class=\"SummaryCard-content\">\n<h2 class=\"TwitterCard-title js-cardClick tcu-textEllipse--multiline\">Paul Brand @PaulBrandITV<\/h2>\n<p class=\"tcu-resetMargin u-block TwitterCardsGrid-col--spacerTop tcu-textEllipse--multiline\">Live incident outside parliament<\/p>\n<p><span class=\"u-block TwitterCardsGrid-col--spacerTop SummaryCard-destination\" style=\"color: #8899a6\">periscope.tv<\/span><\/p>\n<\/div>\n<\/div>\n<\/div>\n<\/div>\n<\/div>\n<\/div>\n<ul class=\"Tweet-actions\">\n<li class=\"Tweet-action\"><\/li>\n<li class=\"Tweet-action\">\n<div class=\"Icon Icon--retweet TweetAction-icon\" title=\"Retweet\"><\/div>\n<p><a class=\"TweetAction TweetAction--retweet web-intent\" style=\"color: #697882\" href=\"https:\/\/twitter.com\/intent\/retweet?tweet_id=844562209434992642\">\u00a0<span class=\"TweetAction-stat\">462<\/span><span class=\"u-hiddenVisually\">462 Retweets<\/span><\/a><\/li>\n<li class=\"Tweet-action\">\n<div class=\"Icon Icon--heart TweetAction-icon\" title=\"Me gusta\"><\/div>\n<p><a class=\"TweetAction TweetAction--heart web-intent\" style=\"color: #697882\" href=\"https:\/\/twitter.com\/intent\/like?tweet_id=844562209434992642\">\u00a0<span class=\"TweetAction-stat\">137<\/span><span class=\"u-hiddenVisually\">137 me gusta<\/span><\/a><\/li>\n<\/ul>\n<\/div>\n<\/blockquote>\n<\/div>\n<\/div>\n<div class=\"resize-sensor\"><\/div>\n<\/div>\n<\/div>\n<\/div>\n<\/section>\n<section id=\"sumario_4|html\" class=\"sumario_html centro\" style=\"color: #444444\"><a style=\"font-style: inherit;color: #016ca2\" name=\"sumario_4\"><\/a><\/p>\n<div class=\"sumario__interior\" style=\"font-style: inherit\">\n<div class=\"sumario-texto\" style=\"font-style: inherit\">\n<div class=\"SandboxRoot env-bp-350\" style=\"color: #1c2022\">\n<div id=\"twitter-widget-2\" class=\"EmbeddedTweet js-clickToOpenTarget\" lang=\"es\">\n<div class=\"EmbeddedTweet-tweet\">\n<blockquote class=\"Tweet h-entry js-tweetIdInfo subject expanded&lt;br \/&gt; \n<p>                    is-deciderHtmlWhitespace\" cite=\"https:\/\/twitter.com\/metpoliceuk\/status\/844572599342518273\"><\/p>\n<div class=\"Tweet-header u-cf\">\n<div class=\"Tweet-brand u-floatRight\"><span class=\"u-hiddenInNarrowEnv\"><a class=\"FollowButton follow-button profile\" style=\"font-weight: bold;color: #55acee\" title=\"Seguir a Metropolitan Police en Twitter\" href=\"https:\/\/twitter.com\/metpoliceuk\">\u00a0Seguir<\/a><\/span><\/div>\n<div class=\"TweetAuthor \"><a class=\"TweetAuthor-link Identity u-linkBlend\" style=\"color: inherit\" href=\"https:\/\/twitter.com\/metpoliceuk\"><span class=\"TweetAuthor-avatar Identity-avatar\"><img decoding=\"async\" class=\"Avatar\" src=\"https:\/\/pbs.twimg.com\/profile_images\/798522591829000192\/0kzWOVVO_normal.jpg\" alt=\"\" \/><\/span><span class=\"TweetAuthor-name Identity-name customisable-highlight\" style=\"font-weight: bold\" title=\"Metropolitan Police\">Metropolitan Police<\/span>\u00a0<\/a><\/p>\n<div class=\"Icon Icon--verified \" title=\"Cuenta verificada\"><\/div>\n<p><a class=\"TweetAuthor-link Identity u-linkBlend\" style=\"color: inherit\" href=\"https:\/\/twitter.com\/metpoliceuk\"><span class=\"TweetAuthor-verifiedBadge\"><span class=\"u-hiddenVisually\">\u2714<\/span><\/span><span class=\"TweetAuthor-screenName Identity-screenName\" dir=\"ltr\" style=\"color: #697882\" title=\"@metpoliceuk\">@metpoliceuk<\/span><\/a><\/p>\n<\/div>\n<\/div>\n<div class=\"Tweet-body e-entry-content\">\n<p class=\"Tweet-text e-entry-title\" dir=\"ltr\" lang=\"en\">Incident in\u00a0<a class=\"PrettyLink hashtag customisable\" style=\"color: #2b7bb9\" href=\"https:\/\/twitter.com\/hashtag\/Westminster?src=hash\" rel=\"tag\"><span class=\"PrettyLink-prefix\">#<\/span><span class=\"PrettyLink-value\">Westminster<\/span><\/a>: We are treating this as a terrorist incident until we know otherwise<\/p>\n<div class=\"Tweet-metadata dateline\" style=\"color: #697882\"><a class=\"u-linkBlend u-url customisable-highlight long-permalink\" style=\"color: inherit\" href=\"https:\/\/twitter.com\/metpoliceuk\/status\/844572599342518273\">11:32 &#8211; 22 Mar 2017<\/a><\/div>\n<ul class=\"Tweet-actions\">\n<li class=\"Tweet-action\"><\/li>\n<li class=\"Tweet-action\">\n<div class=\"Icon Icon--retweet TweetAction-icon\" title=\"Retweet\"><\/div>\n<p><a class=\"TweetAction TweetAction--retweet web-intent\" style=\"color: #697882\" href=\"https:\/\/twitter.com\/intent\/retweet?tweet_id=844572599342518273\">\u00a0<span class=\"TweetAction-stat\">6.185<\/span><span class=\"u-hiddenVisually\">6.185 Retweets<\/span><\/a><\/li>\n<li class=\"Tweet-action\">\n<div class=\"Icon Icon--heart TweetAction-icon\" title=\"Me gusta\"><\/div>\n<p><a class=\"TweetAction TweetAction--heart web-intent\" style=\"color: #697882\" href=\"https:\/\/twitter.com\/intent\/like?tweet_id=844572599342518273\">\u00a0<span class=\"TweetAction-stat\">3.140<\/span><span class=\"u-hiddenVisually\">3.140 me gusta<\/span><\/a><\/li>\n<\/ul>\n<\/div>\n<\/blockquote>\n<\/div>\n<\/div>\n<div class=\"resize-sensor\"><\/div>\n<\/div>\n<\/div>\n<\/div>\n<\/section>\n<p style=\"color: #444444\">\u201cLa localizaci\u00f3n del ataque no es accidental\u201d, asegur\u00f3\u00a0<a style=\"font-style: inherit;color: #016ca2\" href=\"https:\/\/twitter.com\/theresa_may\">May<\/a>. \u201cLos terroristas eligieron atacar en el coraz\u00f3n de nuestra capital, donde personas de todas las nacionalidades, religiones y culturas se re\u00fanen para celebrar los valores de la libertad, la democracia y la libertad de expresi\u00f3n. Las calles de Westminster, hogar del Parlamento m\u00e1s antiguo del mundo, est\u00e1n imbuidas de un esp\u00edritu de libertad que resuena en algunos de los lugares m\u00e1s remotos del globo. Y los valores que representa nuestro Parlamento -la democracia, la libertad, los derechos humanos y el imperio de la ley- merecen la admiraci\u00f3n y el respeto de la gente libre. Por eso es un objetivo para aquellos que rechazan esos valores\u201d.<\/p>\n<p style=\"color: #444444\">La primera ministra anunci\u00f3 que el Parlamento reanudar\u00eda esta ma\u00f1ana su actividad normal, lo mismo que la ciudad entera. \u201cAvanzaremos todos juntos. Nunca nos rendiremos ante el terror. Y nunca permitiremos que las voces del odio y el mal nos separen\u201d, concluy\u00f3. Las redes sociales, durante toda la tarde, se llenaron de mensajes de solidaridad con la etiqueta #WeAreNotAfraid (\u201cNo tenemos miedo\u201d).<\/p>\n<p style=\"color: #444444\">El primer ministro franc\u00e9s, Bernard Cazeneuve, confirm\u00f3 que entre los heridos est\u00e1n tres estudiantes franceses, de entre 15 y 16 a\u00f1os, que resultaron heridos mientras se encontraban de visita escolar. Dos de ellos se hallan en estado cr\u00edtico. El Ministerio de Exteriores de Rumania precis\u00f3 que dos de sus nacionales figuran igualmente entre los heridos.<\/p>\n<p style=\"color: #444444\">Este mi\u00e9rcoles se cumpl\u00eda un a\u00f1o de los atentados en Bruselas que causaron 32 muertos y m\u00e1s de 300 heridos. El ataque reaviv\u00f3 en la memoria de muchos brit\u00e1nicos los atentados yihadistas de julio de 2005 en Londres, en los que fueron asesinadas medio centenar de personas.<\/p>\n<p style=\"color: #444444\">Los l\u00edderes de numerosos pa\u00edses mostraron su solidaridad y apoyo al pueblo brit\u00e1nico. El Gobierno del presidente de EE UU, Donald Trump, conden\u00f3 el atentado y ofreci\u00f3 su total apoyo a Reino Unido para encontrar a los responsables. El presidente espa\u00f1ol, Mariano Rajoy, escribi\u00f3 en Twitter que \u201cEspa\u00f1a est\u00e1 con el pueblo brit\u00e1nico\u201d. El ministro italiano del Interior, Marco Minniti, ha convocado para este jueves a las fuerzas de seguridad y los servicios de inteligencia ante la cumbre europea que Roma acoger\u00e1 el s\u00e1bado.<\/p>\n<\/li>\n<\/ul>\n<\/div>\n<\/div>\n","protected":false},"excerpt":{"rendered":"<p>El atacante fue abatido por la polic\u00eda. Las autoridades sospechan que el ataque est\u00e1 vinculado con el terrorismo islamista<\/p>\n","protected":false},"author":5842,"featured_media":0,"comment_status":"open","ping_status":"open","sticky":false,"template":"","format":"standard","meta":{"footnotes":""},"categories":[24],"tags":[],"class_list":["post-470722","post","type-post","status-publish","format-standard","hentry","category-mundo"],"_links":{"self":[{"href":"https:\/\/diarioelpopular.com\/index.php\/wp-json\/wp\/v2\/posts\/470722","targetHints":{"allow":["GET"]}}],"collection":[{"href":"https:\/\/diarioelpopular.com\/index.php\/wp-json\/wp\/v2\/posts"}],"about":[{"href":"https:\/\/diarioelpopular.com\/index.php\/wp-json\/wp\/v2\/types\/post"}],"author":[{"embeddable":true,"href":"https:\/\/diarioelpopular.com\/index.php\/wp-json\/wp\/v2\/users\/5842"}],"replies":[{"embeddable":true,"href":"https:\/\/diarioelpopular.com\/index.php\/wp-json\/wp\/v2\/comments?post=470722"}],"version-history":[{"count":2,"href":"https:\/\/diarioelpopular.com\/index.php\/wp-json\/wp\/v2\/posts\/470722\/revisions"}],"predecessor-version":[{"id":470725,"href":"https:\/\/diarioelpopular.com\/index.php\/wp-json\/wp\/v2\/posts\/470722\/revisions\/470725"}],"wp:attachment":[{"href":"https:\/\/diarioelpopular.com\/index.php\/wp-json\/wp\/v2\/media?parent=470722"}],"wp:term":[{"taxonomy":"category","embeddable":true,"href":"https:\/\/diarioelpopular.com\/index.php\/wp-json\/wp\/v2\/categories?post=470722"},{"taxonomy":"post_tag","embeddable":true,"href":"https:\/\/diarioelpopular.com\/index.php\/wp-json\/wp\/v2\/tags?post=470722"}],"curies":[{"name":"wp","href":"https:\/\/api.w.org\/{rel}","templated":true}]}}