{"id":470891,"date":"2017-04-03T09:36:51","date_gmt":"2017-04-03T13:36:51","guid":{"rendered":"http:\/\/diarioelpopular.com\/?p=470891"},"modified":"2017-04-03T09:36:58","modified_gmt":"2017-04-03T13:36:58","slug":"atentado-en-san-petersburgo-10-muertos-y-50-heridos-en-dos-explosiones-en-el-metro","status":"publish","type":"post","link":"https:\/\/diarioelpopular.com\/index.php\/2017\/04\/03\/atentado-en-san-petersburgo-10-muertos-y-50-heridos-en-dos-explosiones-en-el-metro\/","title":{"rendered":"Atentado en San Petersburgo: 10 muertos y 50 heridos en dos explosiones en el metro"},"content":{"rendered":"<div id=\"attachment_470892\" style=\"width: 570px\" class=\"wp-caption aligncenter\"><a href=\"https:\/\/diarioelpopular.com\/wp-content\/uploads\/2017\/04\/1491223293_821732_1491225286_noticia_fotograma.jpg\"><img loading=\"lazy\" decoding=\"async\" aria-describedby=\"caption-attachment-470892\" class=\"size-large wp-image-470892\" src=\"https:\/\/diarioelpopular.com\/wp-content\/uploads\/2017\/04\/1491223293_821732_1491225286_noticia_fotograma-560x315.jpg\" alt=\"La polic\u00eda custodia este lunes la entrada a la estaci\u00f3n de metro del Instituto Polit\u00e9cnico, en San Petersburgo. En v\u00eddeo, las primeras im\u00e1genes del metro tras las explosiones. \" width=\"560\" height=\"315\" \/><\/a><p id=\"caption-attachment-470892\" class=\"wp-caption-text\">La polic\u00eda custodia este lunes la entrada a la estaci\u00f3n de metro del Instituto Polit\u00e9cnico, en San Petersburgo. En v\u00eddeo, las primeras im\u00e1genes del metro tras las explosiones.<\/p><\/div>\n<p style=\"color: #444444\">Diez personas han muerto en dos explosiones registradas este lunes en el metro de San Petersburgo, seg\u00fan ha confirmado la Comisi\u00f3n Antiterrorista de Rusia. Al menos 50 personas han resultado heridas por las deflagraciones que se han producido en las estaciones de metro de Sennaya Ploshchad y el Instituto Tecnol\u00f3gico, en San Petersburgo, por causas que a\u00fan se desconocen, seg\u00fan ha informado Interfax citando fuentes oficiales.<\/p>\n<section id=\"sumario_1|foto\" class=\"sumario_foto izquierda\" style=\"color: #444444\"><a style=\"font-style: inherit;color: #016ca2\" name=\"sumario_1\"><\/a><\/p>\n<div class=\"sumario__interior\" style=\"font-style: inherit\">\n<figure class=\"foto foto_w360\" style=\"font-style: inherit\"><img loading=\"lazy\" decoding=\"async\" style=\"font-style: inherit\" src=\"http:\/\/ep01.epimg.net\/internacional\/imagenes\/2017\/04\/03\/actualidad\/1491223293_821732_1491224987_sumario_normal.jpg\" alt=\"Atentado en San Petersburgo: 10 muertos y 50 heridos en dos explosiones en el metro\" width=\"360\" height=\"468\" \/><\/figure>\n<div class=\"sumario-texto\" style=\"font-style: inherit\"><\/div>\n<\/div>\n<\/section>\n<p style=\"color: #444444\">El presidente\u00a0<a style=\"font-style: inherit;color: #016ca2\" href=\"http:\/\/elpais.com\/tag\/vladimir_putin\/a\">Vlad\u00edmir Putin<\/a>\u00a0ha declarado a medios locales que no est\u00e1n claras las causas de las explosiones. Putin ha a\u00f1adido que se est\u00e1n investigando todas las hip\u00f3tesis, incluida la terrorista. El presidente ruso se encuentra en San Petersburgo para reunirse con su hom\u00f3logo bielorruso, Aleksander Lukashenko. El portavoz del Kremlin, Dimitri Peskov, ha indicado que el jefe de Estado ha sido informado de la situaci\u00f3n.<\/p>\n<p style=\"color: #444444\">&#8220;Naturalmente, siempre analizamos todas las variantes, accidental, criminal y, desde luego, que tenga un car\u00e1cter terrorista&#8221;, afirm\u00f3 Putin. &#8220;Veremos, la investigaci\u00f3n dar\u00e1 pronto una respuesta a por qu\u00e9 ha ocurrido esta tragedia&#8221;, a\u00f1adi\u00f3 Putin.<\/p>\n<p style=\"color: #444444\">La primera explosi\u00f3n ha tenido lugar sobre las 14.40 (13.40 hora peninsular espa\u00f1ola) en la estaci\u00f3n de Sennaya Ploshchad. &#8220;Ha habido quejas por el humo y nuestro personal se ha trasladado hasta all\u00ed&#8221;, ha contado un portavoz regional del Ministerio de Emergencias de Rusia citado por la agencia de noticias Itar-Tass. Poco despu\u00e9s se ha registrado una segunda explosi\u00f3n en Instituto Tejnologuicheski.<\/p>\n<p style=\"color: #444444\">De acuerdo con la agencia Sputnik, entre los afectados hay ni\u00f1os.<\/p>\n<p style=\"color: #444444\">Toda la red del suburbano ha sido cerrada, seg\u00fan informa el servicio de prensa del metro de San Petersbursgo. El metro de Mosc\u00fa ha adoptado medidas adicionales del seguridad.<\/p>\n<p style=\"color: #444444\">De momento, se desconocen las causas, sin embargo, fuentes consultadas por la televisi\u00f3n local Rossiya 24 han afirmado que se trata de artefactos explosivos que contendr\u00edan metralla. Im\u00e1genes difundas por la prensa rusa muestran una gran humareda y da\u00f1os en los vagones de metro.<\/p>\n","protected":false},"excerpt":{"rendered":"<p>Putin asegura que se est\u00e1n investigando todas las hipotesis, incluida la terrorista<\/p>\n","protected":false},"author":5842,"featured_media":0,"comment_status":"open","ping_status":"open","sticky":false,"template":"","format":"standard","meta":{"footnotes":""},"categories":[24],"tags":[],"class_list":["post-470891","post","type-post","status-publish","format-standard","hentry","category-mundo"],"_links":{"self":[{"href":"https:\/\/diarioelpopular.com\/index.php\/wp-json\/wp\/v2\/posts\/470891","targetHints":{"allow":["GET"]}}],"collection":[{"href":"https:\/\/diarioelpopular.com\/index.php\/wp-json\/wp\/v2\/posts"}],"about":[{"href":"https:\/\/diarioelpopular.com\/index.php\/wp-json\/wp\/v2\/types\/post"}],"author":[{"embeddable":true,"href":"https:\/\/diarioelpopular.com\/index.php\/wp-json\/wp\/v2\/users\/5842"}],"replies":[{"embeddable":true,"href":"https:\/\/diarioelpopular.com\/index.php\/wp-json\/wp\/v2\/comments?post=470891"}],"version-history":[{"count":1,"href":"https:\/\/diarioelpopular.com\/index.php\/wp-json\/wp\/v2\/posts\/470891\/revisions"}],"predecessor-version":[{"id":470893,"href":"https:\/\/diarioelpopular.com\/index.php\/wp-json\/wp\/v2\/posts\/470891\/revisions\/470893"}],"wp:attachment":[{"href":"https:\/\/diarioelpopular.com\/index.php\/wp-json\/wp\/v2\/media?parent=470891"}],"wp:term":[{"taxonomy":"category","embeddable":true,"href":"https:\/\/diarioelpopular.com\/index.php\/wp-json\/wp\/v2\/categories?post=470891"},{"taxonomy":"post_tag","embeddable":true,"href":"https:\/\/diarioelpopular.com\/index.php\/wp-json\/wp\/v2\/tags?post=470891"}],"curies":[{"name":"wp","href":"https:\/\/api.w.org\/{rel}","templated":true}]}}