{"id":471024,"date":"2017-04-10T09:20:12","date_gmt":"2017-04-10T13:20:12","guid":{"rendered":"http:\/\/diarioelpopular.com\/?p=471024"},"modified":"2017-04-10T09:20:12","modified_gmt":"2017-04-10T13:20:12","slug":"la-imagen-de-trump-como-gestor-economico-se-tambalea","status":"publish","type":"post","link":"https:\/\/diarioelpopular.com\/index.php\/2017\/04\/10\/la-imagen-de-trump-como-gestor-economico-se-tambalea\/","title":{"rendered":"La imagen de Trump como gestor econ\u00f3mico se tambalea"},"content":{"rendered":"<p dir=\"ltr\" style=\"color: #444444\">\n<div id=\"attachment_471025\" style=\"width: 570px\" class=\"wp-caption aligncenter\"><a href=\"https:\/\/diarioelpopular.com\/wp-content\/uploads\/2017\/04\/1490930087_204774_1490930458_noticia_normal_recorte1.jpg\"><img loading=\"lazy\" decoding=\"async\" aria-describedby=\"caption-attachment-471025\" class=\"size-large wp-image-471025\" src=\"https:\/\/diarioelpopular.com\/wp-content\/uploads\/2017\/04\/1490930087_204774_1490930458_noticia_normal_recorte1-560x328.jpg\" alt=\"Trump, el pasado jueves, en el Despacho Oval \" width=\"560\" height=\"328\" \/><\/a><p id=\"caption-attachment-471025\" class=\"wp-caption-text\">Trump, el pasado jueves, en el Despacho Oval<\/p><\/div>\n<p dir=\"ltr\" style=\"color: #444444\"><a style=\"font-style: inherit;color: #016ca2\" href=\"http:\/\/elpais.com\/tag\/donald_trump\/a\/\">Donald Trump<\/a>\u00a0es el presidente m\u00e1s impopular de Estados Unidos al inicio de su mandato desde que existen series estad\u00edsticas. En esa mala nota en las encuestas (un 35% de aprobaci\u00f3n), ha habido una excepci\u00f3n: lo que m\u00e1s se valora del republicano es su capacidad de gestionar la econom\u00eda. La imagen de Trump como empresario de \u00e9xito que podr\u00e1 trasladar a la pol\u00edtica sus dotes de negocio ha calado en la opini\u00f3n p\u00fablica. El presidente se atribuye los anuncios de inversi\u00f3n de grupos automovil\u00edsticos en EE UU, la subida de las bolsas, el descenso del desempleo, etc. \u201cTrabajo, trabajo, trabajo\u201d, suele escribir en Twitter.<\/p>\n<p dir=\"ltr\" style=\"color: #444444\">Pero algo ha empezado a tambalearse: la confianza de los estadounidenses en la econom\u00eda se situ\u00f3 en la cuarta semana de marzo en su nivel m\u00e1s bajo desde la victoria de Trump en las elecciones presidenciales de noviembre. La cifra sigue siendo positiva (+5) y muy superior a la que hab\u00eda antes de los comicios, pero cay\u00f3 seis puntos en una semana, seg\u00fan el\u00a0<a style=\"font-style: inherit;color: #016ca2\" href=\"http:\/\/www.gallup.com\/poll\/207419\/economic-confidence-drops-lowest-level-election.aspx\">\u00cdndice de Confianza Econ\u00f3mica<\/a>\u00a0del centro demosc\u00f3pico Gallup.<\/p>\n<p dir=\"ltr\">El deterioro del clima econ\u00f3mico tuvo lugar en la misma semana en que el Dow Jones vivi\u00f3 su peor semana desde septiembre. El \u00edndice burs\u00e1til m\u00e1s seguido de Wall Street sigue por encima de los 20.000 puntos, el umbral que, a finales de enero, super\u00f3 por primera vez desde su creaci\u00f3n hace 120 a\u00f1os en plena ola de euforia tras las elecciones.<\/p>\n<p dir=\"ltr\">Los inversores conf\u00edan en las promesas de Trump de desregulaci\u00f3n financiera, rebajas fiscales e inversi\u00f3n en infraestructuras; mientras se f\u00edan de que apacigue su doctrina proteccionista. Pero el\u00a0<a style=\"font-style: inherit;color: #016ca2\" href=\"http:\/\/internacional.elpais.com\/internacional\/2017\/03\/25\/estados_unidos\/1490407567_514012.html\">fracaso<\/a>\u00a0del intento del presidente de reformar el sistema sanitario, por la ausencia de votos ante la guerra abierta en su propio partido, ha cuestionado la capacidad del magnate inmobiliario de llevar a cabo su agenda en la Casa Blanca. Cayeron las bolsas y las expectativas econ\u00f3micas.<\/p>\n<p dir=\"ltr\">La confianza econ\u00f3mica se redujo sobre todo entre los votantes republicanos. Pas\u00f3 en una semana de un +52 a un +42, pese a todo un nivel elevado. Entre los votantes independientes, de un +6 a -1. Y entre los dem\u00f3cratas, del -20 al -18. El \u00edndice de Gallup mide en una escala que va de -100 a +100 la evaluaci\u00f3n que dan los ciudadanos a la situaci\u00f3n econ\u00f3mica y si consideran que est\u00e1 mejorando o empeorando.<\/p>\n","protected":false},"excerpt":{"rendered":"<p>El \u00edndice de confianza econ\u00f3mica cae tras el fracaso de la reforma sanitaria pero sigue por encima que antes de las elecciones<\/p>\n","protected":false},"author":5842,"featured_media":0,"comment_status":"open","ping_status":"open","sticky":false,"template":"","format":"standard","meta":{"footnotes":""},"categories":[24],"tags":[],"class_list":["post-471024","post","type-post","status-publish","format-standard","hentry","category-mundo"],"_links":{"self":[{"href":"https:\/\/diarioelpopular.com\/index.php\/wp-json\/wp\/v2\/posts\/471024","targetHints":{"allow":["GET"]}}],"collection":[{"href":"https:\/\/diarioelpopular.com\/index.php\/wp-json\/wp\/v2\/posts"}],"about":[{"href":"https:\/\/diarioelpopular.com\/index.php\/wp-json\/wp\/v2\/types\/post"}],"author":[{"embeddable":true,"href":"https:\/\/diarioelpopular.com\/index.php\/wp-json\/wp\/v2\/users\/5842"}],"replies":[{"embeddable":true,"href":"https:\/\/diarioelpopular.com\/index.php\/wp-json\/wp\/v2\/comments?post=471024"}],"version-history":[{"count":1,"href":"https:\/\/diarioelpopular.com\/index.php\/wp-json\/wp\/v2\/posts\/471024\/revisions"}],"predecessor-version":[{"id":471026,"href":"https:\/\/diarioelpopular.com\/index.php\/wp-json\/wp\/v2\/posts\/471024\/revisions\/471026"}],"wp:attachment":[{"href":"https:\/\/diarioelpopular.com\/index.php\/wp-json\/wp\/v2\/media?parent=471024"}],"wp:term":[{"taxonomy":"category","embeddable":true,"href":"https:\/\/diarioelpopular.com\/index.php\/wp-json\/wp\/v2\/categories?post=471024"},{"taxonomy":"post_tag","embeddable":true,"href":"https:\/\/diarioelpopular.com\/index.php\/wp-json\/wp\/v2\/tags?post=471024"}],"curies":[{"name":"wp","href":"https:\/\/api.w.org\/{rel}","templated":true}]}}