{"id":471114,"date":"2017-04-17T22:07:17","date_gmt":"2017-04-18T02:07:17","guid":{"rendered":"http:\/\/diarioelpopular.com\/?p=471114"},"modified":"2017-04-17T22:07:17","modified_gmt":"2017-04-18T02:07:17","slug":"estados-unidos-duplica-los-arrestos-de-inmigrantes-indocumentados-sin-antecedentes","status":"publish","type":"post","link":"https:\/\/diarioelpopular.com\/index.php\/2017\/04\/17\/estados-unidos-duplica-los-arrestos-de-inmigrantes-indocumentados-sin-antecedentes\/","title":{"rendered":"Estados Unidos duplica los arrestos de inmigrantes indocumentados sin antecedentes"},"content":{"rendered":"<div id=\"attachment_471115\" style=\"width: 570px\" class=\"wp-caption aligncenter\"><a href=\"https:\/\/diarioelpopular.com\/wp-content\/uploads\/2017\/04\/1492467332_188603_1492468478_noticia_normal_recorte1.jpg\"><img loading=\"lazy\" decoding=\"async\" aria-describedby=\"caption-attachment-471115\" class=\"size-large wp-image-471115\" src=\"https:\/\/diarioelpopular.com\/wp-content\/uploads\/2017\/04\/1492467332_188603_1492468478_noticia_normal_recorte1-560x376.jpg\" alt=\"Manifestantes, el viernes en San Francisco, defienden que sea una &quot;ciudad santuario&quot; en inmigraci\u00f3n\" width=\"560\" height=\"376\" \/><\/a><p id=\"caption-attachment-471115\" class=\"wp-caption-text\">Manifestantes, el viernes en San Francisco, defienden que sea una &#8220;ciudad santuario&#8221; en inmigraci\u00f3n<\/p><\/div>\n<p dir=\"ltr\" style=\"color: #444444\">Los primeros meses de presidencia de\u00a0<a style=\"font-style: inherit;color: #016ca2\" href=\"http:\/\/elpais.com\/tag\/donald_trump\/a\/\">Donald Trump<\/a>\u00a0han confirmado en cifras su amenaza de deportar a cualquier inmigrante indocumentado. Entre finales de enero y mediados de marzo, las detenciones de inmigrantes en Estados Unidos crecieron un 32,6% respecto al mismo periodo del a\u00f1o anterior. Y entre los extranjeros sin antecedentes delictivos, los arrestos se duplicaron, seg\u00fan estad\u00edsticas oficiales obtenidas por el diario\u00a0<em>The Washington Post<\/em>.<\/p>\n<div id=\"elpais_gpt-INTEXT\" style=\"color: #444444\">\n<div id=\"google_ads_iframe_\/7811748\/elpais_web\/internacional\/intext_0__container__\" style=\"font-style: inherit\">Trump ha descrito como demasiado tolerante la pol\u00edtica migratoria de Barack Obama y ha tomado pasos para romper con el enfoque del anterior gobierno, que se centr\u00f3 en las deportaciones de los inmigrantes que hab\u00edan cometido delitos graves. Tras ganar las elecciones de noviembre, el republicano\u00a0<a style=\"font-style: inherit;color: #016ca2\" href=\"http:\/\/internacional.elpais.com\/internacional\/2016\/11\/13\/actualidad\/1479054583_555103.html\">dijo<\/a>\u00a0que priorizar\u00eda la expulsi\u00f3n de indocumentados con antecedentes \u2014habl\u00f3 de la salida de entre dos y tres millones de personas\u2014 y que despu\u00e9s ya ver\u00eda qu\u00e9 suced\u00eda con el resto de 11 millones de sin papeles que se calcula hay en EE UU.<\/div>\n<\/div>\n<p dir=\"ltr\" style=\"color: #444444\">El presidente firm\u00f3 en febrero un decreto que\u00a0<a style=\"font-style: inherit;color: #016ca2\" href=\"http:\/\/internacional.elpais.com\/internacional\/2017\/02\/21\/estados_unidos\/1487691683_765713.html\">abr\u00eda<\/a>\u00a0la puerta a deportaciones a gran escala al \u201climitar extremadamente&#8221; las excepciones a las expulsiones y dar mucho m\u00e1s poder los agentes de inmigraci\u00f3n, que pueden detener a alguien por una \u201csospecha razonable\u201d, lo cual dispara el riesgo de abusos discriminatorios. Desde entonces, se ha extendido el\u00a0<a style=\"font-style: inherit;color: #016ca2\" href=\"http:\/\/internacional.elpais.com\/internacional\/2017\/02\/22\/actualidad\/1487718324_488724.html\">temor<\/a>\u00a0entre la comunidad latina y varias ciudades progresistas han anunciado que su polic\u00eda no cooperar\u00e1 con el Gobierno federal en las deportaciones.<\/p>\n<p dir=\"ltr\" style=\"color: #444444\">El miedo crece pero la realidad, por ahora, es que algunas cifras siguen por debajo que las que hab\u00eda durante la presidencia de Obama. El dem\u00f3crata fue apodado despectivamente el \u201cdeportador en jefe\u201d en los c\u00edrculos migratorios al ser el mandatario que m\u00e1s indocumentados (unos 2,9 millones) expuls\u00f3 de EE UU.<\/p>\n<p dir=\"ltr\" style=\"color: #444444\">Entre el 20 de enero, el d\u00eda en que Trump tom\u00f3 posesi\u00f3n, y el 31 de marzo, fueron detenidos 21.362 inmigrantes (5.441 sin antecedentes delictivos), por encima de los 16.104 arrestos del mismo periodo de 2016, seg\u00fan las estad\u00edsticas. La cifra es superior a la de 2015 (18.031 arrestos) pero inferior a la de 2014 (29.238). Entre enero y marzo de 2014, se detuvieron a m\u00e1s inmigrantes sin antecedentes que al inicio del mandato de Trump.<\/p>\n<p dir=\"ltr\" style=\"color: #444444\">El incremento de las detenciones no ha alterado por ahora el n\u00famero de deportaciones. Las expulsiones entre enero y marzo cayeron un 1,2% respecto al a\u00f1o anterior. Seg\u00fan el\u00a0<em>Post<\/em>, han crecido las expulsiones de personas sin antecedentes, lo que alimenta el temor de la comunidad migratoria de que cualquier puede ser el blanco de la polic\u00eda.<\/p>\n<p style=\"color: #444444\">Los arrestos crecieron especialmente en las oficinas de ICE, la agencia encargada de detener a indocumentados, en Nueva York, Boston y Atlanta. Grupos de activistas advierten de que la pol\u00edtica de miedo ha desplomado las llamadas a la polic\u00eda por parte de inmigrantes que podr\u00edan comunicar un suceso, como un asalto sexual.<\/p>\n","protected":false},"excerpt":{"rendered":"<p>El conjunto de detenciones crece un 32,6% en los primeros dos meses de Trump, pero las deportaciones caen<\/p>\n","protected":false},"author":5842,"featured_media":0,"comment_status":"open","ping_status":"open","sticky":false,"template":"","format":"standard","meta":{"footnotes":""},"categories":[24],"tags":[],"class_list":["post-471114","post","type-post","status-publish","format-standard","hentry","category-mundo"],"_links":{"self":[{"href":"https:\/\/diarioelpopular.com\/index.php\/wp-json\/wp\/v2\/posts\/471114","targetHints":{"allow":["GET"]}}],"collection":[{"href":"https:\/\/diarioelpopular.com\/index.php\/wp-json\/wp\/v2\/posts"}],"about":[{"href":"https:\/\/diarioelpopular.com\/index.php\/wp-json\/wp\/v2\/types\/post"}],"author":[{"embeddable":true,"href":"https:\/\/diarioelpopular.com\/index.php\/wp-json\/wp\/v2\/users\/5842"}],"replies":[{"embeddable":true,"href":"https:\/\/diarioelpopular.com\/index.php\/wp-json\/wp\/v2\/comments?post=471114"}],"version-history":[{"count":1,"href":"https:\/\/diarioelpopular.com\/index.php\/wp-json\/wp\/v2\/posts\/471114\/revisions"}],"predecessor-version":[{"id":471116,"href":"https:\/\/diarioelpopular.com\/index.php\/wp-json\/wp\/v2\/posts\/471114\/revisions\/471116"}],"wp:attachment":[{"href":"https:\/\/diarioelpopular.com\/index.php\/wp-json\/wp\/v2\/media?parent=471114"}],"wp:term":[{"taxonomy":"category","embeddable":true,"href":"https:\/\/diarioelpopular.com\/index.php\/wp-json\/wp\/v2\/categories?post=471114"},{"taxonomy":"post_tag","embeddable":true,"href":"https:\/\/diarioelpopular.com\/index.php\/wp-json\/wp\/v2\/tags?post=471114"}],"curies":[{"name":"wp","href":"https:\/\/api.w.org\/{rel}","templated":true}]}}