{"id":471332,"date":"2017-04-27T22:52:34","date_gmt":"2017-04-28T02:52:34","guid":{"rendered":"http:\/\/diarioelpopular.com\/?p=471332"},"modified":"2017-04-27T22:52:34","modified_gmt":"2017-04-28T02:52:34","slug":"decenas-de-escuchas-telefonicas-cercan-al-expresidente-peruano-ollanta-humala","status":"publish","type":"post","link":"https:\/\/diarioelpopular.com\/index.php\/2017\/04\/27\/decenas-de-escuchas-telefonicas-cercan-al-expresidente-peruano-ollanta-humala\/","title":{"rendered":"Decenas de escuchas telef\u00f3nicas cercan al expresidente peruano Ollanta Humala"},"content":{"rendered":"<p style=\"color: #444444\"><a href=\"https:\/\/diarioelpopular.com\/wp-content\/uploads\/2017\/04\/1375040474_056269_1375041048_noticia_normal.jpg\"><img loading=\"lazy\" decoding=\"async\" class=\"aligncenter size-full wp-image-471333\" src=\"https:\/\/diarioelpopular.com\/wp-content\/uploads\/2017\/04\/1375040474_056269_1375041048_noticia_normal.jpg\" alt=\"1375040474_056269_1375041048_noticia_normal\" width=\"560\" height=\"400\" \/><\/a>La Direcci\u00f3n Ejecutiva Antidrogas de Per\u00fa (Dirandro) desarroll\u00f3 una investigaci\u00f3n contra el expresidente\u00a0<strong style=\"font-style: inherit\"><a style=\"font-weight: inherit;font-style: inherit;color: #016ca2\" href=\"http:\/\/internacional.elpais.com\/internacional\/2017\/01\/18\/america\/1484695414_313820.html\" target=\"_blank\">Ollanta Humala durante las elecciones de 2011<\/a><\/strong>, tras las que fue elegido mandatario del pa\u00eds. Esta incluy\u00f3 la interceptaci\u00f3n de las comunicaciones de Humala y su entorno m\u00e1s cercano. El prop\u00f3sito era conocer el origen del dinero para financiar la campa\u00f1a de la formaci\u00f3n del pol\u00edtico, el Partido Nacionalista. Las interceptaciones estuvieron a cargo de un equipo especial de inteligencia de la Polic\u00eda Antidrogas, seg\u00fan informa el portal Ojo P\u00fablico. Al finalizar las escuchas, la Dirandro elabor\u00f3 un documento de 150 p\u00e1ginas, con las transcripciones de 540 audios, reunidos entre marzo y junio de 2011.<\/p>\n<div id=\"elpais_gpt-INTEXT\" style=\"color: #444444\">\n<div id=\"google_ads_iframe_\/7811748\/elpais_web\/internacional\/intext_0__container__\" style=\"font-style: inherit\">Las escuchas concluyeron a dos semanas del 5 de junio de 2011, fecha de la segunda vuelta que\u00a0<a style=\"font-style: inherit;color: #016ca2\" href=\"http:\/\/internacional.elpais.com\/internacional\/2011\/06\/05\/actualidad\/1307224809_850215.html\" target=\"_blank\">enfrent\u00f3 a Humala con Keiko Fujimori,<\/a>\u00a0del partido Fuerza 2011. En esos d\u00edas, Humala afrontaba numerosas acusaciones por hechos que se remontaban a 1992, cuando se desempe\u00f1aba como capit\u00e1n del Ej\u00e9rcito y ten\u00eda a cargo la base militar de Madre M\u00eda, en la regi\u00f3n San Mart\u00edn. Desde all\u00ed dirig\u00eda la lucha contra los subversivos que se manten\u00edan activos en el valle del r\u00edo Huallaga.<\/div>\n<\/div>\n<h3 style=\"color: #111111\">Secuestros y torturas<\/h3>\n<div id=\"ds_cpp\" class=\"ds_cpp\" style=\"color: #444444\">\n<div class=\"label\" style=\"font-style: inherit\">Su desempe\u00f1o estuvo bajo observaci\u00f3n desde 2006, cuando fue procesado por desaparici\u00f3n forzada, asesinato y tortura. Jorge \u00c1vila Rivera declar\u00f3 ante la Fiscal\u00eda que Humala lo hab\u00eda secuestrado y torturado, y que su hermana Natividad y su cu\u00f1ado Benigno Sulca hab\u00edan sido desaparecidos en la base militar, tras ser confundidos con integrantes de\u00a0<a style=\"font-style: inherit;color: #016ca2\" href=\"http:\/\/elpais.com\/tag\/sendero_luminoso\/a\" target=\"_blank\">Sendero Luminoso<\/a>. La investigaci\u00f3n determin\u00f3 que los cr\u00edmenes fueron ordenados por el futuro presidente de Per\u00fa.<\/div>\n<\/div>\n<p style=\"color: #444444\">\u00c1vila Rivera cambi\u00f3 su versi\u00f3n en 2006. Pas\u00f3 a asegurar que, por las circunstancias en que fue torturado,\u00a0<a style=\"font-style: inherit;color: #016ca2\" href=\"http:\/\/internacional.elpais.com\/internacional\/2016\/12\/22\/america\/1482433804_501619.html\" target=\"_blank\">no pod\u00eda afirmar que el responsable fuera Humala<\/a>. El proceso judicial se archiv\u00f3 a los tres a\u00f1os, pero en plena campa\u00f1a de 2011 se denunci\u00f3 que el testigo hab\u00eda sido sobornado por un allegado al candidato para modificar sus declaraciones. En agosto del 2011, con Humala convertido en presidente, la Segunda Sala Penal Liquidadora archiv\u00f3 esta nueva investigaci\u00f3n.<\/p>\n<p style=\"color: #444444\">La prensa local ha tenido acceso a las interceptaciones telef\u00f3nicas. El diario\u00a0<em>El Comercio<\/em>\u00a0ha dado cuenta de una serie de conversaciones que ratifican el pago de sobornos a Jorge \u00c1vila Rivera. Este jueves, su unidad de investigaci\u00f3n contact\u00f3 al testigo, quien confirm\u00f3 haberse retractado a cambio de 4.500 d\u00f3lares y agreg\u00f3 que tambi\u00e9n recibi\u00f3 sobornos en 2011.<\/p>\n<p style=\"color: #444444\">En otros audios se escucha a los principales integrantes del equipo econ\u00f3mico de Humala, incluidos su esposa y su cu\u00f1ado. Ellos hablan de dinero proveniente de Suiza, de visitas de ejecutivos brasile\u00f1os y de eventuales viajes a Brasilia. Marcelo Odebrecht confirm\u00f3 hace dos semanas que, a pedido del Partido de los Trabajadores del expresidente Lula da Silva, su firma entreg\u00f3 tres millones de d\u00f3lares para la campa\u00f1a del Partido Nacionalista.<\/p>\n<p style=\"color: #444444\">Las escuchas comenzaron cuando se investigaba a un maderero de Huallaga, Julio M\u00e9ndez, por sus v\u00ednculos con el cabecilla terrorista Florindo Flores, Artemio. As\u00ed fue como la Dirandro lleg\u00f3 a Am\u00edlcar G\u00f3mez Amasifu\u00e9n, uno de los acusados de sobornar al testigo del caso Madre M\u00eda y hombre de confianza de Ollanta Humala.<\/p>\n<p style=\"color: #444444\">Conocido el caso, Humala ofreci\u00f3 una conferencia de prensa, donde cuestion\u00f3 la interceptaci\u00f3n de sus comunicaciones telef\u00f3nicas. Asegur\u00f3 que fueron permitidas por el expresidente Alan Garc\u00eda, cuyo segundo Gobierno estaba por concluir cuando ocurrieron los hechos. \u201cEse se\u00f1or ha estado de presidente de la Rep\u00fablica y ha permitido, por acci\u00f3n o por omisi\u00f3n, que se haya realizado este acto escandaloso que afecta la democracia en el pa\u00eds\u201d, critic\u00f3.<\/p>\n","protected":false},"excerpt":{"rendered":"<p>Una investigaci\u00f3n de 2011 por cr\u00edmenes de lesa humanidad apunta al exmandatario<\/p>\n","protected":false},"author":5842,"featured_media":0,"comment_status":"open","ping_status":"open","sticky":false,"template":"","format":"standard","meta":{"footnotes":""},"categories":[1],"tags":[],"class_list":["post-471332","post","type-post","status-publish","format-standard","hentry","category-uncategorized"],"_links":{"self":[{"href":"https:\/\/diarioelpopular.com\/index.php\/wp-json\/wp\/v2\/posts\/471332","targetHints":{"allow":["GET"]}}],"collection":[{"href":"https:\/\/diarioelpopular.com\/index.php\/wp-json\/wp\/v2\/posts"}],"about":[{"href":"https:\/\/diarioelpopular.com\/index.php\/wp-json\/wp\/v2\/types\/post"}],"author":[{"embeddable":true,"href":"https:\/\/diarioelpopular.com\/index.php\/wp-json\/wp\/v2\/users\/5842"}],"replies":[{"embeddable":true,"href":"https:\/\/diarioelpopular.com\/index.php\/wp-json\/wp\/v2\/comments?post=471332"}],"version-history":[{"count":1,"href":"https:\/\/diarioelpopular.com\/index.php\/wp-json\/wp\/v2\/posts\/471332\/revisions"}],"predecessor-version":[{"id":471334,"href":"https:\/\/diarioelpopular.com\/index.php\/wp-json\/wp\/v2\/posts\/471332\/revisions\/471334"}],"wp:attachment":[{"href":"https:\/\/diarioelpopular.com\/index.php\/wp-json\/wp\/v2\/media?parent=471332"}],"wp:term":[{"taxonomy":"category","embeddable":true,"href":"https:\/\/diarioelpopular.com\/index.php\/wp-json\/wp\/v2\/categories?post=471332"},{"taxonomy":"post_tag","embeddable":true,"href":"https:\/\/diarioelpopular.com\/index.php\/wp-json\/wp\/v2\/tags?post=471332"}],"curies":[{"name":"wp","href":"https:\/\/api.w.org\/{rel}","templated":true}]}}