{"id":471495,"date":"2017-05-06T15:35:56","date_gmt":"2017-05-06T19:35:56","guid":{"rendered":"http:\/\/diarioelpopular.com\/?p=471495"},"modified":"2017-05-06T15:35:56","modified_gmt":"2017-05-06T19:35:56","slug":"victoria-y-liderato-para-greipel-tras-una-etapa-muy-a-la-italiana","status":"publish","type":"post","link":"https:\/\/diarioelpopular.com\/index.php\/2017\/05\/06\/victoria-y-liderato-para-greipel-tras-una-etapa-muy-a-la-italiana\/","title":{"rendered":"Victoria y liderato para Greipel tras una etapa muy a la italiana"},"content":{"rendered":"<div id=\"cuerpo_noticia\" class=\"articulo-cuerpo\" style=\"color: #444444\">\n<p style=\"font-style: inherit\"><a href=\"https:\/\/diarioelpopular.com\/wp-content\/uploads\/2017\/05\/1494089454_552517_1494089638_noticia_normal_recorte1.jpg\"><img loading=\"lazy\" decoding=\"async\" class=\"aligncenter size-large wp-image-471496\" src=\"https:\/\/diarioelpopular.com\/wp-content\/uploads\/2017\/05\/1494089454_552517_1494089638_noticia_normal_recorte1-560x373.jpg\" alt=\"1494089454_552517_1494089638_noticia_normal_recorte1\" width=\"560\" height=\"373\" \/><\/a>El\u00a0<a style=\"font-style: inherit;color: #016ca2\" href=\"http:\/\/elpais.com\/tag\/giro_italia\/a\">Giro<\/a>\u00a0se cocina a la italiana, como la segunda etapa, que acab\u00f3 en sprint, como gusta en la tierra, aunque la victoria fuera para un alem\u00e1n llamado Andr\u00e9 Greipel y no para su Roberto Ferrari, que qued\u00f3 segundo en Tortol\u00ec, en la costa oeste de la isla, final de una de las jornadas m\u00e1s largas de 2017 (221 kil\u00f3metros interminables). Para Greipel, del Lotto, fue tambi\u00e9n la maglia rosa de l\u00edder, que solo dur\u00f3 un d\u00eda sobre los hombros de P\u00f6stlberger, el austriaco sorprendente de la v\u00edspera.<\/p>\n<div id=\"elpais_gpt-INTEXT\" style=\"font-style: inherit\">\n<div id=\"google_ads_iframe_\/7811748\/elpais_web\/deportes\/intext_0__container__\" style=\"font-style: inherit\">El\u00a0<a style=\"font-style: inherit;color: #016ca2\" href=\"http:\/\/elpais.com\/tag\/ciclismo\/a\">ciclismo<\/a>\u00a0de toda la vida se cocina en el\u00a0<a style=\"font-style: inherit;color: #016ca2\" href=\"http:\/\/elpais.com\/tag\/giro_italia\/a\">Giro<\/a>\u00a0a fuego lento cinco sextas partes de la etapa y, una vez que el producto est\u00e1 bien hecho por dentro, a toda llama para chamuscar el exterior la sexta. Lo saben los ciclistas, que disfrutan solo a medias los comienzos lentos, morosos, detr\u00e1s de una fuga cuya velocidad marca su l\u00edmite al pelot\u00f3n. Van tranquilos porque los sprinters son los que mandan, y, cuando hay alguna monta\u00f1a dando alegr\u00eda al perfil llano, en esta ocasi\u00f3n con un puerto pesado de 1.002 metros, el macizo k\u00e1rstico de Genna Silana, deslumbrante y verde, se ponen en cabeza para trazar una raya: quien la pasa corre peligro y est\u00e1 avisado. Van nerviosos tambi\u00e9n porque saben que siempre hay alg\u00fan caprichoso que no entienda c\u00f3mo tiene que ser el concierto.<\/div>\n<\/div>\n<p style=\"font-style: inherit\">Entre Olbia y Tortol\u00ed ni siquiera tuvieron ese miedo: el viento de cara que sopl\u00f3 en toda la costa, de sur a norte, les permiti\u00f3 despreocuparse. Solo al final, cuando el descenso largo, 20 kil\u00f3metros, hacia el mar por una carretera que el libro de ruta describ\u00eda como\u00a0<em>botosa<\/em>\u00a0en ciertos momentos, se corri\u00f3 r\u00e1pido y los favoritos desalojaron a los sprinters de la cabeza, temerosos de lo que pudiera pasar, como siempre. El Bahr\u00e9in de Vincenzo Nibali, el llamado rey de los descendedores, asumi\u00f3 la responsabilidad de la marcha, y el Movistar de Nairo, m\u00e1s italiano que los italianos cuando corresponde, se mantuvo atento.<\/p>\n<p style=\"font-style: inherit\">A Nairo le gu\u00eda en los momentos m\u00e1s propensos al caos un italiano r\u00e1pido, inteligente y con contactos llamado Daniele Bennati, quien durante algunos a\u00f1os trabaj\u00f3 de capit\u00e1n de ruta para\u00a0<a style=\"font-style: inherit;color: #016ca2\" href=\"http:\/\/elpais.com\/tag\/alberto_contador\/a\">Alberto Contador<\/a>. Guiado por Bennati, que se mueve como pez en el agua por las tripas del pelot\u00f3n, Nairo llega tranquilo y bien colocado todos los d\u00edas. El control del gasto disipado en estr\u00e9s es clave en la estrategia del colombiano, para quien el Giro tan italiano es solo una etapa de su trayecto del a\u00f1o, que culminar\u00e1 en julio en el Tour, donde el ciclismo es otra cosa. Ni Nibali ni Nairo se chamuscar\u00f3n en los minutos del fuego alto. Ambos entraron entre los 20 primeros en Tortol\u00ec. Pero le fue al ruso Ilnur Zakarin, que forma parte del grupo de pretendientes. Un pinchazo a seis kil\u00f3metros de la meta le cost\u00f3 25s pese al gran esfuerzo de todo su Katusha para reincrustarlo en el pelot\u00f3n lanzado.<\/p>\n<p style=\"font-style: inherit\">Los sprints, sin embargo, son iguales en Italia que en la Conchinchina, y los ganan los mismos. En Tortol\u00ec se impuso el veterano Andr\u00e9 Greipel, apodado El Gorila por su gestual. De 34 a\u00f1os, Greipel, triunfador alguna vez en todas las grandes carreras por etapas, consigui\u00f3 su s\u00e9ptima victoria en cinco Giros, nueve a\u00f1os despu\u00e9s de la primera. Aunque termin\u00f3 segundo Ferrari, su gran rival fue el colombiano Fernando Gaviria, quien no supo mantener la sangre fr\u00eda obligatoria en la recta final. El Misil de La Ceja, como no le gusta que le llamen, un hombre de sprints largos, quiso anticiparse a Greipel, y en su camino tuvo la desgracia de rozarse con Caleb Ewan, el australiano que acelera con la barbilla casi rozando la rueda delantera, tanto se agacha. En el roce a Ewan se le desenganch\u00f3 el pie del pedal, y dej\u00f3 de dar pedaladas, desolado con la maglia ciclamino dando color a su peque\u00f1o cuerpo; a Gaviria le perturb\u00f3. El joven de 22 a\u00f1os debutante perdi\u00f3 una pedalada, la aceleraci\u00f3n y la ilusi\u00f3n. Se dej\u00f3 ir en los metros finales y acab\u00f3 cuarto.<\/p>\n<\/div>\n","protected":false},"excerpt":{"rendered":"<p>El sprinter alem\u00e1n consigue en Tortol\u00ec su s\u00e9ptimo triunfo en cinco Giros<\/p>\n","protected":false},"author":5842,"featured_media":0,"comment_status":"open","ping_status":"open","sticky":false,"template":"","format":"standard","meta":{"footnotes":""},"categories":[28],"tags":[],"class_list":["post-471495","post","type-post","status-publish","format-standard","hentry","category-deportes"],"_links":{"self":[{"href":"https:\/\/diarioelpopular.com\/index.php\/wp-json\/wp\/v2\/posts\/471495","targetHints":{"allow":["GET"]}}],"collection":[{"href":"https:\/\/diarioelpopular.com\/index.php\/wp-json\/wp\/v2\/posts"}],"about":[{"href":"https:\/\/diarioelpopular.com\/index.php\/wp-json\/wp\/v2\/types\/post"}],"author":[{"embeddable":true,"href":"https:\/\/diarioelpopular.com\/index.php\/wp-json\/wp\/v2\/users\/5842"}],"replies":[{"embeddable":true,"href":"https:\/\/diarioelpopular.com\/index.php\/wp-json\/wp\/v2\/comments?post=471495"}],"version-history":[{"count":1,"href":"https:\/\/diarioelpopular.com\/index.php\/wp-json\/wp\/v2\/posts\/471495\/revisions"}],"predecessor-version":[{"id":471497,"href":"https:\/\/diarioelpopular.com\/index.php\/wp-json\/wp\/v2\/posts\/471495\/revisions\/471497"}],"wp:attachment":[{"href":"https:\/\/diarioelpopular.com\/index.php\/wp-json\/wp\/v2\/media?parent=471495"}],"wp:term":[{"taxonomy":"category","embeddable":true,"href":"https:\/\/diarioelpopular.com\/index.php\/wp-json\/wp\/v2\/categories?post=471495"},{"taxonomy":"post_tag","embeddable":true,"href":"https:\/\/diarioelpopular.com\/index.php\/wp-json\/wp\/v2\/tags?post=471495"}],"curies":[{"name":"wp","href":"https:\/\/api.w.org\/{rel}","templated":true}]}}