{"id":471519,"date":"2017-05-09T09:14:46","date_gmt":"2017-05-09T13:14:46","guid":{"rendered":"http:\/\/diarioelpopular.com\/?p=471519"},"modified":"2017-05-09T09:14:46","modified_gmt":"2017-05-09T13:14:46","slug":"vayase-simeone-vayase","status":"publish","type":"post","link":"https:\/\/diarioelpopular.com\/index.php\/2017\/05\/09\/vayase-simeone-vayase\/","title":{"rendered":"V\u00e1yase, Simeone, v\u00e1yase"},"content":{"rendered":"<div id=\"attachment_471520\" style=\"width: 570px\" class=\"wp-caption aligncenter\"><a href=\"https:\/\/diarioelpopular.com\/wp-content\/uploads\/2017\/05\/1494325858_358149_1494326020_noticia_normal_recorte1.jpg\"><img loading=\"lazy\" decoding=\"async\" aria-describedby=\"caption-attachment-471520\" class=\"size-large wp-image-471520\" src=\"https:\/\/diarioelpopular.com\/wp-content\/uploads\/2017\/05\/1494325858_358149_1494326020_noticia_normal_recorte1-560x389.jpg\" alt=\"God\u00edn celebra con Simeone el 1-0 al Eibar.\" width=\"560\" height=\"389\" \/><\/a><p id=\"caption-attachment-471520\" class=\"wp-caption-text\">God\u00edn celebra con Simeone el 1-0 al Eibar.<\/p><\/div>\n<p style=\"color: #444444\">Resulta sorprendente cuando no indignante el justicierismo que han emprendido unos cuantos aficionados y gur\u00fas rojiblancos\u00a0<a style=\"font-style: inherit;color: #016ca2\" href=\"http:\/\/deportes.elpais.com\/deportes\/2017\/05\/02\/actualidad\/1493753999_361202.html\">despu\u00e9s del aquelarre del Bernab\u00e9u<\/a>. Han llegado a pedir la cabeza de\u00a0<a style=\"font-style: inherit;color: #016ca2\" href=\"http:\/\/elpais.com\/tag\/diego_pablo_simeone_cholo\/a\/\">Simeone<\/a>. Y han debido estimularles el criterio ejemplarizante de unos cuantos especialistas clarividentes de la cr\u00edtica deportiva.<\/p>\n<section id=\"sumario_1|apoyos\" class=\"sumario_apoyos izquierda\" style=\"color: #444444\"><a style=\"font-style: inherit;color: #016ca2\" name=\"sumario_1\"><\/a><\/p>\n<div class=\"sumario__interior\" style=\"font-style: inherit\">\n<header class=\"sumario-encabezado\" style=\"font-style: inherit\">\n<h3 class=\"sumario-titulo\" style=\"font-style: inherit;color: #111111\"><span class=\"sin_enlace\" style=\"font-weight: inherit;font-style: inherit\">M\u00c1S INFORMACI\u00d3N<\/span><\/h3>\n<\/header>\n<div class=\"sumario-texto\" style=\"font-style: inherit\">\n<div class=\"apoyos\" style=\"font-style: inherit\">\n<ul class=\"apoyos-listado\" style=\"font-style: inherit\">\n<li class=\"apoyo_ apoyo_sinfoto\" style=\"font-style: inherit\"><span class=\"apoyo-titulo\" style=\"font-style: inherit\"><a style=\"font-style: inherit;color: #000000\" href=\"http:\/\/deportes.elpais.com\/deportes\/2017\/05\/09\/actualidad\/1494316696_517152.html\">Atl\u00e9tico de Madrid &#8211; Real Madrid: horario y d\u00f3nde ver la Champions League en directo<\/a><\/span><\/li>\n<li class=\"apoyo_ apoyo_foto\" style=\"font-style: inherit\">\n<figure class=\"foto foto_w140\" style=\"font-style: inherit\"><img loading=\"lazy\" decoding=\"async\" style=\"font-style: inherit\" src=\"http:\/\/ep01.epimg.net\/deportes\/imagenes\/2017\/05\/09\/actualidad\/1494325858_358149_1494326322_sumarioapoyo_normal.jpg\" alt=\"V\u00e1yase, Simeone, v\u00e1yase\" width=\"140\" height=\"100\" \/><\/figure>\n<p><span class=\"apoyo-titulo\" style=\"font-style: inherit\"><a style=\"font-style: inherit;color: #000000\" href=\"http:\/\/elpais.com\/deportes\/2017\/05\/06\/actualidad\/1494066626_892149.html\">El Atl\u00e9tico de Madrid gana al Eibar y acaricia la tercera plaza<\/a><\/span><\/li>\n<li class=\"apoyo_ apoyo_sinfoto\" style=\"font-style: inherit\"><span class=\"apoyo-titulo\" style=\"font-style: inherit\"><a style=\"font-style: inherit;color: #000000\" href=\"http:\/\/elpais.com\/deportes\/2017\/05\/07\/actualidad\/1494180234_353741.html\">Los pecados de Simeone<\/a><\/span><\/li>\n<\/ul>\n<\/div>\n<\/div>\n<\/div>\n<\/section>\n<div id=\"elpais_gpt-INTEXT\" style=\"color: #444444\">\n<div id=\"google_ads_iframe_\/7811748\/elpais_web\/deportes\/intext_0__container__\" style=\"font-style: inherit\">Me parece ventajista\u00a0<a style=\"font-style: inherit;color: #016ca2\" href=\"http:\/\/epv.elpais.com\/epv\/2017\/05\/06\/categoria_deportes\/1494095480_479318.html\">sacrificar a Simeone<\/a>\u00a0en la hoguera del 3-0, reprocharle el planteamiento, atribuirle la estrategia err\u00e1tica, hacer inventario de los defectos de la temporada. Incluso osar con la idea de que el cham\u00e1n argentino ha terminado un ciclo.<\/div>\n<\/div>\n<div id=\"ds_cpp\" class=\"ds_cpp\" style=\"color: #444444\">\n<div class=\"ds_cpp_inner\" style=\"font-style: inherit\">\n<div class=\"ds_body\" style=\"font-style: inherit\">\n<div id=\"ds_player_container\" style=\"font-style: inherit\">\n<div id=\"ds_content_frame_parent\" style=\"font-style: inherit\">\n<div id=\"ds_ad_container\" style=\"font-style: inherit\">Puede que lo haya terminado. Pero no por agotamiento ni por frustraci\u00f3n propios. Sino porque podr\u00eda decepcionarle la ingratitud. Y porque tiene derecho a buscar otro mar despu\u00e9s de habernos proporcionado el lugar en el f\u00fatbol que hab\u00edamos perdido.<\/div>\n<\/div>\n<\/div>\n<\/div>\n<\/div>\n<\/div>\n<p style=\"color: #444444\">Simeone nos ha devuelto la confianza, la sonrisa de los lunes, la reputaci\u00f3n en la competici\u00f3n internacional, la rutina de los viajes al extranjero. Nos ha dado una liga. Y una Europa League. Y dos finales de Champions. Y una Copa ganada al Madrid en el Bernab\u00e9u.<\/p>\n<p style=\"color: #444444\">El balance deber\u00eda avergonzar a quienes reclaman medidas quir\u00fargicas. Pero m\u00e1s deb\u00eda hacerlo ningunearle el m\u00e9rito de haber trabajado con recursos mucho m\u00e1s precarios que nuestros rivales. Hemos cre\u00eddo natural, garantizado el h\u00e1bito de instalarnos en la elite balomp\u00e9dica, incluso cuando el f\u00fatbol se ha convertido en territorio de opulencia falocr\u00e1tica entre magnates, s\u00e1trapas, oligarcas rusos.<\/p>\n<p style=\"color: #444444\">Y es una anomal\u00eda la cotidianidad del Atleti en la vanguardia de los clubes continentales. Una extraordinaria anomal\u00eda -ser\u00e1 por redundancia- que demuestra el trabajo que Simeone ha realizado fuera del f\u00fatbol para apuntalar el f\u00fatbol mismo. Que si la psicolog\u00eda, la tensi\u00f3n. Que si la magia, la superstici\u00f3n. Y la fe, y todas las abstracciones que el brujo argentino ha a\u00f1adido al caldero druida del Calder\u00f3n hasta encontrar la f\u00f3rmula m\u00e1gica que nos ha hecho resucitar, tutear al Madrid, asustar al Bar\u00e7a.<\/p>\n<p style=\"color: #444444\">Simeone puede permitirse marcharse. Nos hizo ser mucho m\u00e1s grandes de lo que realmente \u00e9ramos. Por eso la cuesti\u00f3n consiste en averiguar si el Atleti puede permitirse la marcha de Simeone sin temer que se desmorone la bas\u00edlica y la religi\u00f3n.<\/p>\n<p style=\"color: #444444\">V\u00e1yase, Simeone, v\u00e1yase. El momento es el adecuado. Y no porque seamos capaces de sobreponernos al hueco vacante del t\u00f3tem en el fuego de tribu india, sino porque este Atl\u00e9tico de Madrid que ha profanado el empresariado chino y que han expropiado sus dirigentes va camino de desnaturalizarse y de corromperse en el arrabal de La Peineta.<\/p>\n<p style=\"color: #444444\">Se les extirpa a los aficionados su templo. Se malogra el primer v\u00ednculo de identificaci\u00f3n, la casa. Y se nos somete a la demolici\u00f3n del Calder\u00f3n como si la escena traum\u00e1tica de un bombardeo en propia meta pudiera enmascararse con la promesa de una nave espacial. Dan ganas de inmolarse entre los escombros. Y de convertir el partido de este mi\u00e9rcoles en una alegor\u00eda de Masad\u00e1.<\/p>\n","protected":false},"excerpt":{"rendered":"<p>La ingratitud hacia el m\u00edster que nos ha dado todo y el disparatado exilio de La Peineta alejan al cham\u00e1n de la tribu<\/p>\n","protected":false},"author":5842,"featured_media":0,"comment_status":"open","ping_status":"open","sticky":false,"template":"","format":"standard","meta":{"footnotes":""},"categories":[28],"tags":[],"class_list":["post-471519","post","type-post","status-publish","format-standard","hentry","category-deportes"],"_links":{"self":[{"href":"https:\/\/diarioelpopular.com\/index.php\/wp-json\/wp\/v2\/posts\/471519","targetHints":{"allow":["GET"]}}],"collection":[{"href":"https:\/\/diarioelpopular.com\/index.php\/wp-json\/wp\/v2\/posts"}],"about":[{"href":"https:\/\/diarioelpopular.com\/index.php\/wp-json\/wp\/v2\/types\/post"}],"author":[{"embeddable":true,"href":"https:\/\/diarioelpopular.com\/index.php\/wp-json\/wp\/v2\/users\/5842"}],"replies":[{"embeddable":true,"href":"https:\/\/diarioelpopular.com\/index.php\/wp-json\/wp\/v2\/comments?post=471519"}],"version-history":[{"count":1,"href":"https:\/\/diarioelpopular.com\/index.php\/wp-json\/wp\/v2\/posts\/471519\/revisions"}],"predecessor-version":[{"id":471521,"href":"https:\/\/diarioelpopular.com\/index.php\/wp-json\/wp\/v2\/posts\/471519\/revisions\/471521"}],"wp:attachment":[{"href":"https:\/\/diarioelpopular.com\/index.php\/wp-json\/wp\/v2\/media?parent=471519"}],"wp:term":[{"taxonomy":"category","embeddable":true,"href":"https:\/\/diarioelpopular.com\/index.php\/wp-json\/wp\/v2\/categories?post=471519"},{"taxonomy":"post_tag","embeddable":true,"href":"https:\/\/diarioelpopular.com\/index.php\/wp-json\/wp\/v2\/tags?post=471519"}],"curies":[{"name":"wp","href":"https:\/\/api.w.org\/{rel}","templated":true}]}}