{"id":471744,"date":"2017-05-25T09:15:54","date_gmt":"2017-05-25T13:15:54","guid":{"rendered":"http:\/\/diarioelpopular.com\/?p=471744"},"modified":"2017-05-25T09:15:54","modified_gmt":"2017-05-25T13:15:54","slug":"40-anos-de-carcel-para-los-culpables-de-la-masacre-mas-violenta-de-el-salvador","status":"publish","type":"post","link":"https:\/\/diarioelpopular.com\/index.php\/2017\/05\/25\/40-anos-de-carcel-para-los-culpables-de-la-masacre-mas-violenta-de-el-salvador\/","title":{"rendered":"40 a\u00f1os de c\u00e1rcel para los culpables de la masacre m\u00e1s violenta de El Salvador"},"content":{"rendered":"<div id=\"attachment_471745\" style=\"width: 570px\" class=\"wp-caption aligncenter\"><a href=\"https:\/\/diarioelpopular.com\/wp-content\/uploads\/2017\/05\/1464376724_462648_1464376840_noticia_normal_recorte1.jpg\"><img loading=\"lazy\" decoding=\"async\" aria-describedby=\"caption-attachment-471745\" class=\"size-large wp-image-471745\" src=\"https:\/\/diarioelpopular.com\/wp-content\/uploads\/2017\/05\/1464376724_462648_1464376840_noticia_normal_recorte1-560x354.jpg\" alt=\"Pandilleros acusados de la masacre de San Juan Opico.\" width=\"560\" height=\"354\" \/><\/a><p id=\"caption-attachment-471745\" class=\"wp-caption-text\">Pandilleros acusados de la masacre de San Juan Opico.<\/p><\/div>\n<p style=\"color: #444444\">Siete de los nueve pandilleros que ejecutaron con machete a 11 de trabajadores inocentes en San Juan de Opico, en el departamento de La Libertad (oeste de\u00a0<strong style=\"font-style: inherit\"><a style=\"font-weight: inherit;font-style: inherit;color: #016ca2\" href=\"http:\/\/elpais.com\/tag\/el_salvador\/a\/\" target=\"_blank\">El Salvador<\/a><\/strong>), han sido condenados a 40 a\u00f1os de c\u00e1rcel. Los otros dos acusados ya hab\u00edan sido juzgados en tribunales para menores de edad y hab\u00edan sido sentenciados a penas que oscilan entre 5 y 10 a\u00f1os de internamiento. Pero el castigo no ha borrado de la mente de esta sociedad las t\u00e9tricas\u00a0<a style=\"font-style: inherit;color: #016ca2\" href=\"http:\/\/internacional.elpais.com\/internacional\/2016\/05\/18\/america\/1463594770_198325.html?rel=mas\" target=\"_blank\">im\u00e1genes de aquella masacre<\/a>.<\/p>\n<section id=\"sumario_1|apoyos\" class=\"sumario_apoyos derecha\" style=\"color: #444444\"><a style=\"font-style: inherit;color: #016ca2\" name=\"sumario_1\"><\/a><\/p>\n<div class=\"sumario__interior\" style=\"font-style: inherit\">\n<header class=\"sumario-encabezado\" style=\"font-style: inherit\">\n<h3 class=\"sumario-titulo\" style=\"font-style: inherit;color: #111111\"><span class=\"sin_enlace\" style=\"font-weight: inherit;font-style: inherit\">M\u00c1S INFORMACI\u00d3N<\/span><\/h3>\n<\/header>\n<div class=\"sumario-texto\" style=\"font-style: inherit\">\n<div class=\"apoyos\" style=\"font-style: inherit\">\n<ul class=\"apoyos-listado\" style=\"font-style: inherit\">\n<li class=\"apoyo_normal apoyo_foto\" style=\"font-style: inherit\">\n<figure class=\"foto foto_w140\" style=\"font-style: inherit\"><img loading=\"lazy\" decoding=\"async\" style=\"font-style: inherit\" src=\"http:\/\/ep01.epimg.net\/internacional\/imagenes\/2017\/05\/25\/america\/1495673385_670707_1495675581_sumarioapoyo_normal.jpg\" alt=\"40 a\u00f1os de c\u00e1rcel para los culpables de la masacre m\u00e1s violenta de El Salvador\" width=\"140\" height=\"100\" \/><\/figure>\n<p><span class=\"apoyo-titulo\" style=\"font-style: inherit\"><a style=\"font-style: inherit;color: #000000\" href=\"http:\/\/internacional.elpais.com\/internacional\/2016\/05\/27\/actualidad\/1464376724_462648.html\">Opico, la masacre que conmocion\u00f3 a El Salvador<\/a><\/span><\/li>\n<\/ul>\n<\/div>\n<\/div>\n<\/div>\n<\/section>\n<div id=\"elpais_gpt-INTEXT\" style=\"color: #444444\">\n<div id=\"google_ads_iframe_\/7811748\/elpais_web\/internacional\/intext_0__container__\" style=\"font-style: inherit\"><\/div>\n<\/div>\n<p style=\"color: #444444\">Los hechos ocurrieron el 3 de marzo de 2016. El asesinato m\u00faltiple de aquel d\u00eda fue grabado con un tel\u00e9fono m\u00f3vil por uno de los criminales. Casi dos meses despu\u00e9s se &#8220;filtr\u00f3&#8221; el v\u00eddeo donde se ve a dos pandilleros dando machetazos a las v\u00edctimas, que estaban tiradas en la tierra, boca abajo y con las manos atadas a la espalda. Fue un caso\u00a0<span style=\"font-style: inherit\">&#8220;salvaje e irracional&#8221;,\u00a0<\/span>como lo calific\u00f3 entonces el vicepresidente salvadore\u00f1o \u00d3scar Ort\u00edz.<\/p>\n<p style=\"color: #444444\">La\u00a0<a style=\"font-style: inherit;color: #016ca2\" href=\"http:\/\/elpais.com\/tag\/maras\/a\/\" target=\"_blank\">guerra entre las pandillas<\/a>\u00a0<em>Mara Salvatrucha<\/em>\u00a0(MS-13),\u00a0<em>18-Sure\u00f1os<\/em>\u00a0y\u00a0<em>18-Revolucionarios<\/em>\u00a0dio un extra\u00f1o giro aquel d\u00eda cuando un grupo de pandilleros de la\u00a0<em>18-R<\/em>\u00a0lleg\u00f3 hasta Opico, basti\u00f3n de la\u00a0<em>MS-13<\/em>, en busca de miembros de la mara contraria. Al no hallarlos, seg\u00fan el informe oficial, se cebaron con\u00a0ocho empleados de una compa\u00f1\u00eda el\u00e9ctrica y tres jornaleros que pasaban por all\u00ed, tambi\u00e9n asesinados de forma cruel.<\/p>\n<p style=\"color: #444444\">El Salvador vivi\u00f3 entre 1980 y 1992 una guerra atroz. Las fotos de los campesinos masacrados revelaban una barbarie que no ten\u00eda nada que envidiar a las muertes en masa que los soldados estadounidenses cometieron en Vietnam. No han faltado las comparaciones de las masacres de My Lai, en territorio asi\u00e1tico, con El Mozote, en tierras salvadore\u00f1as. Sin embargo, observar la grabaci\u00f3n en el instante en que est\u00e1n ejecutando a machetazos a las v\u00edctimas y distribuir esas im\u00e1genes por las redes sociales coloca a esta sociedad en nuevas dimensiones de actos inhumanos.<\/p>\n<p style=\"color: #444444\">&#8220;Fue impactante por varias cosas: no es lo mismo ver a un muerto que a 11; 11 personas que eran trabajadores inocentes sin ninguna vinculaci\u00f3n con las pandillas y sus guerras. Adem\u00e1s, fue terror\u00edfica la difusi\u00f3n del v\u00eddeo que captaba y exhib\u00eda el momento de un degollamiento con el resto de v\u00edctimas esperando la muerte&#8221;, record\u00f3 a EL PA\u00cdS el destacado experto en derechos humanos, Benjam\u00edn Cu\u00e9llar.<\/p>\n<p style=\"color: #444444\">Los condenados este mi\u00e9rcoles a 40 a\u00f1os (35 por homicidio agravado y 5 por pertenecer a agrupaciones il\u00edcitas) fueron siete pandilleros de la autodenominada\u00a0<em>18-Revolucionarios<\/em>. Una de las pandillas m\u00e1s temibles en El Salvador, rival de\u00a0<a style=\"font-style: inherit;color: #016ca2\" href=\"http:\/\/internacional.elpais.com\/internacional\/2017\/05\/23\/actualidad\/1495500275_177524.html\" target=\"_blank\">la no menos salvaje\u00a0<strong style=\"font-style: inherit\"><em style=\"font-weight: inherit\">Mara Salvatrucha<\/em>\u00a0(MS-13)<\/strong><\/a>, ambas fundadas en los barrios bajos de la ciudad estadounidense de Los \u00c1ngeles en la d\u00e9cada de 1980, cuando los salvadore\u00f1os migraban huyendo de la guerra civil.<\/p>\n<p style=\"color: #444444\">La Fiscal\u00eda General de la Rep\u00fablica (FGR) present\u00f3 un testigo protegido, quien dio detalles de la masacre, incluso asegur\u00f3 que los hechos se cometieron por &#8220;equivocaci\u00f3n&#8221;, creyendo que mataban a miembros de la pandilla rival\u00a0<em>Mara Salvatrucha<\/em>. En el proceso judicial el declarante fue descalificado por el tribunal, quien valor\u00f3 en vez del testimonio, las pruebas cient\u00edficas que recabaron los investigadores.<\/p>\n<p style=\"color: #444444\">Las v\u00edctimas: ocho empleados de una empresa el\u00e9ctrica y tres jornaleros agr\u00edcolas, estos \u00faltimos ejecutados para &#8220;no dejar testigos&#8221;, pagaron caro y dolorosamente la posguerra salvadore\u00f1a, una confrontaci\u00f3n que casi nadie entiende. Este mi\u00e9rcoles tambi\u00e9n fue un d\u00eda de masacre: tres mujeres, dos hombres y un ni\u00f1o, fueron conducidos de su vivienda a una calle de tierra en San Miguel, al este del pa\u00eds, y asesinados. Sus cuerpos aparecieron api\u00f1ados con las manos atadas a la espalda.<\/p>\n","protected":false},"excerpt":{"rendered":"<p>Ocho empleados de una compa\u00f1\u00eda el\u00e9ctrica y tres jornaleros inocentes fueron asesinados con machete en medio de la guerra entre pandillas<\/p>\n","protected":false},"author":5842,"featured_media":0,"comment_status":"open","ping_status":"open","sticky":false,"template":"","format":"standard","meta":{"footnotes":""},"categories":[1],"tags":[],"class_list":["post-471744","post","type-post","status-publish","format-standard","hentry","category-uncategorized"],"_links":{"self":[{"href":"https:\/\/diarioelpopular.com\/index.php\/wp-json\/wp\/v2\/posts\/471744","targetHints":{"allow":["GET"]}}],"collection":[{"href":"https:\/\/diarioelpopular.com\/index.php\/wp-json\/wp\/v2\/posts"}],"about":[{"href":"https:\/\/diarioelpopular.com\/index.php\/wp-json\/wp\/v2\/types\/post"}],"author":[{"embeddable":true,"href":"https:\/\/diarioelpopular.com\/index.php\/wp-json\/wp\/v2\/users\/5842"}],"replies":[{"embeddable":true,"href":"https:\/\/diarioelpopular.com\/index.php\/wp-json\/wp\/v2\/comments?post=471744"}],"version-history":[{"count":1,"href":"https:\/\/diarioelpopular.com\/index.php\/wp-json\/wp\/v2\/posts\/471744\/revisions"}],"predecessor-version":[{"id":471746,"href":"https:\/\/diarioelpopular.com\/index.php\/wp-json\/wp\/v2\/posts\/471744\/revisions\/471746"}],"wp:attachment":[{"href":"https:\/\/diarioelpopular.com\/index.php\/wp-json\/wp\/v2\/media?parent=471744"}],"wp:term":[{"taxonomy":"category","embeddable":true,"href":"https:\/\/diarioelpopular.com\/index.php\/wp-json\/wp\/v2\/categories?post=471744"},{"taxonomy":"post_tag","embeddable":true,"href":"https:\/\/diarioelpopular.com\/index.php\/wp-json\/wp\/v2\/tags?post=471744"}],"curies":[{"name":"wp","href":"https:\/\/api.w.org\/{rel}","templated":true}]}}