{"id":471798,"date":"2017-05-27T20:43:39","date_gmt":"2017-05-28T00:43:39","guid":{"rendered":"http:\/\/diarioelpopular.com\/?p=471798"},"modified":"2017-05-27T20:43:39","modified_gmt":"2017-05-28T00:43:39","slug":"messi-da-la-copa-al-barcelona","status":"publish","type":"post","link":"https:\/\/diarioelpopular.com\/index.php\/2017\/05\/27\/messi-da-la-copa-al-barcelona\/","title":{"rendered":"Messi da la Copa al Barcelona"},"content":{"rendered":"<div id=\"cuerpo_noticia\" class=\"articulo-cuerpo\" style=\"color: #444444\">\n<div id=\"attachment_471799\" style=\"width: 570px\" class=\"wp-caption aligncenter\"><a href=\"https:\/\/diarioelpopular.com\/wp-content\/uploads\/2017\/05\/1495920136_274843_1495922270_noticia_normal_recorte1.jpg\"><img loading=\"lazy\" decoding=\"async\" aria-describedby=\"caption-attachment-471799\" class=\"size-large wp-image-471799\" src=\"https:\/\/diarioelpopular.com\/wp-content\/uploads\/2017\/05\/1495920136_274843_1495922270_noticia_normal_recorte1-560x342.jpg\" alt=\"Iniesta levanta la Copa del Rey.\" width=\"560\" height=\"342\" \/><\/a><p id=\"caption-attachment-471799\" class=\"wp-caption-text\">Iniesta levanta la Copa del Rey.<\/p><\/div>\n<p style=\"font-style: inherit\">La Copa fue para el mejor:\u00a0<a style=\"font-style: inherit;color: #016ca2\" href=\"http:\/\/elpais.com\/tag\/lionel_messi\/a\">Leo Messi<\/a>. Demasiado para un\u00a0<a style=\"font-style: inherit;color: #016ca2\" href=\"http:\/\/elpais.com\/tag\/deportivo_alaves\/a\">Alav\u00e9s<\/a>\u00a0muy meritorio, capaz de debatir con el\u00a0<a style=\"font-style: inherit;color: #016ca2\" href=\"http:\/\/elpais.com\/tag\/fc_barcelona\/a\">Bar\u00e7a<\/a>, no con el reinado del argentino en el 29\u00ba t\u00edtulo para los azulgrana. Asunto no mayor para un equipo para el que una sola\u00a0<a style=\"font-style: inherit;color: #016ca2\" href=\"http:\/\/elpais.com\/tag\/copa_rey\/a\">Copa<\/a>\u00a0no puede ser un do de pecho, pero estaba obligado. Para el grupo vitoriano el broche lo puso su gente al grito un\u00e1nime de campeones. Hay perdedores para la historia. Es el caso de este Alav\u00e9s de sello glorioso.<\/p>\n<p style=\"font-style: inherit\">Mientras no medi\u00f3 Messi en el juego no fue un partido demasiado vistoso. Entre cada cap\u00edtulo de Leo, mucho resbal\u00f3n, mucha pifia, alguna gresca, paliques de unos con otros, tajo de los sanitarios con Mascherano y Marcos Llorente&#8230; El f\u00fatbol en s\u00ed qued\u00f3 a pies del astro argentino: goleador, asistente y epicentro absoluto de este Bar\u00e7a que ha perdido encanto colectivo y se ha subido a hombros del\u00a0<em>diez<\/em>. Ausente Su\u00e1rez, la pandilla de La Pulga se redujo a Neymar, muy agitador.<\/p>\n<p style=\"font-style: inherit\">Se plant\u00f3 el Alav\u00e9s con tres centrales y un pelot\u00f3n de centuriones, todos con colmillo en cada asalto, todos muy cerca de Pacheco, su guardi\u00e1n de porter\u00eda. Con la forticada, Mauricio Pellegrino asumi\u00f3 su condici\u00f3n inferior al tiempo que quiso explotar su mejor veta, el hueso defensivo que ha mostrado el conjunto vasco durante el curso. Persiana abajo y a la espera de un verso suelto. Lo primero, negar al adversario; luego, ya se ver\u00e1. Cuando Messi invadi\u00f3 el rancho el encomiable equipo vitoriano salt\u00f3 por los aires.<\/p>\n<section id=\"sumario_1|apoyos\" class=\"sumario_apoyos izquierda\" style=\"font-style: inherit\"><a style=\"font-style: inherit;color: #016ca2\" name=\"sumario_1\"><\/a><\/p>\n<div class=\"sumario__interior\" style=\"font-style: inherit\">\n<header class=\"sumario-encabezado\" style=\"font-style: inherit\">\n<h3 class=\"sumario-titulo\" style=\"font-style: inherit;color: #111111\"><span class=\"sin_enlace\" style=\"font-weight: inherit;font-style: inherit\">M\u00c1S INFORMACI\u00d3N<\/span><\/h3>\n<\/header>\n<div class=\"sumario-texto\" style=\"font-style: inherit\">\n<div class=\"apoyos\" style=\"font-style: inherit\">\n<ul class=\"apoyos-listado\" style=\"font-style: inherit\">\n<li class=\"apoyo_ apoyo_foto\" style=\"font-style: inherit\">\n<figure class=\"foto foto_w140\" style=\"font-style: inherit\"><a class=\"enlace\" style=\"font-style: inherit;color: #000000\" href=\"http:\/\/elpais.com\/elpais\/2017\/05\/27\/album\/1495903374_100960.html\"><img loading=\"lazy\" decoding=\"async\" style=\"font-style: inherit\" src=\"http:\/\/ep01.epimg.net\/deportes\/imagenes\/2017\/05\/27\/actualidad\/1495920136_274843_1495922950_sumarioapoyo_normal.jpg\" alt=\"Messi da la Copa al Barcelona\" width=\"140\" height=\"100\" \/><\/a><\/figure>\n<p><span class=\"apoyo-titulo\" style=\"font-style: inherit\"><a style=\"font-style: inherit;color: #000000\" href=\"http:\/\/elpais.com\/elpais\/2017\/05\/27\/album\/1495903374_100960.html\">Barcelona &#8211; Alav\u00e9s, la final de la Copa del Rey en im\u00e1genes<\/a><\/span><\/li>\n<li class=\"apoyo_ apoyo_sinfoto\" style=\"font-style: inherit\"><span class=\"apoyo-titulo\" style=\"font-style: inherit\"><a style=\"font-style: inherit;color: #000000\" href=\"http:\/\/elpais.com\/deportes\/2017\/05\/26\/actualidad\/1495826030_674480.html\">El Alav\u00e9s, con Dortmund en el coraz\u00f3n y Madrid en la cabeza<\/a><\/span><\/li>\n<li class=\"apoyo_ apoyo_sinfoto\" style=\"font-style: inherit\"><span class=\"apoyo-titulo\" style=\"font-style: inherit\"><a style=\"font-style: inherit;color: #000000\" href=\"http:\/\/elpais.com\/deportes\/2017\/05\/26\/actualidad\/1495818348_669161.html\">El turno de Alc\u00e1cer<\/a><\/span><\/li>\n<li class=\"apoyo_ apoyo_sinfoto\" style=\"font-style: inherit\"><span class=\"apoyo-titulo\" style=\"font-style: inherit\"><a style=\"font-style: inherit;color: #000000\" href=\"http:\/\/elpais.com\/deportes\/2017\/05\/26\/actualidad\/1495794501_134000.html\">Piqu\u00e9: \u201cLuis Enrique ha acabado conquistando al vestuario\u201d<\/a><\/span><\/li>\n<\/ul>\n<\/div>\n<\/div>\n<\/div>\n<\/section>\n<p style=\"font-style: inherit\">Quedan migas de aquel Bar\u00e7a que disfrutaba con una nana permanente a la pelota. Hoy le gusta correr a campo abierto, lo que no le permiti\u00f3 el Alav\u00e9s, bien cuadrado en la retaguardia, con Marcos Llorente, estupendo al quite y de buen peritaje con el bal\u00f3n, y Manu Garc\u00eda como dique por delante. Pero no hay barreras para Messi. A partir de un pique con el capit\u00e1n blanquiazul \u2014con el que tertuli\u00f3 de lo lindo todo el primer acto\u2014, el argentino cogi\u00f3 marcha. Primero con dos diagonales de autor para Jordi Alba y Alc\u00e1cer. M\u00e1s tarde tir\u00f3 de su infinito repertorio y su inmensa chistera.<\/p>\n<p style=\"font-style: inherit\">Un choque de cabezas entre Llorente y Mascherano puso un par\u00e9ntesis al juego. El alavesista acab\u00f3 con un ap\u00f3sito y el azulgrana rumbo a la enfermer\u00eda en una camilla. Andr\u00e9 Gomes tom\u00f3 su sitio en el lateral derecho, un puesto maldito en este Bar\u00e7a mal cosido desde el inicio de la temporada. Para su suerte, esta vez no fue el peor Andr\u00e9 Gomes. Como volante le cuesta hilar r\u00e1pido con los pies y con la mente. Por el carril, con espacios m\u00e1s largos, su potencia le da otro gancho.<\/p>\n<section id=\"sumario_2|foto\" class=\"sumario_foto centro\" style=\"font-style: inherit\"><a style=\"font-style: inherit;color: #016ca2\" name=\"sumario_2\"><\/a><\/p>\n<div class=\"sumario__interior\" style=\"font-style: inherit\">\n<figure class=\"foto foto_w980\" style=\"font-style: inherit\"><a class=\"enlace\" style=\"font-style: inherit;color: #016ca2\" href=\"http:\/\/elpais.com\/elpais\/2017\/05\/27\/media\/1495913057_292117.html\"><img loading=\"lazy\" decoding=\"async\" style=\"font-style: inherit\" src=\"http:\/\/ep01.epimg.net\/deportes\/imagenes\/2017\/05\/27\/actualidad\/1495920136_274843_1495923948_sumario_normal.png\" alt=\"Messi da la Copa al Barcelona\" width=\"980\" height=\"522\" \/><span class=\"boton_ampliar\">pulsa en la foto<\/span><\/a><\/figure>\n<div class=\"sumario-texto\" style=\"font-style: inherit\"><\/div>\n<\/div>\n<\/section>\n<p style=\"font-style: inherit\">A la espera del\u00a0<em>momento Messi<\/em>, el Alav\u00e9s, el que m\u00e1s agazapado estaba, tuvo su instante. Una errata de Piqu\u00e9 precedi\u00f3 a otra a\u00fan m\u00e1s gruesa de Cillessen. Se hizo un nudo con un disparo de Ibai y la pelota hizo carambola en un poste y casi en el otro. Casi de inmediato, Messi al rescate. Tras una pared con Neymar, La Pulga dio un pase a la red con esa zurda cl\u00ednica que le encumbra. En los \u00faltimos 67 a\u00f1os nadie hab\u00eda marcado en cuatro finales coperas. A nadie le extra\u00f1ar\u00e1 en los pr\u00f3ximos 67 que fuera este genio que lleva 26 goles en 25 finales.<\/p>\n<p style=\"font-style: inherit\">Si el tanto de Leo fue con bota de seda, el de Theo tres minutos despu\u00e9s fue dinamitero. El madridismo se hizo idea de lo que ha fichado. Un futbolista con turbo y una izquierda demoledora. La ejecuci\u00f3n de una falta en el v\u00e9rtice izquierdo del \u00e1rea barcelonista result\u00f3 atronadora para Cillessen, en vuelo in\u00fatil hacia la escuadra de su derecha. Un golazo para mantener en vilo el sue\u00f1o blanquiazul. A un paso del descanso ten\u00eda el duelo anhelado, igualado y solo un tiempo por delante. Pero ante gente como Neymar y Messi, m\u00e1s all\u00e1 de las bienaventuranzas corales, los minutos se hacen eternos. Casi en el \u00faltimo suspiro del primer acto se quebr\u00f3 el partido. Neymar se afili\u00f3 con Messi, que deriv\u00f3 hacia Andr\u00e9 Gomes, cuyo servicio emboc\u00f3 el brasile\u00f1o a un dedo de la raya de gol y al l\u00edmite del fuera de juego. El Alav\u00e9s todav\u00eda no hab\u00eda tenido tiempo para deprimirse cuando Alc\u00e1cer le sac\u00f3 la cadena por tercera vez. Por supuesto, previa maniobra\u00a0<em>messi\u00e1nica<\/em>. Con Messi en may\u00fascula, el Bar\u00e7a cerr\u00f3 el primer trecho con la Copa muy a la vista.<\/p>\n<p style=\"font-style: inherit\">No hubo bandera blanca de los blanquiazules, aupados por una hinchada incondicional e irreductible. Tras el intermedio, ya sin otro remedio posible, el equipo se descamis\u00f3 cuanto pudo. Un acto de fe extraordinario frente a una aventura colosal. Curiosamente, pese a los mayores riesgos del rival y, por tanto, m\u00e1s aire para ir a la contra, el Bar\u00e7a ya no encontr\u00f3 la red de Pacheco. Tampoco tuvo el gobierno absoluto, pero le alcanz\u00f3 para tramitar el encuentro hasta subir al trono. Messi ya se hab\u00eda encargado de poner la Copa a sus pies en una jornada que el Alav\u00e9s no olvidar\u00e1 jam\u00e1s. S\u00ed, tambi\u00e9n hay derrotas inolvidables. Como hay victorias que no consuelan del todo, como la de este Bar\u00e7a destinado a cotas mayores.<\/p>\n<\/div>\n","protected":false},"excerpt":{"rendered":"<p>El argentino carga con el Bar\u00e7a y consuela a los azulgrana con su 29\u00ba t\u00edtulo de Copa<br \/>\nfrente a un encomiable Alav\u00e9s despedido con honores por su gente<\/p>\n","protected":false},"author":5842,"featured_media":0,"comment_status":"open","ping_status":"open","sticky":false,"template":"","format":"standard","meta":{"footnotes":""},"categories":[28],"tags":[],"class_list":["post-471798","post","type-post","status-publish","format-standard","hentry","category-deportes"],"_links":{"self":[{"href":"https:\/\/diarioelpopular.com\/index.php\/wp-json\/wp\/v2\/posts\/471798","targetHints":{"allow":["GET"]}}],"collection":[{"href":"https:\/\/diarioelpopular.com\/index.php\/wp-json\/wp\/v2\/posts"}],"about":[{"href":"https:\/\/diarioelpopular.com\/index.php\/wp-json\/wp\/v2\/types\/post"}],"author":[{"embeddable":true,"href":"https:\/\/diarioelpopular.com\/index.php\/wp-json\/wp\/v2\/users\/5842"}],"replies":[{"embeddable":true,"href":"https:\/\/diarioelpopular.com\/index.php\/wp-json\/wp\/v2\/comments?post=471798"}],"version-history":[{"count":1,"href":"https:\/\/diarioelpopular.com\/index.php\/wp-json\/wp\/v2\/posts\/471798\/revisions"}],"predecessor-version":[{"id":471800,"href":"https:\/\/diarioelpopular.com\/index.php\/wp-json\/wp\/v2\/posts\/471798\/revisions\/471800"}],"wp:attachment":[{"href":"https:\/\/diarioelpopular.com\/index.php\/wp-json\/wp\/v2\/media?parent=471798"}],"wp:term":[{"taxonomy":"category","embeddable":true,"href":"https:\/\/diarioelpopular.com\/index.php\/wp-json\/wp\/v2\/categories?post=471798"},{"taxonomy":"post_tag","embeddable":true,"href":"https:\/\/diarioelpopular.com\/index.php\/wp-json\/wp\/v2\/tags?post=471798"}],"curies":[{"name":"wp","href":"https:\/\/api.w.org\/{rel}","templated":true}]}}