{"id":471833,"date":"2017-05-29T20:13:53","date_gmt":"2017-05-30T00:13:53","guid":{"rendered":"http:\/\/diarioelpopular.com\/?p=471833"},"modified":"2017-05-29T20:13:53","modified_gmt":"2017-05-30T00:13:53","slug":"viaje-a-la-cuesta-donde-se-crio-nairo-quintana","status":"publish","type":"post","link":"https:\/\/diarioelpopular.com\/index.php\/2017\/05\/29\/viaje-a-la-cuesta-donde-se-crio-nairo-quintana\/","title":{"rendered":"Viaje a la cuesta donde se crio Nairo Quintana"},"content":{"rendered":"<div id=\"cuerpo_noticia\" class=\"articulo-cuerpo\" style=\"color: #444444\">\n<p style=\"font-style: inherit\"><a href=\"https:\/\/diarioelpopular.com\/wp-content\/uploads\/2017\/05\/1495749145_729869_1496046594_noticia_fotograma.jpg\"><img loading=\"lazy\" decoding=\"async\" class=\"aligncenter size-large wp-image-471834\" src=\"https:\/\/diarioelpopular.com\/wp-content\/uploads\/2017\/05\/1495749145_729869_1496046594_noticia_fotograma-560x315.jpg\" alt=\"1495749145_729869_1496046594_noticia_fotograma\" width=\"560\" height=\"315\" \/><\/a>La ruta para llegar a la casa en la que creci\u00f3\u00a0<a style=\"font-style: inherit;color: #016ca2\" href=\"http:\/\/deportes.elpais.com\/deportes\/2017\/05\/05\/actualidad\/1493965006_137703.html\">Nairo Quintana<\/a>\u00a0(Tunja, 1990) aparece descrita con detalle en blogs de ciclistas aficionados. Hablan del tramo en donde la pendiente cambia s\u00fabitamente y recuerdan al deportista, que recorr\u00eda casi todos los d\u00edas esa misma cuesta. Sus padres siguen all\u00ed, en una curva del Alto del Sote, en Boyac\u00e1. La cara de Nairo, segundo en el Giro de Italia, se asoma en las paredes que tienen pintada su imagen y en un monumento con su figura junto a la tienda La Villita, en donde Luis Quintana y Elo\u00edsa Rojas reciben a los seguidores de su hijo. En el fondo est\u00e1 su vivienda. De ah\u00ed salen rodeados por cinco perros y un gato cuando empiezan a llegar los visitantes. Algunos d\u00edas, Luis se levanta m\u00e1s temprano y se sube con dificultad en su carro, un viejo Chevrolet Sprint, que describe como su herramienta de trabajo (transporta gente de un pueblo a otro) y como su &#8220;silla de ruedas&#8221;. El pap\u00e1 de Nairo tiene la cadera atrofiada por un accidente en el pasado y se le dificulta caminar. Dice que est\u00e1 a la espera de que el sistema de salud le apruebe una cirug\u00eda.<\/p>\n<div id=\"elpais_gpt-INTEXT\" style=\"font-style: inherit\">\n<div id=\"google_ads_iframe_\/7811748\/elpais_web\/deportes\/intext_0__container__\" style=\"font-style: inherit\">Desde que el colombiano\u00a0<a style=\"font-style: inherit;color: #016ca2\" href=\"http:\/\/www.elespectador.com\/deportes\/ciclismo\/articulo-224037-nairo-quintana-ganador-del-tour-de-lavenir-le-sobra-futuro\">se impuso en la clasificaci\u00f3n general de la Vuelta del Porvenir en Francia<\/a>\u00a0en 2010, La Villita es un sitio tur\u00edstico en donde Nairo es la mayor atracci\u00f3n, as\u00ed \u00e9l casi nunca est\u00e9. Su familia vence la timidez y con la mejor disposici\u00f3n atiende a las preguntas de los turistas. \u201c\u00bfY cada cu\u00e1nto hablan?\u201d, \u201c\u00bfCree que gane el Giro de Italia?\u201d, \u00bf\u201dSu sue\u00f1o es el Tour?\u201d. Los pap\u00e1s saben que su hijo es un \u00eddolo nacional.\u00a0<a style=\"font-style: inherit;color: #016ca2\" href=\"http:\/\/elpais.com\/elpais\/2017\/05\/24\/gente\/1495582187_070274.html\">A los colombianos se les hincha el pecho<\/a>\u00a0al hablar de sus haza\u00f1as. Es el mejor ciclista en la historia del pa\u00eds. Sus logros han sido un b\u00e1lsamo para los convulsionados d\u00edas en los que\u00a0<a style=\"font-style: inherit;color: #016ca2\" href=\"http:\/\/elpais.com\/tag\/proceso_paz_colombia\/a\">el proceso de paz con las FARC<\/a>ha agudizado la polarizaci\u00f3n. El pueblo que se dividi\u00f3 entre el s\u00ed y el no frente al acuerdo con la guerrilla, es uno solo cuando se habla del ciclista boyacense, el hombre que dignifica el campo, que lo representa con orgullo.<\/div>\n<\/div>\n<section id=\"sumario_1|apoyos\" class=\"sumario_apoyos derecha\" style=\"font-style: inherit\"><a style=\"font-style: inherit;color: #016ca2\" name=\"sumario_1\"><\/a><\/p>\n<div class=\"sumario__interior\" style=\"font-style: inherit\">\n<header class=\"sumario-encabezado\" style=\"font-style: inherit\">\n<h3 class=\"sumario-titulo\" style=\"font-style: inherit;color: #111111\"><span class=\"sin_enlace\" style=\"font-weight: inherit;font-style: inherit\">M\u00c1S INFORMACI\u00d3N<\/span><\/h3>\n<\/header>\n<div class=\"sumario-texto\" style=\"font-style: inherit\">\n<div class=\"apoyos\" style=\"font-style: inherit\">\n<ul class=\"apoyos-listado\" style=\"font-style: inherit\">\n<li class=\"apoyo_ apoyo_foto\" style=\"font-style: inherit\">\n<figure class=\"foto foto_w140\" style=\"font-style: inherit\"><img loading=\"lazy\" decoding=\"async\" style=\"font-style: inherit\" src=\"http:\/\/ep01.epimg.net\/deportes\/imagenes\/2017\/05\/25\/actualidad\/1495749145_729869_1495898231_sumarioapoyo_normal.jpg\" alt=\"Viaje a la cuesta donde se crio Nairo Quintana\" width=\"140\" height=\"100\" \/><\/figure>\n<p><span class=\"apoyo-titulo\" style=\"font-style: inherit\"><a style=\"font-style: inherit;color: #000000\" href=\"http:\/\/elpais.com\/tag\/nairo_alexander_quintana_rojas\/a\">Toda la informaci\u00f3n sobre Nairo Quintana en EL PA\u00cdS<\/a><\/span><\/li>\n<\/ul>\n<\/div>\n<\/div>\n<\/div>\n<\/section>\n<p style=\"font-style: inherit\">Su historia es de disciplina. En un pa\u00eds en donde el apoyo al deporte es casi nulo y al campo se le mira de reojo, no fue f\u00e1cil terminar en donde est\u00e1. Luis, su padre, habla del esfuerzo que tuvieron que hacer para que su hijo pudiera dedicarse al ciclismo. Nunca fueron pobres, pero reconoce que sostener la carrera de un deportista que est\u00e1 empezando requiere sacrificio. \u201cA veces no ten\u00edamos c\u00f3mo patrocinarle los viajes para que compitiera, pero cre\u00edmos en \u00e9l y por eso no dejamos de animarlo y de darle lo que pod\u00edamos\u201d.<\/p>\n<p style=\"font-style: inherit\">Fernando Fl\u00f3rez, exdirigente del\u00a0<a style=\"font-style: inherit;color: #016ca2\" href=\"https:\/\/www.indeportesboyaca.gov.co\/\">Instituto de Deporte de Boyac\u00e1<\/a>, fue uno de los primeros en creer. \u201cA Nairo no se le ha regalado nada. Todo es producto de su esfuerzo y de su disciplina. Se propuso ser el mejor ciclista del mundo y trabaja todos los d\u00edas para conseguirlo\u201d, dice. Recuerda que desde que el espa\u00f1ol Vicente Belda le hizo las primeras pruebas al ciclista, hace 10 a\u00f1os, sab\u00edan cu\u00e1l era su potencial.<\/p>\n<p style=\"font-style: inherit\">Pronto, el hombre de 1,67 de estatura y 58 kilos de peso estaba haciendo historia en el ciclismo colombiano.\u00a0<a style=\"font-style: inherit;color: #016ca2\" href=\"http:\/\/deportes.elpais.com\/deportes\/2014\/06\/01\/actualidad\/1401637499_412443.html\">Ganador del Giro de Italia<\/a>,\u00a0<a style=\"font-style: inherit;color: #016ca2\" href=\"http:\/\/www.elespectador.com\/deportes\/ciclismo\/oficial-nairo-quintana-el-campeon-de-vuelta-espana-2016-articulo-654196\">campe\u00f3n de la Vuelta a Espa\u00f1a<\/a>\u00a0y\u00a0<a style=\"font-style: inherit;color: #016ca2\" href=\"http:\/\/www.elespectador.com\/deportes\/ciclismo\/nairo-quintana-subcampeon-del-tour-de-francia-articulo-434972\">subcampe\u00f3n del Tour de Francia<\/a>. En Colombia se empez\u00f3 a hablar como nunca antes de C\u00f3mbita, su pueblo, y todos voltearon a mirar las monta\u00f1as de Boyac\u00e1. Luis, sentado frente al televisor que cuelga de una de las paredes de la tienda, aplaude cada vez que aparece el equipo Movistar. Dice que su hijo ya se lo dio todo. Es una etapa del Giro de Italia y el colombiano se manten\u00eda de segundo en la posici\u00f3n general. \u201cSiempre hay que esperar, tener calma. \u00c9l sabe c\u00f3mo hace las cosas, es muy inteligente\u201d, afirma, mientras juega con un gato. Elo\u00edsa, m\u00e1s seria, advierte que cuando est\u00e1 viendo competir a su hijo prefiere estar en silencio. Nairo se parece a ella. Es de pocas palabras, pero cuando habla es claro y contundente.<\/p>\n<p style=\"font-style: inherit\">El orgullo con el que se refiere a su origen y sus reclamos para que el pa\u00eds deje de marginar al campo, lo ha mostrado como un hombre con temple, que sabe lo que quiere. No le gusta meterse en pol\u00edtica y por eso ha sido esquivo a que usen su imagen con esos fines. \u201c\u00c9l no olvida sus or\u00edgenes, en estas monta\u00f1as se hizo. Se crio a m\u00e1s de 3.000 metros sobre el nivel del mar. Es un hombre que respira fuerte\u201d, asegura Fl\u00f3rez, que guarda como un tesoro las fotos de Nairo cuando ten\u00eda 19 a\u00f1os y llevaba el uniforme de\u00a0<em>Boyac\u00e1 es para vivirla<\/em>. El mismo equipo que ahora apadrina. \u201cEs el mejor ciclista de Colombia, pero como persona es superior\u201d, dice su amigo.<\/p>\n<\/div>\n","protected":false},"excerpt":{"rendered":"<p>Decenas de turistas y aficionados visitan a diario en las monta\u00f1as la casa de los padres del ciclista colombiano, segundo en el Giro de Italia<\/p>\n","protected":false},"author":5842,"featured_media":0,"comment_status":"open","ping_status":"open","sticky":false,"template":"","format":"standard","meta":{"footnotes":""},"categories":[28],"tags":[],"class_list":["post-471833","post","type-post","status-publish","format-standard","hentry","category-deportes"],"_links":{"self":[{"href":"https:\/\/diarioelpopular.com\/index.php\/wp-json\/wp\/v2\/posts\/471833","targetHints":{"allow":["GET"]}}],"collection":[{"href":"https:\/\/diarioelpopular.com\/index.php\/wp-json\/wp\/v2\/posts"}],"about":[{"href":"https:\/\/diarioelpopular.com\/index.php\/wp-json\/wp\/v2\/types\/post"}],"author":[{"embeddable":true,"href":"https:\/\/diarioelpopular.com\/index.php\/wp-json\/wp\/v2\/users\/5842"}],"replies":[{"embeddable":true,"href":"https:\/\/diarioelpopular.com\/index.php\/wp-json\/wp\/v2\/comments?post=471833"}],"version-history":[{"count":1,"href":"https:\/\/diarioelpopular.com\/index.php\/wp-json\/wp\/v2\/posts\/471833\/revisions"}],"predecessor-version":[{"id":471835,"href":"https:\/\/diarioelpopular.com\/index.php\/wp-json\/wp\/v2\/posts\/471833\/revisions\/471835"}],"wp:attachment":[{"href":"https:\/\/diarioelpopular.com\/index.php\/wp-json\/wp\/v2\/media?parent=471833"}],"wp:term":[{"taxonomy":"category","embeddable":true,"href":"https:\/\/diarioelpopular.com\/index.php\/wp-json\/wp\/v2\/categories?post=471833"},{"taxonomy":"post_tag","embeddable":true,"href":"https:\/\/diarioelpopular.com\/index.php\/wp-json\/wp\/v2\/tags?post=471833"}],"curies":[{"name":"wp","href":"https:\/\/api.w.org\/{rel}","templated":true}]}}