{"id":472434,"date":"2017-07-14T09:45:55","date_gmt":"2017-07-14T13:45:55","guid":{"rendered":"http:\/\/diarioelpopular.com\/?p=472434"},"modified":"2017-07-14T09:45:55","modified_gmt":"2017-07-14T13:45:55","slug":"ecuador-destapa-las-deudas-ocultas-de-la-gestion-de-correa","status":"publish","type":"post","link":"https:\/\/diarioelpopular.com\/index.php\/2017\/07\/14\/ecuador-destapa-las-deudas-ocultas-de-la-gestion-de-correa\/","title":{"rendered":"Ecuador destapa las deudas ocultas de la gesti\u00f3n de Correa"},"content":{"rendered":"<div id=\"attachment_472435\" style=\"width: 570px\" class=\"wp-caption aligncenter\"><a href=\"https:\/\/diarioelpopular.com\/wp-content\/uploads\/2017\/07\/1499989552_044307_1499989775_noticia_normal_recorte1.jpg\"><img loading=\"lazy\" decoding=\"async\" aria-describedby=\"caption-attachment-472435\" class=\"size-large wp-image-472435\" src=\"https:\/\/diarioelpopular.com\/wp-content\/uploads\/2017\/07\/1499989552_044307_1499989775_noticia_normal_recorte1-560x365.jpg\" alt=\"El expresidente de Ecuador Rafael Correa antes de su viaje a B\u00e9lgica. \" width=\"560\" height=\"365\" \/><\/a><p id=\"caption-attachment-472435\" class=\"wp-caption-text\">El expresidente de Ecuador Rafael Correa antes de su viaje a B\u00e9lgica.<\/p><\/div>\n<p style=\"color: #444444\">El Gobierno de\u00a0<a style=\"font-style: inherit;color: #016ca2\" href=\"https:\/\/elpais.com\/tag\/rafael_correa\/a\">Rafael Correa<\/a>\u00a0dej\u00f3 a Ecuador con una deuda de 27.871 millones de d\u00f3lares, seg\u00fan la cifra oficial que el expresidente leg\u00f3 a su sucesor, su copartidario de Alianza PA\u00cdS\u00a0<a style=\"font-style: inherit;color: #016ca2\" href=\"https:\/\/internacional.elpais.com\/internacional\/2017\/05\/25\/america\/1495663470_159895.html\">Len\u00edn Moreno<\/a>.<\/p>\n<div id=\"elpais_gpt-INTEXT\" style=\"color: #444444\">\n<div id=\"google_ads_iframe_\/7811748\/elpais_web\/internacional\/intext_0__container__\" style=\"font-style: inherit\">Pero en los primeros 50 d\u00edas del nuevo Gobierno han ido apareciendo montos pendientes desconocidos hasta ahora. La suma agregada ya va por los 41.893 millones de d\u00f3lares y, seg\u00fan distintos analistas, se queda corta para lo que el pa\u00eds sudamericano tiene pendiente de pago.<\/div>\n<\/div>\n<p>El expresidente asegur\u00f3 en su despedida que dejaba \u201cla mesa servida\u201d, \u201csin sobresaltos\u201d y \u201ccon la mayor\u00eda de problemas resueltos\u201d. Pero el legado econ\u00f3mico de los 10 a\u00f1os del Gobierno de Correa se ha revelado como m\u00e1s complicado de lo prometido.<\/p>\n<p>En medio de una brecha creciente entre la pasada y la actual Administraci\u00f3n,<a style=\"font-style: inherit;color: #016ca2\" href=\"https:\/\/internacional.elpais.com\/internacional\/2017\/05\/25\/america\/1495663470_159895.html\">Moreno<\/a>\u00a0ha anunciado: \u201cNo hay tal mesa servida, esa es la pura y neta verdad\u201d. El presidente ecuatoriano ha declarado p\u00fablicamente que \u201cse pod\u00eda haber sido un poquito m\u00e1s mesurado en dejar cuentas en mejores condiciones\u201d, con lo cual aumenta el distanciamiento con su antecesor.<\/p>\n<p>En sus \u00faltimos dos a\u00f1os, Correa se enfrent\u00f3 a una ca\u00edda de precios del petr\u00f3leo con una econom\u00eda dolarizada \u2014que no permite ajustes monetarios\u2014 y fuertemente dependiente de las materias primas.<\/p>\n<p>Seg\u00fan las estad\u00edsticas oficiales y las facturas pendientes reveladas, la crisis pr\u00e1cticamente se comi\u00f3 lo generado por el pa\u00eds en su m\u00e1s larga etapa de bonanza econ\u00f3mica.Los 27.871 millones de d\u00f3lares de deuda oficial no inclu\u00edan en su metodolog\u00eda de c\u00e1lculo las cuentas pendientes del Estado con instituciones p\u00fablicas porque, seg\u00fan se explic\u00f3 entonces, no tiene sentido contar como deuda lo que el Estado le debe al Estado, aunque sean entes p\u00fablicos diferentes.<\/p>\n<p>Eso permit\u00eda manejar un monto que no exced\u00eda el l\u00edmite constitucional del 40% del PIB. Pero al tomar en cuenta la deuda externa y la interna, la cifra sube a casi 42.000 millones de d\u00f3lares (el 42% de la econom\u00eda nacional) y sigue sin incluir impagos de la gesti\u00f3n anterior.<\/p>\n<p>El ministro de Hidrocarburos, Carlos P\u00e9rez, reconoci\u00f3 que\u00a0<a style=\"font-style: inherit;color: #016ca2\" href=\"https:\/\/elpais.com\/tag\/ecuador\/a\">Ecuador<\/a>\u00a0debe a empresas petroleras en torno a 2.000 millones de d\u00f3lares por los servicios de explotaci\u00f3n que no han podido pagarse en los \u00faltimos a\u00f1os, incluidos 1.000 millones pendientes con Schlumberger cuyas f\u00f3rmulas de pagos est\u00e1n ahora sobre la mesa de negociaci\u00f3n.<\/p>\n<p>El pa\u00eds entr\u00f3 en mora con las petroleras debido al modelo de contrato, cuestionado por P\u00e9rez, donde se paga a las privadas un precio fijo por barril extra\u00eddo que no toma en cuenta si el crudo se abarata o se encarece.<\/p>\n<p>Durante los a\u00f1os dorados del petr\u00f3leo, este modelo benefici\u00f3 al pa\u00eds, pero desde 2014 ha ido sumando pendiente a las cuentas estatales. Tampoco se pueden dejar fuera los 1.500 millones comprometidos como anticipos petroleros con China y Tailandia a cambio de pr\u00e9stamos.Tambi\u00e9n se han desempolvado pendientes en el \u00e1mbito laboral y de la Seguridad Social.<\/p>\n<p>El ministro de Trabajo, Ra\u00fal Clemente Ledesma, ha estimado en los \u00faltimos d\u00edas que se debe a jubilados del sector p\u00fablico m\u00e1s de 1.100 millones de d\u00f3lares. Se ha pedido un pr\u00e9stamo a organismos multilaterales de 150 millones de d\u00f3lares para poder pagar cuanto antes a los mayores de 70 a\u00f1os, discapacitados y a quienes sufran enfermedades catastr\u00f3ficas.<\/p>\n<p>Para los dem\u00e1s, se permitir\u00e1 el pago a trav\u00e9s de bonos. A la Seguridad Social, el Estado le debe unos 7.000 millones de d\u00f3lares correspondientes a bonos del Estado que el organismo ha ido comprando para dar liquidez a la caja fiscal. Pero no es lo \u00fanico.<\/p>\n<p>La Contralor\u00eda General del Estado \u2014el ente que fiscaliza al sector p\u00fablico\u2014 ha a\u00f1adido a ese monto otros 2.800 millones de una deuda que el Gobierno de Correa hab\u00eda borrado de las cuentas del Instituto Ecuatoriano de la (IESS) porque, seg\u00fan indicaron las autoridades en su d\u00eda, no estaba bien cuantificada ni sustentada en documentos.<\/p>\n<p>El \u00f3rgano de control invalid\u00f3 la decisi\u00f3n y ha obligado al IESS a incluirla en sus facturas pendientes de cobro, pese a que el Ministerio de Finanzas sigue cuestion\u00e1ndola. Pese a estas actualizaciones, los analistas aseguran que el agujero pendiente sigue siendo m\u00e1s alto de lo que se conoce.<\/p>\n<p>Fausto Ortiz, exministro de Finanzas en los primeros a\u00f1os del Gobierno de Correa, recuerda que hace un mes, el Banco Central de Ecuador acept\u00f3 como daci\u00f3n en pago acciones de entidades bancarias estatales a cambio de reducir la deuda que el Gobierno acumul\u00f3 desde finales de 2015 a trav\u00e9s de bonos.<\/p>\n<p>El BCE, a priori inhabilitado por naturaleza a hacer pr\u00e9stamos, fue comprando papel de Finanzas como mecanismo para inyectar liquidez a la econom\u00eda. Para este, la deuda de Ecuador asciende a no menos de 46.000 millones de d\u00f3lares.<\/p>\n<section id=\"sumario_1|despiece\" class=\"sumario_despiece centro\"><a style=\"font-style: inherit;color: #016ca2\" name=\"sumario_1\"><\/a><\/p>\n<div class=\"sumario__interior\" style=\"font-style: inherit\">\n<header class=\"sumario-encabezado\" style=\"font-style: inherit\">\n<h4 class=\"sumario-titulo\" style=\"font-style: inherit;color: #111111\"><span class=\"sin_enlace\" style=\"font-weight: inherit;font-style: inherit\">UNA DEUDA DE 56.000 MILLONES DE D\u00d3LARES<\/span><\/h4>\n<\/header>\n<div class=\"sumario-texto\" style=\"font-style: inherit\">\n<p style=\"font-style: inherit\">Para Alberto Acosta Burneo, asesor econ\u00f3mico y editor de la revista An\u00e1lisis Semanal, no se pueden dejar fuera los cerca de 350 millones de d\u00f3lares que se pidieron prestados al FMI el a\u00f1o pasado para que ayudaran a la reconstrucci\u00f3n del terremoto en el norte del pa\u00eds y que finalmente tambi\u00e9n se incorporaron al flujo de liquidez. Tampoco otros papeles del Estado (certificados de tesorer\u00eda y t\u00edtulos del Banco Central) que se adeudan a contratistas del Estado, municipios y gobiernos provinciales y otros entes privados. En total, calcula Acosta, hacen falta recursos para cubrir una deuda de 56.000 millones de d\u00f3lares.<\/p>\n<\/div>\n<\/div>\n<\/section>\n","protected":false},"excerpt":{"rendered":"<p>En los \u00faltimos d\u00edas han aparecido montos antes no contemplados relacionados con la deuda petrolera<\/p>\n","protected":false},"author":5842,"featured_media":0,"comment_status":"open","ping_status":"open","sticky":false,"template":"","format":"standard","meta":{"footnotes":""},"categories":[1],"tags":[],"class_list":["post-472434","post","type-post","status-publish","format-standard","hentry","category-uncategorized"],"_links":{"self":[{"href":"https:\/\/diarioelpopular.com\/index.php\/wp-json\/wp\/v2\/posts\/472434","targetHints":{"allow":["GET"]}}],"collection":[{"href":"https:\/\/diarioelpopular.com\/index.php\/wp-json\/wp\/v2\/posts"}],"about":[{"href":"https:\/\/diarioelpopular.com\/index.php\/wp-json\/wp\/v2\/types\/post"}],"author":[{"embeddable":true,"href":"https:\/\/diarioelpopular.com\/index.php\/wp-json\/wp\/v2\/users\/5842"}],"replies":[{"embeddable":true,"href":"https:\/\/diarioelpopular.com\/index.php\/wp-json\/wp\/v2\/comments?post=472434"}],"version-history":[{"count":1,"href":"https:\/\/diarioelpopular.com\/index.php\/wp-json\/wp\/v2\/posts\/472434\/revisions"}],"predecessor-version":[{"id":472436,"href":"https:\/\/diarioelpopular.com\/index.php\/wp-json\/wp\/v2\/posts\/472434\/revisions\/472436"}],"wp:attachment":[{"href":"https:\/\/diarioelpopular.com\/index.php\/wp-json\/wp\/v2\/media?parent=472434"}],"wp:term":[{"taxonomy":"category","embeddable":true,"href":"https:\/\/diarioelpopular.com\/index.php\/wp-json\/wp\/v2\/categories?post=472434"},{"taxonomy":"post_tag","embeddable":true,"href":"https:\/\/diarioelpopular.com\/index.php\/wp-json\/wp\/v2\/tags?post=472434"}],"curies":[{"name":"wp","href":"https:\/\/api.w.org\/{rel}","templated":true}]}}