{"id":472706,"date":"2017-08-03T10:49:05","date_gmt":"2017-08-03T14:49:05","guid":{"rendered":"http:\/\/diarioelpopular.com\/?p=472706"},"modified":"2017-08-03T10:49:05","modified_gmt":"2017-08-03T14:49:05","slug":"la-liga-rechaza-el-pago-de-los-222-millones-de-euros-de-la-clausula-de-neymar","status":"publish","type":"post","link":"https:\/\/diarioelpopular.com\/index.php\/2017\/08\/03\/la-liga-rechaza-el-pago-de-los-222-millones-de-euros-de-la-clausula-de-neymar\/","title":{"rendered":"La Liga rechaza el pago de los 222 millones de euros de la cl\u00e1usula de Neymar"},"content":{"rendered":"<p>&nbsp;<\/p>\n<div id=\"attachment_472707\" style=\"width: 570px\" class=\"wp-caption aligncenter\"><a href=\"https:\/\/diarioelpopular.com\/wp-content\/uploads\/2017\/08\/1501744512_473313_1501760492_noticia_fotograma.jpg\"><img loading=\"lazy\" decoding=\"async\" aria-describedby=\"caption-attachment-472707\" class=\"size-large wp-image-472707\" src=\"https:\/\/diarioelpopular.com\/wp-content\/uploads\/2017\/08\/1501744512_473313_1501760492_noticia_fotograma-560x315.jpg\" alt=\"Neymar, con la camiseta del Barcelona en un partido de la Liga 16-17.\" width=\"560\" height=\"315\" \/><\/a><p id=\"caption-attachment-472707\" class=\"wp-caption-text\">Neymar, con la camiseta del Barcelona en un partido de la Liga 16-17.<\/p><\/div>\n<p><a style=\"color: #016ca2\" href=\"https:\/\/elpais.com\/tag\/liga_espanola_de_futbol\/a\">La Liga<\/a><span style=\"color: #444444\">\u00a0ha rechazado este jueves el dep\u00f3sito de la cl\u00e1usula de rescisi\u00f3n que los abogados de Neymar estaban dispuestos a realizar.\u00a0<\/span><a style=\"color: #016ca2\" href=\"https:\/\/elpais.com\/tag\/neymar_da_silva_santos_junior\/a\"><strong style=\"font-style: inherit\">Neymar<\/strong><\/a><span style=\"color: #444444\">, que pretende jugar a partir de esta temporada en el\u00a0<\/span><strong style=\"color: #444444\"><a style=\"font-weight: inherit;font-style: inherit;color: #016ca2\" href=\"https:\/\/elpais.com\/tag\/paris_saint_germain\/a\">Paris Saint Germain (PSG)<\/a>,<\/strong><span style=\"color: #444444\">\u00a0quer\u00eda destrabar su salida del Barcelona con los 222 millones de euros que exige su contrato para poner fin\u00a0<\/span><a style=\"color: #016ca2\" href=\"https:\/\/elpais.com\/deportes\/2017\/07\/30\/actualidad\/1501429062_479994.html\">al cap\u00edtulo de enredo infinito<\/a><span style=\"color: #444444\">\u00a0que ha tra\u00eddo de cabeza al club azulgrana durante el verano.\u00a0<\/span><a style=\"color: #016ca2\" href=\"https:\/\/elpais.com\/deportes\/2017\/08\/02\/actualidad\/1501667366_128567.html\">La Liga hab\u00eda anunciado el mi\u00e9rcoles que no iba a aceptar el pago de dicha cl\u00e1usula<\/a><span style=\"color: #444444\">\u00a0por considerar que incumple con las reglas de juego limpio financiero y as\u00ed lo ha hecho, seg\u00fan ha podido confirmar EL PA\u00cdS. Es la primera vez que el organismo act\u00faa de esta manera y no ha dado explicaciones oficiales sobre las causas del rechazo.<\/span><\/p>\n<p><span style=\"color: #444444\">La entidad que dirige Javier Tebas no tiene competencias para juzgar si un club como el PSG cumple con las reglas de juego limpio financiero. Por eso, la Ligue 1 francesa ha emitido un comunicado para pedirle a La Liga que no bloquee el traspaso del brasile\u00f1o y que &#8220;se ajuste al reglamento de la FIFA y sus atribuciones&#8221;.<\/span><\/p>\n<p style=\"color: #444444\">El tr\u00e1mite para el pago de la cl\u00e1usula se ejecuta en la sede de\u00a0<a style=\"font-style: inherit;color: #016ca2\" href=\"https:\/\/elpais.com\/tag\/liga_espanola_de_futbol\/a\">La Liga<\/a>. Normalmente, se realiza con un cheque que emite el club que ficha a favor del club de procedencia. Para hacer este proceso hay varias f\u00f3rmulas. Lo habitual es que se personen el jugador y el club, o un apoderado de los dos, pero el \u00fanico imprescindible es el futbolista (o su representante), que es quien rompe el contrato, como ha sucedido en este caso.<\/p>\n<p style=\"color: #444444\">El club franc\u00e9s, propiedad del multimillonario catar\u00ed Nasser al-Khelaifi,\u00a0<a style=\"font-style: inherit;color: #016ca2\" href=\"https:\/\/elpais.com\/deportes\/2017\/08\/01\/actualidad\/1501600328_904555.html\">pondr\u00e1 patas arriba el mercado<\/a>\u00a0con un traspaso que supera en 100 millones de euros al anterior m\u00e1s caro de la historia, el de Pogba de la Juventus al Manchester United por 120 millones. Hasta ahora, el fichaje m\u00e1s caro de esta ventana de verano hab\u00eda sido Lukaku (Manchester United, 84 millones), seguido de Morata (Chelsea, 80), Mendy (City, 57 millones) y Lacazette (Arsenal, 53 millones).<\/p>\n<p style=\"color: #444444\">El mi\u00e9rcoles,\u00a0<a style=\"font-style: inherit;color: #016ca2\" href=\"https:\/\/elpais.com\/deportes\/2017\/08\/02\/actualidad\/1501660136_435053.html\"><strong style=\"font-style: inherit\">Neymar<\/strong>\u00a0hab\u00eda pasado por el club para despedirse de sus compa\u00f1eros<\/a>\u00a0y el Barcelona hab\u00eda hecho oficial su intenci\u00f3n de marcharse. Lionel Messi, su ahora excompa\u00f1ero, lo hab\u00eda homenajeado\u00a0<a style=\"font-style: inherit;color: #016ca2\" href=\"https:\/\/elpais.com\/deportes\/2017\/08\/02\/actualidad\/1501685976_408238.html\">a trav\u00e9s de una de sus redes sociales<\/a>\u00a0con un afectuoso mensaje acompa\u00f1ado de un v\u00eddeo. El Bar\u00e7a le dio permiso para no entrenar y solucionar su futuro.<\/p>\n<p style=\"color: #444444\">El traspaso de\u00a0<a style=\"font-style: inherit;color: #016ca2\" href=\"https:\/\/es.wikipedia.org\/wiki\/Neymar\" target=\"_blank\"><strong style=\"font-style: inherit\">Neymar<\/strong><\/a>\u00a0supondr\u00e1 tambi\u00e9n, l\u00f3gicamente,\u00a0<a style=\"font-style: inherit;color: #016ca2\" href=\"https:\/\/elpais.com\/deportes\/2017\/07\/19\/actualidad\/1500479691_736383.html\">la venta m\u00e1s cara de un club espa\u00f1ol<\/a>. De hecho, el Barcelona recibe con esta operaci\u00f3n pr\u00e1cticamente la mitad de lo que hasta ahora hab\u00edan ingresado todos los equipos de la Liga con sus ventas este verano.<\/p>\n<p style=\"color: #444444\">El delantero brasile\u00f1o se va del Barcelona tras cuatro temporadas, 186 partidos, 105 goles, 80 asistencias y noches para el recuerdo azulgrana como\u00a0<a style=\"font-style: inherit;color: #016ca2\" href=\"https:\/\/elpais.com\/deportes\/2017\/03\/08\/actualidad\/1489003276_152168.html\">la remontada contra el PSG en Champions<\/a>, que \u00e9l mismo lider\u00f3. Su paso por Espa\u00f1a tambi\u00e9n deja tambi\u00e9n un club judicializado por su fichaje, caso que est\u00e1 en los tribunales.<\/p>\n","protected":false},"excerpt":{"rendered":"<p>La Ligue 1 francesa pide a Tebas que &#8220;se ajuste al reglamento de la FIFA y sus atribuciones&#8221; y no bloquee el traspaso del brasile\u00f1o<\/p>\n","protected":false},"author":5842,"featured_media":0,"comment_status":"open","ping_status":"open","sticky":false,"template":"","format":"standard","meta":{"footnotes":""},"categories":[28],"tags":[],"class_list":["post-472706","post","type-post","status-publish","format-standard","hentry","category-deportes"],"_links":{"self":[{"href":"https:\/\/diarioelpopular.com\/index.php\/wp-json\/wp\/v2\/posts\/472706","targetHints":{"allow":["GET"]}}],"collection":[{"href":"https:\/\/diarioelpopular.com\/index.php\/wp-json\/wp\/v2\/posts"}],"about":[{"href":"https:\/\/diarioelpopular.com\/index.php\/wp-json\/wp\/v2\/types\/post"}],"author":[{"embeddable":true,"href":"https:\/\/diarioelpopular.com\/index.php\/wp-json\/wp\/v2\/users\/5842"}],"replies":[{"embeddable":true,"href":"https:\/\/diarioelpopular.com\/index.php\/wp-json\/wp\/v2\/comments?post=472706"}],"version-history":[{"count":1,"href":"https:\/\/diarioelpopular.com\/index.php\/wp-json\/wp\/v2\/posts\/472706\/revisions"}],"predecessor-version":[{"id":472708,"href":"https:\/\/diarioelpopular.com\/index.php\/wp-json\/wp\/v2\/posts\/472706\/revisions\/472708"}],"wp:attachment":[{"href":"https:\/\/diarioelpopular.com\/index.php\/wp-json\/wp\/v2\/media?parent=472706"}],"wp:term":[{"taxonomy":"category","embeddable":true,"href":"https:\/\/diarioelpopular.com\/index.php\/wp-json\/wp\/v2\/categories?post=472706"},{"taxonomy":"post_tag","embeddable":true,"href":"https:\/\/diarioelpopular.com\/index.php\/wp-json\/wp\/v2\/tags?post=472706"}],"curies":[{"name":"wp","href":"https:\/\/api.w.org\/{rel}","templated":true}]}}