{"id":472773,"date":"2017-08-11T21:16:44","date_gmt":"2017-08-12T01:16:44","guid":{"rendered":"http:\/\/diarioelpopular.com\/?p=472773"},"modified":"2017-08-11T21:16:44","modified_gmt":"2017-08-12T01:16:44","slug":"guerra-maradona-kempes-quien-apoya-dictaduras","status":"publish","type":"post","link":"https:\/\/diarioelpopular.com\/index.php\/2017\/08\/11\/guerra-maradona-kempes-quien-apoya-dictaduras\/","title":{"rendered":"Guerra Maradona-Kempes: \u00bfqui\u00e9n apoya dictaduras?"},"content":{"rendered":"<div id=\"attachment_472774\" style=\"width: 570px\" class=\"wp-caption aligncenter\"><a href=\"https:\/\/diarioelpopular.com\/wp-content\/uploads\/2017\/08\/1502464628_182325_1502465329_noticia_normal_recorte1.jpg\"><img loading=\"lazy\" decoding=\"async\" aria-describedby=\"caption-attachment-472774\" class=\"size-large wp-image-472774\" src=\"https:\/\/diarioelpopular.com\/wp-content\/uploads\/2017\/08\/1502464628_182325_1502465329_noticia_normal_recorte1-560x386.jpg\" alt=\"Portada publicada por Mario Kempes en su cuenta en Twitter. \" width=\"560\" height=\"386\" \/><\/a><p id=\"caption-attachment-472774\" class=\"wp-caption-text\">Portada publicada por Mario Kempes en su cuenta en Twitter.<\/p><\/div>\n<p class=\"x_MsoNormal\" style=\"color: #444444\">La estrecha vinculaci\u00f3n entre el f\u00fatbol y la pol\u00edtica en<a style=\"font-style: inherit;color: #016ca2\" href=\"https:\/\/elpais.com\/tag\/c\/d31a99f6b78c9aa002fbcf7885771899\">Argentina<\/a>\u00a0no requiere mucha explicaci\u00f3n. Basta decir que<a style=\"font-style: inherit;color: #016ca2\" href=\"https:\/\/elpais.com\/tag\/mauricio_macri\/a\" target=\"_blank\">el presidente, Mauricio Macri,<\/a>\u00a0lleg\u00f3 a la pol\u00edtica despu\u00e9s de dirigir durante 12 a\u00f1os el club\u00a0<a style=\"font-style: inherit;color: #016ca2\" href=\"http:\/\/www.bocajuniors.com.ar\/\" target=\"_blank\">Boca Juniors.<\/a>\u00a0Los pol\u00edticos m\u00e1s importantes y hasta los sindicalistas clave tienen su pata en el f\u00fatbol. En Argentina no se puede estar desvinculado del bal\u00f3n. Es imposible. Pero tambi\u00e9n los jugadores son referentes pol\u00edticos. Lo que dicen afecta a las elecciones. Cuando\u00a0<a style=\"font-style: inherit;color: #016ca2\" href=\"https:\/\/elpais.com\/tag\/carlos_alberto_tevez\/a\" target=\"_blank\">Carlos Tevez,<\/a>\u00a0con el kirchnerismo en el poder, critic\u00f3 la pobreza que hab\u00eda visto en Formosa, la pol\u00e9mica fue enorme y le acusaron de hacer campa\u00f1a a favor de Macri, su amigo. Pero nadie arrastra tanto peso pol\u00edtico y pol\u00e9mica como\u00a0<a style=\"font-style: inherit;color: #016ca2\" href=\"https:\/\/elpais.com\/tag\/diego_armando_maradona\/a\" target=\"_blank\">Diego Armando Maradona.<\/a><\/p>\n<div id=\"elpais_gpt-INTEXT\" style=\"color: #444444\">\n<div id=\"google_ads_iframe_\/7811748\/elpais_web\/internacional\/intext_0__container__\" style=\"font-style: inherit\"><a style=\"font-style: inherit;color: #016ca2\" href=\"https:\/\/elpais.com\/internacional\/2017\/08\/08\/actualidad\/1502202472_354599.html\" target=\"_blank\">Su apoyo al r\u00e9gimen de Nicol\u00e1s Maduro<\/a>\u00a0ha provocado una ola de cr\u00edticas y ha abierto\u00a0<a style=\"font-style: inherit;color: #016ca2\" href=\"https:\/\/elpais.com\/internacional\/2017\/08\/09\/actualidad\/1502263005_947417.html?id_externo_rsoc=TW_CC\" target=\"_blank\">una inesperada guerra con Mario Kempes<\/a>, otro referente hist\u00f3rico del f\u00fatbol argentino, que ha acabado con\u00a0<em>el matador<\/em>\u00a0defendi\u00e9ndose de su supuesto apoyo a la\u00a0<a style=\"font-style: inherit;color: #016ca2\" href=\"https:\/\/elpais.com\/tag\/dictadura_argentina\/a\" target=\"_blank\">dictadura argentina (1976-1983).<\/a><\/div>\n<\/div>\n<p class=\"x_MsoNormal\" style=\"color: #444444\">En el pa\u00eds austral, dominado por la llamada grieta, esto es la divisi\u00f3n pol\u00edtica, Kempes fue machacado en las redes por el sector m\u00e1s izquierdista cuando critic\u00f3 a Maradona porque el 10 hab\u00eda dicho que estaba dispuesto a luchar como un soldado para apoyar a Maduro. \u201cSomos chavistas hasta la muerte\u201d, dec\u00eda Maradona. El exjugador del Valencia le contest\u00f3 abiertamente en twitter: \u201cC\u00f3mo puedes apoyar la muerte de 124 j\u00f3venes, por defender la libertad y la democracia de su pa\u00eds. No a la dictadura!\u201d.<\/p>\n<section id=\"sumario_1|html\" class=\"sumario_html izquierda\" style=\"color: #444444\"><a style=\"font-style: inherit;color: #016ca2\" name=\"sumario_1\"><\/a><\/p>\n<div class=\"sumario__interior\" style=\"font-style: inherit\">\n<div class=\"sumario-texto\" style=\"font-style: inherit\">\n<div class=\"SandboxRoot env-bp-min\" style=\"color: #1c2022\">\n<div id=\"twitter-widget-0\" class=\"EmbeddedTweet EmbeddedTweet--edge js-clickToOpenTarget tweet-InformationCircle-widgetParent\" lang=\"es\">\n<div class=\"EmbeddedTweet-tweet\">\n<blockquote class=\"Tweet h-entry js-tweetIdInfo subject expanded \n<p>                    is-deciderHtmlWhitespace\" cite=\"https:\/\/twitter.com\/ESPNMarioKempes\/status\/894947129365540866\"><\/p>\n<div class=\"Tweet-header u-cf\">\n<div class=\"Tweet-brand u-floatRight\"><\/div>\n<div class=\"TweetAuthor \"><a class=\"TweetAuthor-link Identity u-linkBlend\" style=\"color: inherit\" href=\"https:\/\/twitter.com\/ESPNMarioKempes\"><span class=\"TweetAuthor-avatar Identity-avatar\"><img decoding=\"async\" class=\"Avatar Avatar--edge\" src=\"https:\/\/pbs.twimg.com\/profile_images\/712609874304233472\/pI4Tg7WE_normal.jpg\" alt=\"\" \/><\/span><span class=\"TweetAuthor-name Identity-name customisable-highlight\" style=\"font-weight: bold\" title=\"Mario Kempes\">Mario Kempes<\/span>\u00a0<\/a><\/p>\n<div class=\"Icon Icon--verified \" title=\"Cuenta verificada\"><\/div>\n<p><a class=\"TweetAuthor-link Identity u-linkBlend\" style=\"color: inherit\" href=\"https:\/\/twitter.com\/ESPNMarioKempes\"><span class=\"TweetAuthor-verifiedBadge\"><span class=\"u-hiddenVisually\">\u2714<\/span><\/span><span class=\"TweetAuthor-screenName Identity-screenName\" dir=\"ltr\" style=\"color: #697882\" title=\"@ESPNMarioKempes\">@ESPNMarioKempes<\/span><\/a><\/div>\n<\/div>\n<div class=\"Tweet-body e-entry-content\">\n<p class=\"Tweet-text e-entry-title\" dir=\"ltr\" lang=\"es\"><a class=\"PrettyLink profile customisable h-card\" style=\"color: #2b7bb9\" href=\"https:\/\/twitter.com\/diegomaradona\"><span class=\"PrettyLink-prefix\">@<\/span><span class=\"PrettyLink-value\">DiegoMaradona<\/span><\/a>, como puedes apoyar la muerte de 124 j\u00f3venes, por defender la libertad y Democracia de su Pa\u00eds !!NO A LA DICTADURA!<br \/>\n<img decoding=\"async\" class=\"Emoji Emoji--forText\" title=\"Flag of Venezuela\" src=\"https:\/\/abs.twimg.com\/emoji\/v2\/72x72\/1f1fb-1f1ea.png\" alt=\"\n<\/p>\n","protected":false},"excerpt":{"rendered":"<p>El respaldo a Maduro del 10 provoca una ola en la que Kempes acaba defendi\u00e9ndose de un supuesto apoyo a la dictadura argentina<\/p>\n","protected":false},"author":5842,"featured_media":0,"comment_status":"open","ping_status":"open","sticky":false,"template":"","format":"standard","meta":{"footnotes":""},"categories":[28,23],"tags":[],"class_list":["post-472773","post","type-post","status-publish","format-standard","hentry","category-deportes","category-latinoamerica"],"_links":{"self":[{"href":"https:\/\/diarioelpopular.com\/index.php\/wp-json\/wp\/v2\/posts\/472773","targetHints":{"allow":["GET"]}}],"collection":[{"href":"https:\/\/diarioelpopular.com\/index.php\/wp-json\/wp\/v2\/posts"}],"about":[{"href":"https:\/\/diarioelpopular.com\/index.php\/wp-json\/wp\/v2\/types\/post"}],"author":[{"embeddable":true,"href":"https:\/\/diarioelpopular.com\/index.php\/wp-json\/wp\/v2\/users\/5842"}],"replies":[{"embeddable":true,"href":"https:\/\/diarioelpopular.com\/index.php\/wp-json\/wp\/v2\/comments?post=472773"}],"version-history":[{"count":1,"href":"https:\/\/diarioelpopular.com\/index.php\/wp-json\/wp\/v2\/posts\/472773\/revisions"}],"predecessor-version":[{"id":472775,"href":"https:\/\/diarioelpopular.com\/index.php\/wp-json\/wp\/v2\/posts\/472773\/revisions\/472775"}],"wp:attachment":[{"href":"https:\/\/diarioelpopular.com\/index.php\/wp-json\/wp\/v2\/media?parent=472773"}],"wp:term":[{"taxonomy":"category","embeddable":true,"href":"https:\/\/diarioelpopular.com\/index.php\/wp-json\/wp\/v2\/categories?post=472773"},{"taxonomy":"post_tag","embeddable":true,"href":"https:\/\/diarioelpopular.com\/index.php\/wp-json\/wp\/v2\/tags?post=472773"}],"curies":[{"name":"wp","href":"https:\/\/api.w.org\/{rel}","templated":true}]}}