{"id":473782,"date":"2017-10-14T21:39:50","date_gmt":"2017-10-15T01:39:50","guid":{"rendered":"http:\/\/diarioelpopular.com\/?p=473782"},"modified":"2017-10-14T21:39:50","modified_gmt":"2017-10-15T01:39:50","slug":"cholet-una-mirada-a-la-arquitectura-neoandina-en-la-ciudad-mas-alta-de-bolivia","status":"publish","type":"post","link":"https:\/\/diarioelpopular.com\/index.php\/2017\/10\/14\/cholet-una-mirada-a-la-arquitectura-neoandina-en-la-ciudad-mas-alta-de-bolivia\/","title":{"rendered":"\u2018Cholet\u2019, una mirada a la arquitectura neoandina en la ciudad m\u00e1s alta de Bolivia"},"content":{"rendered":"<div id=\"attachment_473783\" style=\"width: 570px\" class=\"wp-caption aligncenter\"><a href=\"https:\/\/diarioelpopular.com\/wp-content\/uploads\/2017\/10\/1507862257_441025_1507940250_noticia_fotograma.jpg\"><img loading=\"lazy\" decoding=\"async\" aria-describedby=\"caption-attachment-473783\" class=\"size-large wp-image-473783\" src=\"https:\/\/diarioelpopular.com\/wp-content\/uploads\/2017\/10\/1507862257_441025_1507940250_noticia_fotograma-560x315.jpg\" alt=\"Fotograma de 'Cholet'. \" width=\"560\" height=\"315\" \/><\/a><p id=\"caption-attachment-473783\" class=\"wp-caption-text\">Fotograma de &#8216;Cholet&#8217;.<\/p><\/div>\n<p style=\"color: #444444\">Los\u00a0<em>cholet<\/em>, t\u00e9rmino originado por la combinaci\u00f3n de las palabras cholo \u2013como se denomina a la poblaci\u00f3n mestiza en Bolivia\u2013 y chalet, tienen hasta siete pisos, paredes de colores surrealistas y pueden contener desde un sal\u00f3n de fiestas, canchas sint\u00e9ticas de f\u00fatbol hasta un c\u00f3modo departamento. Son construcciones representativas de la nueva burgues\u00eda aimara.\u00a0<a style=\"font-style: inherit;color: #016ca2\" href=\"https:\/\/elviajero.elpais.com\/elviajero\/2017\/05\/11\/actualidad\/1494496878_118773.html\">Se levantan en la ciudad del El Alto<\/a>, una urbe que crece a pasos agigantados cerca de La Paz, donde estos nuevos ricos emergen con sus castillos rodeados de todas las clases sociales que habitan el lugar.<\/p>\n<div id=\"elpais_gpt-INTEXT\" style=\"color: #444444\">\n<div id=\"google_ads_iframe_\/7811748\/elpais_web\/cultura\/intext_0__container__\" style=\"font-style: inherit\">Al arquitecto e ingeniero Freddy Mamani, inmigrante aimara de 42 a\u00f1os, se le atribuye el surgimiento de esta neoarquitectura andina. El director brasile\u00f1o Isaac Niemand sinti\u00f3 fascinaci\u00f3n por estas edificaciones y todo el contexto social, pol\u00edtico y econ\u00f3mico que las rodea. As\u00ed naci\u00f3 el documental\u00a0<em>Cholet: la obra de Freddy Mamani<\/em>, que tuvo su estreno mundial la pasada semana en el Festival de Cine de Arquitectura de Rotterdam, en Pa\u00edses Bajos.<\/div>\n<\/div>\n<div id=\"inread1\" style=\"font-style: inherit\">\u00a0La transici\u00f3n de la playa a la urbe alte\u00f1a no fue f\u00e1cil, admite Niemand. Trabajar en una de las ciudades m\u00e1s altas del mundo, m\u00e1s de 4.000 metros sobre el nivel del mar, &#8220;fue duro&#8221;, al igual que seguir el ritmo de Mamani, ya que &#8220;trabaja mucho, sin parar&#8221;. El primer acercamiento del director brasile\u00f1o con la obra del arquitecto aimara fue mediante el trabajo fotogr\u00e1fico de Alfredo Zeballos en el libro\u00a0<em>Arquitectura Andina de Bolivia<\/em>.\u00a0<em>La obra de Freddy Mamani Silvestre<\/em>, de las autoras Elisabetta Andreoli y Ligia D&#8217;Andrea. &#8220;Yo tenia ya formada una idea a trav\u00e9s de las fotos, pero la sensaci\u00f3n de entrar a sus obras fue estupendo. Pasar del ambiente marr\u00f3n y sin color de las calles de El Alto a entrar en unos de sus salones, fue como entrar en un jard\u00edn sicod\u00e9lico en medio del desierto&#8221;, precisa Niemand.<\/div>\n<p style=\"color: #444444\">El filme se sumerge en elementos como la identidad aimara y la creaci\u00f3n de estos impactantes edificios inspirados en las gamas de colores de los aguayos, tejido utilizado por las mujeres, y la cosmovisi\u00f3n andina. La narrativa visual se ve reforzada por el factor pol\u00edtico, econ\u00f3mico y social para la construcci\u00f3n del hilo que gu\u00eda el filme, elementos que para Niemand eran fundamentales. \u201cEntender el contexto me ayuda a colocar en perspectiva la obra y disfrutarla mucho m\u00e1s. Todo lo que hab\u00eda visto hasta ese momento de Freddy era enfocado en el aspecto formal y creativo. Pero hay mucho m\u00e1s detr\u00e1s\u201d, explica el realizador.<\/p>\n<h3 style=\"color: #111111\">Influencia de Tiahuanaco<\/h3>\n<p style=\"color: #444444\">Niemand muestra a trav\u00e9s de las distintas voces del filme -Mamani, propietarios de las construcciones, economistas, arquitectos y soci\u00f3logos, entre otros- c\u00f3mo el\u00a0<em>cholet<\/em>\u00a0es una de las representaciones del ascenso de una clase que se empodera desde elementos propios de su cultura. \u201cEs bueno que ricos y pobres vivan juntos. Esto no es una zona residencial, la gente que prospera en el barrio con sus comercios y sus negocios no quiere marcharse fuera. Mis obras son como lunares esparcidos por la ciudad\u201d, explica Mamani.<\/p>\n<p style=\"color: #444444\">El documental tambi\u00e9n hace hincapi\u00e9 en la influencia de la arquitectura de Tiahuanaco, una cultura preincaica que se desarroll\u00f3 en los pa\u00edses de Bolivia, Per\u00fa y Chile, ejerce sobre su trabajo, seg\u00fan explica el arquitecto. A trav\u00e9s de su lente, Niemand retrata c\u00f3mo la reivindicaci\u00f3n ind\u00edgena, la iconograf\u00eda, los dise\u00f1os y el simbolismo geom\u00e9trico son parte de la creaci\u00f3n e inspiraci\u00f3n en la cabeza de Mamani a la hora de construir. \u201cMi trabajo es una restauraci\u00f3n de nuestros valores. Una recuperaci\u00f3n de nuestra identidad\u201d, afirm\u00f3 Mamani a medios locales.<\/p>\n<p class=\"gmail-m-745665109101421919gmail-p1\" style=\"color: #444444\">As\u00ed como el trabajo del ingeniero tiene sus seguidores, tambi\u00e9n tiene sus detractores. Los primeros ven en \u00e9l un artista e innovador. Los segundos creen que sus construcciones son m\u00e1s decoraci\u00f3n que arquitectura. Niemand dice que ambas opiniones son v\u00e1lidas, ya que ayudan a que el espectador llegue a sus propias conclusiones. \u201cFreddy trabaja, tiene clientes y un publico que lo adora, eso es lo que cuenta. Una gran parte del sector acad\u00e9mico est\u00e1 ah\u00ed para velar por las instituciones y normas que perpet\u00faan el\u00a0<em>status quo<\/em>. Cuando sus libros est\u00e1n impresos la realidad social ya ha cambiado\u201d, finaliza.<\/p>\n","protected":false},"excerpt":{"rendered":"<p>El director brasile\u00f1o Isaac Niemand ha presentado el documental en el Festival de Cine de Arquitectura de Rotterdam<\/p>\n","protected":false},"author":5842,"featured_media":0,"comment_status":"open","ping_status":"open","sticky":false,"template":"","format":"standard","meta":{"footnotes":""},"categories":[23],"tags":[],"class_list":["post-473782","post","type-post","status-publish","format-standard","hentry","category-latinoamerica"],"_links":{"self":[{"href":"https:\/\/diarioelpopular.com\/index.php\/wp-json\/wp\/v2\/posts\/473782","targetHints":{"allow":["GET"]}}],"collection":[{"href":"https:\/\/diarioelpopular.com\/index.php\/wp-json\/wp\/v2\/posts"}],"about":[{"href":"https:\/\/diarioelpopular.com\/index.php\/wp-json\/wp\/v2\/types\/post"}],"author":[{"embeddable":true,"href":"https:\/\/diarioelpopular.com\/index.php\/wp-json\/wp\/v2\/users\/5842"}],"replies":[{"embeddable":true,"href":"https:\/\/diarioelpopular.com\/index.php\/wp-json\/wp\/v2\/comments?post=473782"}],"version-history":[{"count":1,"href":"https:\/\/diarioelpopular.com\/index.php\/wp-json\/wp\/v2\/posts\/473782\/revisions"}],"predecessor-version":[{"id":473784,"href":"https:\/\/diarioelpopular.com\/index.php\/wp-json\/wp\/v2\/posts\/473782\/revisions\/473784"}],"wp:attachment":[{"href":"https:\/\/diarioelpopular.com\/index.php\/wp-json\/wp\/v2\/media?parent=473782"}],"wp:term":[{"taxonomy":"category","embeddable":true,"href":"https:\/\/diarioelpopular.com\/index.php\/wp-json\/wp\/v2\/categories?post=473782"},{"taxonomy":"post_tag","embeddable":true,"href":"https:\/\/diarioelpopular.com\/index.php\/wp-json\/wp\/v2\/tags?post=473782"}],"curies":[{"name":"wp","href":"https:\/\/api.w.org\/{rel}","templated":true}]}}