{"id":474517,"date":"2017-11-13T21:17:57","date_gmt":"2017-11-14T02:17:57","guid":{"rendered":"http:\/\/diarioelpopular.com\/?p=474517"},"modified":"2017-11-13T21:17:57","modified_gmt":"2017-11-14T02:17:57","slug":"aumentan-en-ee-uu-los-delitos-de-odio-contra-musulmanes-y-latinos","status":"publish","type":"post","link":"https:\/\/diarioelpopular.com\/index.php\/2017\/11\/13\/aumentan-en-ee-uu-los-delitos-de-odio-contra-musulmanes-y-latinos\/","title":{"rendered":"Aumentan en EE UU los delitos de odio contra musulmanes y latinos"},"content":{"rendered":"<div id=\"attachment_474518\" style=\"width: 570px\" class=\"wp-caption aligncenter\"><a href=\"https:\/\/diarioelpopular.com\/wp-content\/uploads\/2017\/11\/1510598646_373966_1510598818_noticia_normal_recorte1.jpg\"><img loading=\"lazy\" decoding=\"async\" aria-describedby=\"caption-attachment-474518\" class=\"size-large wp-image-474518\" src=\"https:\/\/diarioelpopular.com\/wp-content\/uploads\/2017\/11\/1510598646_373966_1510598818_noticia_normal_recorte1-560x373.jpg\" alt=\"Sede del FBI en Washington. \" width=\"560\" height=\"373\" \/><\/a><p id=\"caption-attachment-474518\" class=\"wp-caption-text\">Sede del FBI en Washington.<\/p><\/div>\n<p style=\"color: #444444\">La sensaci\u00f3n de crispaci\u00f3n pol\u00edtica y social en Estados Unidos, las noticias de cr\u00edmenes contra razas, etnias o religiones concretas que salpican los medios un d\u00eda s\u00ed y otro tambi\u00e9n, qued\u00f3 confirmada este lunes en el informe del FBI sobre los delitos de odio sucedidos en Estados Unidos que elabora el FBI. En 2016, el a\u00f1o de la campa\u00f1a electoral americana, aumentaron considerablemente los ataques a latinos y musulmanes, dos colectivos especialmente se\u00f1alados por la refriega pol\u00edtica, y, en menor medida, los dirigidos contra jud\u00edos o afroamericanos. Se trata del segundo a\u00f1os seguido en que repuntan este tipo de ataques.<\/p>\n<div id=\"elpais_gpt-INTEXT\" style=\"color: #444444\">\n<div id=\"google_ads_iframe_\/7811748\/elpais_web\/internacional\/intext_0__container__\" style=\"font-style: inherit\">En concreto, el a\u00f1o pasado un total de 344 latinos fueron v\u00edctimas de incidentes motivados por su origen, frente a las 299 de 2015, lo que supone un incremento del 23%. Las v\u00edctimas musulmanas alcanzaron los 388, lo que significa un aumento del 26% con relaci\u00f3n al a\u00f1o anterior. Los afroamericanos, aunque no han padecido un empeoramiento significativo, forman un colectivo mucho m\u00e1s numeroso: 2.220 sufrieron alg\u00fan incidente por ser negros, frente a los 2.201 de 2015. Para los blancos, el n\u00famero de afectados por incidentes racistas aument\u00f3 un 15%, hasta sumar 909.<\/div>\n<\/div>\n<div id=\"inread1\" style=\"font-style: inherit\">\u00a0En global, aumentaron por segundo a\u00f1o consecutivo todos los llamados delitos de odio, que adem\u00e1s de raza o religi\u00f3n, tambi\u00e9n incluyen cr\u00edmenes dirigidos contra personas por motivo de su orientaci\u00f3n sexual o su g\u00e9nero o contra aquellas que sufren alguna discapacidad. La cifra total de incidentes enmarcados en la categor\u00eda de odio se situ\u00f3 en 6.121, lo que supone un aumento del 4,6% respecto a los 5.850 del a\u00f1o anterior.<\/div>\n<section id=\"sumario_1|apoyos\" class=\"sumario_apoyos derecha\" style=\"color: #444444\"><a style=\"font-style: inherit;color: #016ca2\" name=\"sumario_1\"><\/a><\/p>\n<div class=\"sumario__interior\" style=\"font-style: inherit\">\n<header class=\"sumario-encabezado\" style=\"font-style: inherit\">\n<h3 class=\"sumario-titulo\" style=\"font-style: inherit;color: #111111\"><span class=\"sin_enlace\" style=\"font-weight: inherit;font-style: inherit\">M\u00c1S INFORMACI\u00d3N<\/span><\/h3>\n<\/header>\n<div class=\"sumario-texto\" style=\"font-style: inherit\">\n<div class=\"apoyos\" style=\"font-style: inherit\">\n<ul class=\"apoyos-listado\" style=\"font-style: inherit\">\n<li class=\"apoyo_normal apoyo_sinfoto\" style=\"font-style: inherit\"><span class=\"apoyo-titulo\" style=\"font-style: inherit\"><a style=\"font-style: inherit;color: #000000\" href=\"https:\/\/elpais.com\/internacional\/2017\/08\/19\/estados_unidos\/1503166372_197822.html\">Y los ultras salieron de sus guaridas<\/a><\/span><\/li>\n<li class=\"apoyo_normal apoyo_sinfoto\" style=\"font-style: inherit\"><span class=\"apoyo-titulo\" style=\"font-style: inherit\"><a style=\"font-style: inherit;color: #000000\" href=\"https:\/\/elpais.com\/internacional\/2017\/03\/01\/estados_unidos\/1488404504_966928.html\">Estados Unidos afronta una ola de antisemitismo con amenazas de bomba a escuelas y ataques a cementerios<\/a><\/span><\/li>\n<\/ul>\n<\/div>\n<\/div>\n<\/div>\n<\/section>\n<p style=\"color: #444444\">Las estad\u00edsticas que el FBI elabora sobre delitos de odio recogen los informes entregados de forma voluntaria por parte de unas 15.000 agencias de seguridad, pero las cifras suelen ser objeto de debate, ya que algunos grupos de derechos civiles y de defensa de las minor\u00edas sostienen que algunas ciudades identifican como cr\u00edmenes de odio menos delitos de los que deber\u00edan. Adem\u00e1s, seg\u00fan el Southern Poverty Law Center, la entidad que en EE UU elabora un registro de los considerados como &#8220;grupos de odio&#8221;, el n\u00famero de este tipo de agrupaciones ha crecido tambi\u00e9n.<\/p>\n<p style=\"color: #444444\">Las personas transg\u00e9nero sufrieron especialmente el a\u00f1o pasado, con cr\u00edmenes contra 111 miembros de este colectivo, un aumento del v\u00edctimas del 46% respecto a 2015. El avance de los transg\u00e9nero en derecho e integraci\u00f3n en Estados Unidos \u2014la semana pasada fue elegida para un puesto legislativo la primera mujer transexual\u2014 se ha visto acompa\u00f1ada de un repunte de la violencia contra este colectivo, m\u00e1s visible que nunca. Las agresiones o incidentes que ten\u00edan por objetivo gays lo lesbianas tambi\u00e9n subieron por segundo a\u00f1o consecutivo.<\/p>\n<p style=\"color: #444444\">En cuanto a los musulmanes, un grupo muy se\u00f1alado por Donald Trump durante la campa\u00f1a electoral, que ocup\u00f3 pr\u00e1cticamente todo 2016, el aumento de la islamofobia ya se percibi\u00f3, y de forma m\u00e1s virulenta, el a\u00f1o anterior. En 2015 el n\u00famero de incidentes se dispar\u00f3 un 69% respecto a 2014. Hab\u00eda que regresar a 2001 para encontrar un incremento tan brusco. Tras los atentados del 11-S, perpetrados por el grupo isl\u00e1mico Al-Qaeda, los delitos contra musulmanes escalaron un 1.554%, de 33 cr\u00edmenes en 2000 a 546 en 2001.<\/p>\n<p style=\"color: #444444\">Los latinos tambi\u00e9n recibieron ataques del hoy presidente de Estados Unidos, especialmente los mexicanos. En 2015, al anunciar que se presentar\u00eda a las elecciones, tach\u00f3 a los inmigrantes indocumentados procedentes del pa\u00eds vecinos &#8220;violadores&#8221; y responsables del aumento de la deliencuencia y la drogadicci\u00f3n.<\/p>\n<p style=\"color: #444444\">En el global de los incidentes, sin contar el n\u00famero de v\u00edctimas, afroamericanos, jud\u00edos y musulmanes son los grupos que han sufrido m\u00e1s casos. Por otra parte, los ataques por motivos regliosos se han cebado un a\u00f1o m\u00e1s en los jud\u00edos, que sufre las mitad de todos los delitos registrados, que asciende a un total de 1.200.<\/p>\n","protected":false},"excerpt":{"rendered":"<p>Los ataques a personas transg\u00e9nero se disparan un 46%, seg\u00fan el informe del FBI de 2016<\/p>\n","protected":false},"author":5842,"featured_media":0,"comment_status":"open","ping_status":"open","sticky":false,"template":"","format":"standard","meta":{"footnotes":""},"categories":[23,24],"tags":[],"class_list":["post-474517","post","type-post","status-publish","format-standard","hentry","category-latinoamerica","category-mundo"],"_links":{"self":[{"href":"https:\/\/diarioelpopular.com\/index.php\/wp-json\/wp\/v2\/posts\/474517","targetHints":{"allow":["GET"]}}],"collection":[{"href":"https:\/\/diarioelpopular.com\/index.php\/wp-json\/wp\/v2\/posts"}],"about":[{"href":"https:\/\/diarioelpopular.com\/index.php\/wp-json\/wp\/v2\/types\/post"}],"author":[{"embeddable":true,"href":"https:\/\/diarioelpopular.com\/index.php\/wp-json\/wp\/v2\/users\/5842"}],"replies":[{"embeddable":true,"href":"https:\/\/diarioelpopular.com\/index.php\/wp-json\/wp\/v2\/comments?post=474517"}],"version-history":[{"count":1,"href":"https:\/\/diarioelpopular.com\/index.php\/wp-json\/wp\/v2\/posts\/474517\/revisions"}],"predecessor-version":[{"id":474519,"href":"https:\/\/diarioelpopular.com\/index.php\/wp-json\/wp\/v2\/posts\/474517\/revisions\/474519"}],"wp:attachment":[{"href":"https:\/\/diarioelpopular.com\/index.php\/wp-json\/wp\/v2\/media?parent=474517"}],"wp:term":[{"taxonomy":"category","embeddable":true,"href":"https:\/\/diarioelpopular.com\/index.php\/wp-json\/wp\/v2\/categories?post=474517"},{"taxonomy":"post_tag","embeddable":true,"href":"https:\/\/diarioelpopular.com\/index.php\/wp-json\/wp\/v2\/tags?post=474517"}],"curies":[{"name":"wp","href":"https:\/\/api.w.org\/{rel}","templated":true}]}}