{"id":474536,"date":"2017-11-14T09:25:29","date_gmt":"2017-11-14T14:25:29","guid":{"rendered":"http:\/\/diarioelpopular.com\/?p=474536"},"modified":"2017-11-14T09:25:29","modified_gmt":"2017-11-14T14:25:29","slug":"esta-foto-de-chichen-itza-genera-un-debate-sobre-el-uso-de-drones","status":"publish","type":"post","link":"https:\/\/diarioelpopular.com\/index.php\/2017\/11\/14\/esta-foto-de-chichen-itza-genera-un-debate-sobre-el-uso-de-drones\/","title":{"rendered":"Esta foto de Chich\u00e9n Itz\u00e1 genera un debate sobre el uso de drones"},"content":{"rendered":"<p style=\"color: #666666\"><a href=\"https:\/\/diarioelpopular.com\/wp-content\/uploads\/2017\/11\/1510600117_994268_1510604892_noticia_normal.jpg\"><img loading=\"lazy\" decoding=\"async\" class=\"aligncenter size-large wp-image-474537\" src=\"https:\/\/diarioelpopular.com\/wp-content\/uploads\/2017\/11\/1510600117_994268_1510604892_noticia_normal-560x760.jpg\" alt=\"1510600117_994268_1510604892_noticia_normal\" width=\"560\" height=\"760\" \/><\/a>Una fotograf\u00eda a\u00e9rea de la pir\u00e1mide de Kukulk\u00e1n, en la\u00a0<a style=\"font-style: inherit;color: #03b282\" href=\"http:\/\/chichenitza.inah.gob.mx\/\">Zona Arqueol\u00f3gica de Chich\u00e9n Itz\u00e1<\/a>\u00a0(Yucat\u00e1n) ha generado un debate sobre el uso legal de los drones y su correcta utilizaci\u00f3n en M\u00e9xico.\u00a0<a style=\"font-style: inherit;color: #03b282\" href=\"https:\/\/www.reddit.com\/r\/pics\/comments\/7c6b3a\/took_this_aerial_and_probably_illegal_picture_of\/?st=j9yfxtiy&amp;sh=d5211cb3\">Una publicaci\u00f3n en Reddit<\/a>\u00a0con la fotograf\u00eda publicada este fin de semana ha recibido m\u00e1s de 600 comentarios en la red y ha sido vista m\u00e1s de 22.000 veces en M\u00e9xico y m\u00e1s de 247.000 en la plataforma. \u201cTom\u00e9 esta foto a\u00e9rea (\u00bfy probablemente ilegal?) de Chich\u00e9n Itz\u00e1 el pasado fin de semana\u201d public\u00f3 C\u00e9sar Mendiburu en esta red.<\/p>\n<p style=\"color: #666666\">El autor de la fotograf\u00eda cuenta en los comentarios de la imagen c\u00f3mo fue que hizo la toma. \u201cEstuve hosped\u00e1ndome un hotel cercano a las ruinas, puse la alarma a las 5 a.m. Antes de irme a dormir hice un poco de\u00a0<em>scouting<\/em>\u00a0en el hotel y encontr\u00e9 una escalera de servicio que me llevaba a la azotea\u201d, dice. El usuario tambi\u00e9n public\u00f3 las im\u00e1genes en su cuenta de Instagram.<\/p>\n<p style=\"color: #666666\">Mendiburu cont\u00f3 a\u00a0<em>Verne<\/em>\u00a0que se levant\u00f3 al alba para evitar infringir las reglas vigentes. \u201cLo hice muy temprano antes de que abrieran la zona\u201d, dice el usuario v\u00eda correo electr\u00f3nico. \u201cHasta donde yo s\u00e9, no existen leyes sobre el uso de drones en \u00e1reas federales\u201d, dice uno de los comentarios de la publicaci\u00f3n en ingl\u00e9s. El fot\u00f3grafo se\u00f1ala que cuenta con conocimiento de los reglamentos, por eso hizo el sobrevuelo de la zona.<\/p>\n<p style=\"color: #666666\">En M\u00e9xico existen lineamientos para el uso de Sistemas de Aeronaves Pilotadas a Distancia (RPAS, por sus siglas en ingl\u00e9s\u00a0<em>Remotely Piloted Aircraft Systems<\/em>) que se actualizaron en julio de 2017 ante la comercializaci\u00f3n cada vez m\u00e1s com\u00fan de drones. De acuerdo con\u00a0<a style=\"font-style: inherit;color: #03b282\" href=\"http:\/\/www.sct.gob.mx\/fileadmin\/DireccionesGrales\/DGAC-archivo\/modulo3\/co-av-23-10-r4.pdf\">la circular emitida por la Direcci\u00f3n General de Aeron\u00e1utica Civil<\/a>, los aparatos menores de 2 kilogramos (como el que posee Mendiburu) son considerados como\u00a0<em>RPAS Micro<\/em>, y no requieren una autorizaci\u00f3n de la dependencia para operar, pero deben de cumplir ciertos lineamientos de seguridad.<\/p>\n<p style=\"color: #666666\">\u201cTodos los RPAS podr\u00e1n realizar operaciones sobre personas, excepto sobre multitudes (de m\u00e1s de 12 personas) y que se mantenga en todo momento a una distancia de cuando menos 46 metros sobre las personas\u201d, dice la normativa. En la fotograf\u00eda de Mendiburu, no se observa ninguna persona sobre el sitio arqueol\u00f3gico.<\/p>\n<p style=\"color: #666666\">Por otro lado, el art\u00edculo 17 de la\u00a0<a style=\"font-style: inherit;color: #03b282\" href=\"http:\/\/www.diputados.gob.mx\/LeyesBiblio\/pdf\/131_280115.pdf\">Ley Federal de Monumentos y Zonas Arqueol\u00f3gicos, Art\u00edsticos e Hist\u00f3ricos<\/a>\u00a0proh\u00edbe la reproducci\u00f3n de im\u00e1genes para uso comercial de los aficionados o visitantes a estos sitios, sin considerar si las fotograf\u00edas son a\u00e9reas o no. \u201cLas reglas no dicen &#8216;no puedes volar drones para tomar fotos&#8217;. Hay muchas lagunas con respecto a este tipo de acciones\u201d, se lee en uno de los comentarios.<\/p>\n<p style=\"color: #666666\">Seg\u00fan Mendiburu, existe mucha desinformaci\u00f3n en los sitios arqueol\u00f3gicos y otros lugares tur\u00edsticos de lo que es permitido con un dron e incluso, con c\u00e1maras profesionales. \u201cLos reglamentos no son claros y hay desconocimiento de \u00e9stos por parte de las mismas autoridades&#8221;, comenta. &#8220;Viajar por M\u00e9xico con una c\u00e1mara que no sea la de tu tel\u00e9fono es un martirio, ya que la gente responsable de cada punto tur\u00edstico usa su criterio para determinar qu\u00e9 c\u00e1maras son profesionales y qu\u00e9 otras no\u201d.<\/p>\n<p style=\"color: #666666\">En Estados Unidos, la Administraci\u00f3n Federal de Aviaci\u00f3n (FAA, por sus siglas en ingl\u00e9s)\u00a0<a style=\"font-style: inherit;color: #03b282\" href=\"https:\/\/www.faa.gov\/news\/updates\/?newsId=88811&amp;omniRss=news_updatesAoc&amp;cid=101_N_U\">prohibi\u00f3 el uso de drones<\/a>\u00a0en la Estatua de la Libertad en Nueva York, en el Parque Hist\u00f3rico Nacional de Boston y otras ocho zonas hist\u00f3ricas del pa\u00eds, al considerar que requieren &#8220;instrucciones de seguridad especiales&#8221;.<\/p>\n<p dir=\"ltr\" style=\"color: #666666\">Existen varios debates en M\u00e9xico sobre el uso de drones, que van desde las zonas donde se pueden usar hasta el tipo de im\u00e1genes que se toman, ya que pueden ser consideradas como una vulneraci\u00f3n a la privacidad de los usuarios, seg\u00fan indica a\u00a0<em>Verne<\/em>\u00a0Armando Becerra, consultor en temas de privacidad. \u201cEs un tema de c\u00f3mo se aplica la tecnolog\u00eda, pues un dron es un medio por el que puedes obtener informaci\u00f3n de una persona o de un grupo de personas\u201d, dice.<\/p>\n","protected":false},"excerpt":{"rendered":"<p>El autor de la imagen se levant\u00f3 a las 5 de la ma\u00f1ana para hacer la fotograf\u00eda antes de la apertura del sitio<\/p>\n","protected":false},"author":5842,"featured_media":0,"comment_status":"open","ping_status":"open","sticky":false,"template":"","format":"standard","meta":{"footnotes":""},"categories":[1],"tags":[],"class_list":["post-474536","post","type-post","status-publish","format-standard","hentry","category-uncategorized"],"_links":{"self":[{"href":"https:\/\/diarioelpopular.com\/index.php\/wp-json\/wp\/v2\/posts\/474536","targetHints":{"allow":["GET"]}}],"collection":[{"href":"https:\/\/diarioelpopular.com\/index.php\/wp-json\/wp\/v2\/posts"}],"about":[{"href":"https:\/\/diarioelpopular.com\/index.php\/wp-json\/wp\/v2\/types\/post"}],"author":[{"embeddable":true,"href":"https:\/\/diarioelpopular.com\/index.php\/wp-json\/wp\/v2\/users\/5842"}],"replies":[{"embeddable":true,"href":"https:\/\/diarioelpopular.com\/index.php\/wp-json\/wp\/v2\/comments?post=474536"}],"version-history":[{"count":1,"href":"https:\/\/diarioelpopular.com\/index.php\/wp-json\/wp\/v2\/posts\/474536\/revisions"}],"predecessor-version":[{"id":474538,"href":"https:\/\/diarioelpopular.com\/index.php\/wp-json\/wp\/v2\/posts\/474536\/revisions\/474538"}],"wp:attachment":[{"href":"https:\/\/diarioelpopular.com\/index.php\/wp-json\/wp\/v2\/media?parent=474536"}],"wp:term":[{"taxonomy":"category","embeddable":true,"href":"https:\/\/diarioelpopular.com\/index.php\/wp-json\/wp\/v2\/categories?post=474536"},{"taxonomy":"post_tag","embeddable":true,"href":"https:\/\/diarioelpopular.com\/index.php\/wp-json\/wp\/v2\/tags?post=474536"}],"curies":[{"name":"wp","href":"https:\/\/api.w.org\/{rel}","templated":true}]}}