{"id":475131,"date":"2017-12-14T20:03:45","date_gmt":"2017-12-15T01:03:45","guid":{"rendered":"http:\/\/diarioelpopular.com\/?p=475131"},"modified":"2017-12-14T20:03:45","modified_gmt":"2017-12-15T01:03:45","slug":"mexico-desvincula-la-negociacion-del-tlc-a-su-cooperacion-en-seguridad-con-ee-uu","status":"publish","type":"post","link":"https:\/\/diarioelpopular.com\/index.php\/2017\/12\/14\/mexico-desvincula-la-negociacion-del-tlc-a-su-cooperacion-en-seguridad-con-ee-uu\/","title":{"rendered":"M\u00e9xico desvincula la negociaci\u00f3n del TLC a su cooperaci\u00f3n en seguridad con EE UU"},"content":{"rendered":"<div id=\"cuerpo_noticia\" class=\"articulo-cuerpo\" style=\"color: #444444\">\n<div id=\"attachment_475132\" style=\"width: 570px\" class=\"wp-caption aligncenter\"><a href=\"https:\/\/diarioelpopular.com\/wp-content\/uploads\/2017\/12\/1513279285_787243_1513281056_noticia_normal_recorte1.jpg\"><img loading=\"lazy\" decoding=\"async\" aria-describedby=\"caption-attachment-475132\" class=\"size-large wp-image-475132\" src=\"https:\/\/diarioelpopular.com\/wp-content\/uploads\/2017\/12\/1513279285_787243_1513281056_noticia_normal_recorte1-560x312.jpg\" alt=\"Los mandatarios estadounidenses y mexicanos en la comparecencia de jueves en Washington.\" width=\"560\" height=\"312\" \/><\/a><p id=\"caption-attachment-475132\" class=\"wp-caption-text\">Los mandatarios estadounidenses y mexicanos en la comparecencia de jueves en Washington.<\/p><\/div>\n<p dir=\"ltr\" style=\"font-style: inherit\">La posible ruptura del\u00a0<a style=\"font-style: inherit;color: #016ca2\" href=\"https:\/\/elpais.com\/tag\/tlcan_tratado_libre_comercio_america_norte\/a\" target=\"_blank\">Tratado de Libre Comercio (TLC)<\/a>\u00a0entre M\u00e9xico y Estados Unidos cuelga sobre la relaci\u00f3n bilateral. Desde finales de verano, las rocosas negociaciones, en v\u00edsperas de su sexta ronda, no han logrado un entendimiento entre las dos partes y han dejado entrever en numerosas ocasiones el fin del acuerdo comercial, en el que tambi\u00e9n participa Canad\u00e1. Este jueves, durante la segunda reuni\u00f3n entre los pa\u00edses en materia de seguridad, el canciller mexicano,<a style=\"font-style: inherit;color: #016ca2\" href=\"https:\/\/elpais.com\/tag\/luis_videgaray_caso\/a\" target=\"_blank\">Luis Videgaray<\/a>, enfatiz\u00f3 que el resultado de la negociaci\u00f3n del acuerdo comercial no afectar\u00e1 otras \u00e1reas de cooperaci\u00f3n. Sus palabras contrastan con\u00a0<a style=\"font-style: inherit;color: #016ca2\" href=\"https:\/\/elpais.com\/internacional\/2017\/11\/11\/mexico\/1510422722_160441.html\" target=\"_blank\">lo expresado<\/a>\u00a0por el propio titular mexicano de Exteriores hace un mes: &#8220;E<span style=\"font-style: inherit\">s un hecho de la vida y una realidad pol\u00edtica que un mal resultado en el TLC tendr\u00e1 impacto sobre esto. No queremos que ocurra y, por ello, estamos trabajando duro para lograr un buen resultado [en la renegociaci\u00f3n]&#8221;, subray\u00f3 en una entrevista concedida a Bloomberg.<\/span><\/p>\n<div id=\"elpais_gpt-INTEXT\" style=\"font-style: inherit\">\n<div id=\"google_ads_iframe_\/7811748\/elpais_web\/internacional\/intext_0__container__\" style=\"font-style: inherit\">La delegaci\u00f3n mexicana fue rotunda. \u201cQuiero ser absolutamente claro en esto: M\u00e9xico coopera con EE UU en materia de seguridad porque es de su inter\u00e9s y el inter\u00e9s de los mexicanos. No se hace como un intercambio o un trueque, sino con la convicci\u00f3n de que es del inter\u00e9s de M\u00e9xico\u201d, afirm\u00f3 Videgaray. \u201cNo hay circunstancia colateral que pueda afectar la b\u00fasqueda de la tranquilidad, seguridad y la paz en nuestro pa\u00eds. Estamos aqu\u00ed para seguir construyendo cooperaci\u00f3n m\u00e1s all\u00e1 de otras partes de la relaci\u00f3n con EE UU\u201d, insisti\u00f3 el secretario de Gobernaci\u00f3n, Miguel \u00c1ngel Osorio Chong.<\/div>\n<\/div>\n<div id=\"inread1\" style=\"font-style: inherit\">\u00a0\u201cEE UU est\u00e1 comprometido a una negociaci\u00f3n \u00fatil y comprensiva, pero la negociaci\u00f3n del TLC es solo una parte de la hist\u00f3rica relaci\u00f3n con M\u00e9xico\u201d, se\u00f1al\u00f3 tambi\u00e9n John J. Sullivan, el subsecretario de Estado, que reemplaz\u00f3 a\u00a0<a style=\"font-style: inherit;color: #016ca2\" href=\"https:\/\/elpais.com\/tag\/rex_wayne_tillerson\/a\" target=\"_blank\">Rex Tillerson<\/a>\u00a0al ser citado para comer con el presidente.<\/div>\n<p dir=\"ltr\" style=\"font-style: inherit\">La amenaza de ruptura parte de la Casa Blanca. Aunque ambos pa\u00edses saldr\u00edan perjudicados por la suspensi\u00f3n del tratado comercial, que ha regido la relaci\u00f3n trilateral durante casi 25 a\u00f1os, el presidente Donald Trump ha promovido una agenda proteccionista y opuesta a los pactos multilaterales.\u00a0<a style=\"font-style: inherit;color: #016ca2\" href=\"https:\/\/elpais.com\/internacional\/2017\/01\/23\/estados_unidos\/1485184656_242993.html\">A los cuatro d\u00edas de llegar a Washington, el republicano retir\u00f3 a EE UU del Tratado comercial del Pac\u00edfico con pa\u00edses latinoamericanos y asi\u00e1ticos<\/a>.<\/p>\n<p dir=\"ltr\" style=\"font-style: inherit\"><a style=\"font-style: inherit;color: #016ca2\" href=\"https:\/\/elpais.com\/economia\/2017\/04\/26\/actualidad\/1493228804_693830.html\">En abril, Trump tuvo en su mesa del Despacho Oval una orden ejecutiva para retirarse del TLC<\/a>, conocido como NAFTA en ingl\u00e9s. Estuvo cerca de firmar, pero dos llamadas de \u00faltima de hora, de sus hom\u00f3logos Enrique Pe\u00f1a Nieto y Justin Trudeau, le convencieron para acceder a negociar el Tratado. Sin embargo, las negociaciones no han calmado sus constantes provocaciones por aniquilarlo.<a style=\"font-style: inherit;color: #016ca2\" href=\"https:\/\/elpais.com\/internacional\/2017\/08\/29\/actualidad\/1503957813_705107.html\">\u201cEstamos en la negociaci\u00f3n del TLC (el peor acuerdo comercial de la historia) con M\u00e9xico y Canada. Ambos est\u00e1n siendo muy dif\u00edciles, \u00bfquiz\u00e1s habr\u00e1 que suspenderlo?\u201d, sugiri\u00f3 en un tuit en agosto<\/a>. Ante tales declaraciones, las maniobras de otros miembros del Gobierno estadounidense por reafirmar el compromiso de la Administraci\u00f3n hacia una negociaci\u00f3n honesta tienen a los mandatarios mexicanos en suspense.<\/p>\n<p dir=\"ltr\" style=\"font-style: inherit\">La posible salida del TLC no solo ser\u00eda da\u00f1ina para el vecino sur, que ya busca alternativas comerciales con otras grandes econom\u00edas como la china, sino que en EE UU tendr\u00eda un efecto trascendental en los sectores agr\u00edcolas y automovil\u00edsticos, principalmente. Pese a que senadores republicanos y fabricantes de coches, han insistido en que el acuerdo funciona, Trump, cuya presidencia ha roto muchas tradiciones y pol\u00edticas de su propio partido, busca favorecer a sus bases.\u00a0<a style=\"font-style: inherit;color: #016ca2\" href=\"https:\/\/elpais.com\/economia\/2017\/12\/12\/actualidad\/1513082903_724538.html\">El mi\u00e9rcoles, el subsecretario de Agricultura de EE UU pidi\u00f3 al sector que prepare planes de contingencia ante la posible salida del Tratado pese a llevar meses presionando por el resultado opuesto.<\/a><\/p>\n<p dir=\"ltr\" style=\"font-style: inherit\">Videgaray, Osorio Chong y el procurador general interino, El\u00edas Beltr\u00e1n, se reunieron en Washington con sus hom\u00f3logos para revisar y aumentar su cooperaci\u00f3n en la eliminaci\u00f3n del crimen organizado. Ninguno de los representantes ofreci\u00f3 detalles sobre las conversaciones ni expres\u00f3 medidas concretas m\u00e1s all\u00e1 de alegar que tratan de romper la financiaci\u00f3n de las bandas criminales. La secretaria de Seguridad Nacional estadounidense, Kirstjen Nielsen, afirm\u00f3 que su agencia y la del secretario Osorio Chong firmar\u00e1n un acuerdo para aumentar el intercambio de informaci\u00f3n sobre delincuentes.<\/p>\n<\/div>\n","protected":false},"excerpt":{"rendered":"<p>Ante la amenaza de una posible ruptura del acuerdo, el canciller Videgaray defiende que son partes separadas de la relaci\u00f3n bilateral<\/p>\n","protected":false},"author":5842,"featured_media":0,"comment_status":"open","ping_status":"open","sticky":false,"template":"","format":"standard","meta":{"footnotes":""},"categories":[23],"tags":[],"class_list":["post-475131","post","type-post","status-publish","format-standard","hentry","category-latinoamerica"],"_links":{"self":[{"href":"https:\/\/diarioelpopular.com\/index.php\/wp-json\/wp\/v2\/posts\/475131","targetHints":{"allow":["GET"]}}],"collection":[{"href":"https:\/\/diarioelpopular.com\/index.php\/wp-json\/wp\/v2\/posts"}],"about":[{"href":"https:\/\/diarioelpopular.com\/index.php\/wp-json\/wp\/v2\/types\/post"}],"author":[{"embeddable":true,"href":"https:\/\/diarioelpopular.com\/index.php\/wp-json\/wp\/v2\/users\/5842"}],"replies":[{"embeddable":true,"href":"https:\/\/diarioelpopular.com\/index.php\/wp-json\/wp\/v2\/comments?post=475131"}],"version-history":[{"count":1,"href":"https:\/\/diarioelpopular.com\/index.php\/wp-json\/wp\/v2\/posts\/475131\/revisions"}],"predecessor-version":[{"id":475133,"href":"https:\/\/diarioelpopular.com\/index.php\/wp-json\/wp\/v2\/posts\/475131\/revisions\/475133"}],"wp:attachment":[{"href":"https:\/\/diarioelpopular.com\/index.php\/wp-json\/wp\/v2\/media?parent=475131"}],"wp:term":[{"taxonomy":"category","embeddable":true,"href":"https:\/\/diarioelpopular.com\/index.php\/wp-json\/wp\/v2\/categories?post=475131"},{"taxonomy":"post_tag","embeddable":true,"href":"https:\/\/diarioelpopular.com\/index.php\/wp-json\/wp\/v2\/tags?post=475131"}],"curies":[{"name":"wp","href":"https:\/\/api.w.org\/{rel}","templated":true}]}}