{"id":475141,"date":"2017-12-15T10:26:03","date_gmt":"2017-12-15T15:26:03","guid":{"rendered":"http:\/\/diarioelpopular.com\/?p=475141"},"modified":"2017-12-15T10:26:03","modified_gmt":"2017-12-15T15:26:03","slug":"las-autoridades-mexicanas-rescatan-a-29-migrantes-abandonados-en-un-camion-en-puebla","status":"publish","type":"post","link":"https:\/\/diarioelpopular.com\/index.php\/2017\/12\/15\/las-autoridades-mexicanas-rescatan-a-29-migrantes-abandonados-en-un-camion-en-puebla\/","title":{"rendered":"Las autoridades mexicanas rescatan a 29 migrantes abandonados en un cami\u00f3n en Puebla"},"content":{"rendered":"<div id=\"attachment_475142\" style=\"width: 570px\" class=\"wp-caption aligncenter\"><a href=\"https:\/\/diarioelpopular.com\/wp-content\/uploads\/2017\/12\/20171215033721_1513306281_still.jpg\"><img loading=\"lazy\" decoding=\"async\" aria-describedby=\"caption-attachment-475142\" class=\"size-large wp-image-475142\" src=\"https:\/\/diarioelpopular.com\/wp-content\/uploads\/2017\/12\/20171215033721_1513306281_still-560x315.jpg\" alt=\"El cami\u00f3n abandonado.\" width=\"560\" height=\"315\" \/><\/a><p id=\"caption-attachment-475142\" class=\"wp-caption-text\">El cami\u00f3n abandonado.<\/p><\/div>\n<p style=\"color: #444444\">La Polic\u00eda Federal de M\u00e9xico ha rescatado a un grupo de 29 migrantes centroamericanos este jueves de la caja de un cami\u00f3n abandonado en el Estado de Puebla (en la zona centro del pa\u00eds). Entre los migrantes, que estaban dentro de una caja refrigerante y corr\u00edan riesgo de morir asfixiados,\u00a0<span style=\"font-style: inherit\">hab\u00eda 11 menores.<\/span><\/p>\n<div id=\"elpais_gpt-INTEXT\" style=\"color: #444444\">\n<div id=\"google_ads_iframe_\/7811748\/elpais_web\/internacional\/intext_0__container__\" style=\"font-style: inherit\">El cami\u00f3n estaba estacionado en una gasolinera en desuso en una autopista en Puebla. Atrapados dentro del veh\u00edculo abandonado, los migrantes golpearon el interior de la caja refrigerante y gritaron por ayuda, lo que llam\u00f3 la atenci\u00f3n de las autoridades.<\/div>\n<\/div>\n<div id=\"inread1\" style=\"font-style: inherit\">\u00a0Tras el rescate, los inmigrantes se quedaron bajo la custodia de las autoridades de inmigraci\u00f3n con miras a que sean deportados.<\/div>\n<p style=\"color: #444444\">Los rescatados son 16 salvadore\u00f1os, 11 hondure\u00f1os y dos\u00a0<a style=\"font-style: inherit;color: #016ca2\" href=\"https:\/\/elpais.com\/elpais\/2017\/08\/16\/planeta_futuro\/1502873391_220770.html\">guatemaltecos<\/a>. Cada a\u00f1o, unos 400.000 centroamericanos tratan de\u00a0<a style=\"font-style: inherit;color: #016ca2\" href=\"https:\/\/elpais.com\/internacional\/2017\/03\/09\/estados_unidos\/1489028968_647927.html\">atravesar M\u00e9xico para llegar a Estados Unidos<\/a>,\u00a0<span style=\"font-style: inherit\">seg\u00fan organizaciones defensoras de derechos humanos.<\/span>\u00a0Estos migrantes huyen de pa\u00edses marcados por la pobreza, la violencia de las bandas criminales y la corrupci\u00f3n.<\/p>\n<p style=\"color: #444444\">El<span style=\"font-style: inherit\">\u00a0el Instituto Nacional de Migraci\u00f3n (INM)<\/span>\u00a0public\u00f3 en Twitter im\u00e1genes y v\u00eddeos del operativo de rescate. En uno de los v\u00eddeos se puede ver a los polic\u00edas auxiliando a los centroamericanos a salir del cami\u00f3n.<\/p>\n<p style=\"color: #444444\">En otro v\u00eddeo, uno de los migrantes hondure\u00f1os, Elvin Omar Pineda, relata la desesperaci\u00f3n que sent\u00edan dentro del cami\u00f3n sin ventilaci\u00f3n. &#8220;Est\u00e1bamos intentando hacer ruido con una hacha, queriendo romper el caj\u00f3n pero no logr\u00e1bamos&#8221;, dice Pineda. &#8220;Gracias a ellos [los polic\u00edas], que llegaron y preguntaron si hab\u00eda alguien adentro. Si no fuera por ellos nosotros hubi\u00e9ramos fracasado, hubi\u00e9ramos muerto porque ya sent\u00edamos\u00a0<span style=\"font-style: inherit\">asfixia<\/span>\u00a0ya no aguant\u00e1bamos m\u00e1s&#8221;. Pineda a\u00f1adi\u00f3 que dej\u00f3 Honduras por la\u00a0<a style=\"font-style: inherit;color: #016ca2\" href=\"https:\/\/elpais.com\/elpais\/2017\/12\/05\/3500_millones\/1512473524_501894.html\">inestabilidad pol\u00edtica en el pa\u00eds<\/a>.<\/p>\n","protected":false},"excerpt":{"rendered":"<p>Los rescatados estaban dentro de la caja de refrigeraci\u00f3n del veh\u00edculo y corr\u00edan el riesgo de morir asfixiados<\/p>\n","protected":false},"author":5842,"featured_media":0,"comment_status":"open","ping_status":"open","sticky":false,"template":"","format":"standard","meta":{"footnotes":""},"categories":[23],"tags":[],"class_list":["post-475141","post","type-post","status-publish","format-standard","hentry","category-latinoamerica"],"_links":{"self":[{"href":"https:\/\/diarioelpopular.com\/index.php\/wp-json\/wp\/v2\/posts\/475141","targetHints":{"allow":["GET"]}}],"collection":[{"href":"https:\/\/diarioelpopular.com\/index.php\/wp-json\/wp\/v2\/posts"}],"about":[{"href":"https:\/\/diarioelpopular.com\/index.php\/wp-json\/wp\/v2\/types\/post"}],"author":[{"embeddable":true,"href":"https:\/\/diarioelpopular.com\/index.php\/wp-json\/wp\/v2\/users\/5842"}],"replies":[{"embeddable":true,"href":"https:\/\/diarioelpopular.com\/index.php\/wp-json\/wp\/v2\/comments?post=475141"}],"version-history":[{"count":1,"href":"https:\/\/diarioelpopular.com\/index.php\/wp-json\/wp\/v2\/posts\/475141\/revisions"}],"predecessor-version":[{"id":475143,"href":"https:\/\/diarioelpopular.com\/index.php\/wp-json\/wp\/v2\/posts\/475141\/revisions\/475143"}],"wp:attachment":[{"href":"https:\/\/diarioelpopular.com\/index.php\/wp-json\/wp\/v2\/media?parent=475141"}],"wp:term":[{"taxonomy":"category","embeddable":true,"href":"https:\/\/diarioelpopular.com\/index.php\/wp-json\/wp\/v2\/categories?post=475141"},{"taxonomy":"post_tag","embeddable":true,"href":"https:\/\/diarioelpopular.com\/index.php\/wp-json\/wp\/v2\/tags?post=475141"}],"curies":[{"name":"wp","href":"https:\/\/api.w.org\/{rel}","templated":true}]}}