{"id":475573,"date":"2018-01-13T16:12:44","date_gmt":"2018-01-13T21:12:44","guid":{"rendered":"http:\/\/diarioelpopular.com\/?p=475573"},"modified":"2018-01-13T16:12:44","modified_gmt":"2018-01-13T21:12:44","slug":"incendiado-el-cristo-del-pacifico-en-la-vispera-de-la-llegada-del-papa-a-peru","status":"publish","type":"post","link":"https:\/\/diarioelpopular.com\/index.php\/2018\/01\/13\/incendiado-el-cristo-del-pacifico-en-la-vispera-de-la-llegada-del-papa-a-peru\/","title":{"rendered":"Incendiado el Cristo del Pac\u00edfico en la v\u00edspera de la llegada del Papa a Per\u00fa"},"content":{"rendered":"<div id=\"attachment_475574\" style=\"width: 570px\" class=\"wp-caption aligncenter\"><a href=\"https:\/\/diarioelpopular.com\/wp-content\/uploads\/2018\/01\/1515869889_709955_1515875543_noticia_normal_recorte1.jpg\"><img loading=\"lazy\" decoding=\"async\" aria-describedby=\"caption-attachment-475574\" class=\"size-large wp-image-475574\" src=\"https:\/\/diarioelpopular.com\/wp-content\/uploads\/2018\/01\/1515869889_709955_1515875543_noticia_normal_recorte1-560x367.jpg\" alt=\"El Cristo del Pac\u00edfico, en la bah\u00eda de Chorrillos en Lima.\" width=\"560\" height=\"367\" \/><\/a><p id=\"caption-attachment-475574\" class=\"wp-caption-text\">El Cristo del Pac\u00edfico, en la bah\u00eda de Chorrillos en Lima.<\/p><\/div>\n<p style=\"color: #444444\">Un incendio afect\u00f3 la madrugada de este s\u00e1bado a la estatua del Cristo del Pac\u00edfico en Chorrillos, el distrito del sur de Lima, seg\u00fan reportaron los bomberos de la capital peruana. Aunque la prensa local inform\u00f3 en un principio que en la base de la efigie hab\u00eda trapos con olor a combustible, la Polic\u00eda Nacional descart\u00f3 durante la ma\u00f1ana que se tratara de un acto de vandalismo y asegur\u00f3 que un cortocircuito origin\u00f3 el fuego, seg\u00fan informaci\u00f3n de la agencia oficial Andina.<\/p>\n<div id=\"elpais_gpt-INTEXT\" style=\"color: #444444\">\n<div id=\"google_ads_iframe_\/7811748\/elpais_web\/internacional\/intext_0__container__\" style=\"font-style: inherit\">La estatua de 22 metros de altura, hecha de resina de poli\u00e9ster (fibra de vidrio) con un acabado de apariencia de cemento, fue donada en abril de 2011 por\u00a0<a style=\"font-style: inherit;color: #016ca2\" href=\"https:\/\/elpais.com\/tag\/odebrecht\/a\" target=\"_blank\">la constructora brasile\u00f1a Odebrecht<\/a>\u00a0al Gobierno del entonces presidente Alan Garc\u00eda. Los da\u00f1os se producen a pocos d\u00edas del inicio de la visita del papa Francisco, quien llegar\u00e1 a Lima el jueves 18 de enero.<\/div>\n<\/div>\n<section id=\"sumario_1|apoyos\" class=\"sumario_apoyos derecha\" style=\"color: #444444\"><a style=\"font-style: inherit;color: #016ca2\" name=\"sumario_1\"><\/a><\/p>\n<div class=\"sumario__interior\" style=\"font-style: inherit\">\n<header class=\"sumario-encabezado\" style=\"font-style: inherit\">\n<h3 class=\"sumario-titulo\" style=\"font-style: inherit;color: #111111\"><span class=\"sin_enlace\" style=\"font-weight: inherit;font-style: inherit\">M\u00c1S INFORMACI\u00d3N<\/span><\/h3>\n<\/header>\n<div class=\"sumario-texto\" style=\"font-style: inherit\">\n<div class=\"apoyos\" style=\"font-style: inherit\">\n<ul class=\"apoyos-listado\" style=\"font-style: inherit\">\n<li class=\"apoyo_ apoyo_sinfoto\" style=\"font-style: inherit\"><span class=\"apoyo-titulo\" style=\"font-style: inherit\"><a style=\"font-style: inherit;color: #000000\" href=\"https:\/\/elpais.com\/internacional\/2017\/06\/19\/argentina\/1497898717_846229.html\">El papa Francisco viajar\u00e1 a Per\u00fa y Chile pero evita de nuevo su pa\u00eds, Argentina<\/a><\/span><\/li>\n<li class=\"apoyo_ apoyo_sinfoto\" style=\"font-style: inherit\"><span class=\"apoyo-titulo\" style=\"font-style: inherit\"><a style=\"font-style: inherit;color: #000000\" href=\"https:\/\/elpais.com\/internacional\/2018\/01\/12\/actualidad\/1515787437_107883.html\">Cinco ataques a iglesias chilenas a d\u00edas de la llegada del Papa<\/a><\/span><\/li>\n<li class=\"apoyo_ apoyo_sinfoto\" style=\"font-style: inherit\"><span class=\"apoyo-titulo\" style=\"font-style: inherit\"><a style=\"font-style: inherit;color: #000000\" href=\"https:\/\/elpais.com\/internacional\/2017\/11\/06\/actualidad\/1509951067_917195.html\">Un alto cargo de Alan Garc\u00eda planeaba ocultar 10 millones en Andorra<\/a><\/span><\/li>\n<\/ul>\n<\/div>\n<\/div>\n<\/div>\n<\/section>\n<p style=\"color: #444444\">En 2011, el donativo de la empresa brasile\u00f1a fue pol\u00e9mico porque la imagen fue colocada en una zona hist\u00f3rica intangible, en la bah\u00eda de Chorrillos, con celeridad y sin previa consulta con el Ministerio de Cultura ni con la Municipalidad de Lima. En su carta de intenci\u00f3n de donaci\u00f3n, la firma brasile\u00f1a dijo que entregaba la escultura, una r\u00e9plica del Cristo de Corcovado de R\u00edo de Janeiro, para \u201ccontribuir al mejoramiento urban\u00edstico de la ciudad de Lima y el embellecimiento de la zona\u201d.<\/p>\n<p style=\"color: #444444\">Cada noche, la imagen luce iluminada con dos colores: fucsia o verde. Fue ubicada a corta distancia de la Cruz del Papa, una escultura de 45 metros inaugurada cuando el papa Juan Pablo II visit\u00f3 Per\u00fa en 1988. Debido al fuego, la parte anterior del Cristo ha quedado ennegrecida.<\/p>\n<p style=\"color: #444444\">El coronel Manuel Rivera, jefe de la Divisi\u00f3n Policial Sur 2, declar\u00f3 a Andina que el fuego se debi\u00f3 a una falla el\u00e9ctrica por la humedad y que la estructura no sufri\u00f3 importantes da\u00f1os.\u201cLa seguridad policial est\u00e1 garantizada para la visita del Santo Padre\u201d, a\u00f1adi\u00f3. Antes de que la polic\u00eda aclarase que el fuego no fue producto de sabotaje,\u00a0<a style=\"font-style: inherit;color: #016ca2\" href=\"https:\/\/twitter.com\/AlanGarciaPeru\/status\/952186420688556032\" target=\"_blank\">el expresidente Garc\u00eda tuite\u00f3:<\/a>\u00a0&#8220;Malvados. Su rencor intenta destruir la imagen de Cristo, pero solo destruye sus propias almas&#8221;.<\/p>\n<p style=\"color: #444444\">La donaci\u00f3n de Odebrecht estuvo tambi\u00e9n en entredicho en 2011 debido a que la declaraci\u00f3n de embarque, a nombre de la constructora, consignaba un valor de m\u00e1s de 830.000 d\u00f3lares, que los expertos consideraban una sobrevaloraci\u00f3n del pl\u00e1stico. La donaci\u00f3n permit\u00eda luego a la empresa un cr\u00e9dito tributario por ese monto.<\/p>\n<p style=\"color: #444444\"><a style=\"font-style: inherit;color: #016ca2\" href=\"https:\/\/elpais.com\/internacional\/2017\/11\/06\/actualidad\/1509951067_917195.html\" target=\"_blank\">La Banca de Andorra ha confirmado que un alto exfuncionario del Gobierno de Garc\u00eda<\/a>, y amigo del expresidente, recibi\u00f3 sobornos de Odebrecht. Otros asesores y cargos ejecutivos del Ministerio de Transportes de su administraci\u00f3n (2006-2011) est\u00e1n presos o investigados por la trama de corrupci\u00f3n en la concesi\u00f3n de la l\u00ednea 1 del Metro de Lima, construida por la empresa brasile\u00f1a.<\/p>\n<p style=\"color: #444444\">El incendio del tambi\u00e9n llamado\u00a0<em>Cristo de lo robado<\/em>\u00a0ocurre tambi\u00e9n horas despu\u00e9s de que la Fiscal\u00eda de Per\u00fa ingres\u00f3, con una orden judicial, a 43 inmuebles de 13 firmas que han sido socias de Odebrecht. Entre 2011 y 2014 estas empresas simulaban postular a la concesi\u00f3n de obras de construcci\u00f3n de infraestructura, pero entre ellas acordaban qui\u00e9nes recibir\u00edan el proyecto y a cambio pagaban el 2.9% de la obra que les era adjudicada. Entre las compa\u00f1\u00edas brasile\u00f1as intervenidas est\u00e1n Andrade Gutierrez, OAS, Camargo Correa, Mota-Engil y Queiroz Galvao. Entre las peruanas, figuran Gra\u00f1a y Montero e ICCGSA, que construyeron con Odebrecht la carretera Interoce\u00e1nica Sur.<\/p>\n","protected":false},"excerpt":{"rendered":"<p>La Polic\u00eda Nacional descarta que se trate de un acto de vandalismo y asegura que un cortocircuito origin\u00f3 el fuego<\/p>\n","protected":false},"author":5842,"featured_media":0,"comment_status":"open","ping_status":"open","sticky":false,"template":"","format":"standard","meta":{"footnotes":""},"categories":[23],"tags":[],"class_list":["post-475573","post","type-post","status-publish","format-standard","hentry","category-latinoamerica"],"_links":{"self":[{"href":"https:\/\/diarioelpopular.com\/index.php\/wp-json\/wp\/v2\/posts\/475573","targetHints":{"allow":["GET"]}}],"collection":[{"href":"https:\/\/diarioelpopular.com\/index.php\/wp-json\/wp\/v2\/posts"}],"about":[{"href":"https:\/\/diarioelpopular.com\/index.php\/wp-json\/wp\/v2\/types\/post"}],"author":[{"embeddable":true,"href":"https:\/\/diarioelpopular.com\/index.php\/wp-json\/wp\/v2\/users\/5842"}],"replies":[{"embeddable":true,"href":"https:\/\/diarioelpopular.com\/index.php\/wp-json\/wp\/v2\/comments?post=475573"}],"version-history":[{"count":1,"href":"https:\/\/diarioelpopular.com\/index.php\/wp-json\/wp\/v2\/posts\/475573\/revisions"}],"predecessor-version":[{"id":475575,"href":"https:\/\/diarioelpopular.com\/index.php\/wp-json\/wp\/v2\/posts\/475573\/revisions\/475575"}],"wp:attachment":[{"href":"https:\/\/diarioelpopular.com\/index.php\/wp-json\/wp\/v2\/media?parent=475573"}],"wp:term":[{"taxonomy":"category","embeddable":true,"href":"https:\/\/diarioelpopular.com\/index.php\/wp-json\/wp\/v2\/categories?post=475573"},{"taxonomy":"post_tag","embeddable":true,"href":"https:\/\/diarioelpopular.com\/index.php\/wp-json\/wp\/v2\/tags?post=475573"}],"curies":[{"name":"wp","href":"https:\/\/api.w.org\/{rel}","templated":true}]}}