{"id":476583,"date":"2018-03-16T14:21:48","date_gmt":"2018-03-16T18:21:48","guid":{"rendered":"http:\/\/diarioelpopular.com\/?p=476583"},"modified":"2018-03-16T14:21:48","modified_gmt":"2018-03-16T18:21:48","slug":"los-escandalos-sexuales-sacuden-a-la-principal-universidad-de-mexico","status":"publish","type":"post","link":"https:\/\/diarioelpopular.com\/index.php\/2018\/03\/16\/los-escandalos-sexuales-sacuden-a-la-principal-universidad-de-mexico\/","title":{"rendered":"Los esc\u00e1ndalos sexuales sacuden a la principal universidad de M\u00e9xico"},"content":{"rendered":"<div id=\"attachment_476584\" style=\"width: 570px\" class=\"wp-caption aligncenter\"><a href=\"https:\/\/diarioelpopular.com\/wp-content\/uploads\/2018\/03\/1521219133_564539_1521220697_noticia_normal_recorte1.jpg\"><img loading=\"lazy\" decoding=\"async\" aria-describedby=\"caption-attachment-476584\" class=\"size-large wp-image-476584\" src=\"https:\/\/diarioelpopular.com\/wp-content\/uploads\/2018\/03\/1521219133_564539_1521220697_noticia_normal_recorte1-560x373.jpg\" alt=\"Huelga estudiantil contra los casos de acoso en la prepa 5.\" width=\"560\" height=\"373\" \/><\/a><p id=\"caption-attachment-476584\" class=\"wp-caption-text\">Huelga estudiantil contra los casos de acoso en la prepa 5.<\/p><\/div>\n<p style=\"color: #444444\">La principal universidad de M\u00e9xico est\u00e1 en el centro de la pol\u00e9mica por dos casos de agresiones sexuales contra estudiantes de su red de planteles de bachillerato. Mario Ramos Andrade, profesor de la Escuela Nacional Preparatoria 9, ha sido acusado de violar a una alumna de 15 a\u00f1os y enfrenta un juicio por pederastia agravada, ha informado este viernes la Procuradur\u00eda (Fiscal\u00eda) local. Esta misma semana, la Escuela Nacional Preparatoria 5 ha despedido el lunes al profesor Ricardo Col\u00edn Hern\u00e1ndez tras denuncias de acoso sexual de parte de sus alumnas.<\/p>\n<div id=\"elpais_gpt-INTEXT\" style=\"color: #444444\">\n<div id=\"google_ads_iframe_\/7811748\/elpais_web\/internacional\/intext_0__container__\" style=\"font-style: inherit\">Las autoridades han solicitado una orden de aprehensi\u00f3n contra Ramos Andrade, que impart\u00eda la clase de inform\u00e1tica en la prepa 9, como se conoce coloquialmente a la escuela que se encuentra al norte de la capital mexicana. La fiscal\u00eda ha encontrado elementos suficientes para enjuiciarlo, despu\u00e9s de una denuncia penal que interpuso la madre de la v\u00edctima, de acuerdo con el peri\u00f3dico\u00a0<a style=\"font-style: inherit;color: #016ca2\" href=\"http:\/\/www.milenio.com\/policia\/vinculacion-proceso-maestro-preparatoria-unam-abuso_sexual-pgr-milenio_0_1139886066.html\" target=\"_blank\"><em>Milenio<\/em><\/a>.<\/div>\n<\/div>\n<div id=\"inread1\" style=\"font-style: inherit\">\u00a0En el caso de Col\u00edn Hern\u00e1ndez, la\u00a0<a style=\"font-style: inherit;color: #016ca2\" href=\"https:\/\/elpais.com\/tag\/unam_universidad_nacional_autonoma_mexico\/a\" target=\"_blank\">UNAM<\/a>\u00a0ha decidido cesarlo tras una serie de protestas en la prepa 5. Los alumnos tomaron las instalaciones del plantel el pasado lunes para poner un alto al acoso y a las agresiones que supuestamente sufr\u00edan de parte de Col\u00edn y otros profesores. &#8220;\u00a1No m\u00e1s acoso!&#8221;, &#8220;Mi cuerpo no quiere tu opini\u00f3n&#8221;, &#8220;A m\u00ed tambi\u00e9n me han acosado&#8221;, se le\u00eda en las pancartas de los estudiantes, que colgaron banderas rojinegras en la fachada para declarar una huelga y bloquearon la calzada de las Bombas, una de las avenidas m\u00e1s transitadas al sur de la Ciudad de M\u00e9xico.<\/div>\n<section id=\"sumario_2|html\" class=\"sumario_html centro\" style=\"color: #444444\"><a style=\"font-style: inherit;color: #016ca2\" name=\"sumario_2\"><\/a><\/p>\n<div class=\"sumario__interior\" style=\"font-style: inherit\">\n<div class=\"sumario-texto\" style=\"font-style: inherit\">\n<div class=\"SandboxRoot env-bp-350\" style=\"color: #1c2022\">\n<div id=\"twitter-widget-0\" class=\"EmbeddedTweet EmbeddedTweet--edge EmbeddedTweet--mediaForward media-forward js-clickToOpenTarget js-tweetIdInfo tweet-InformationCircle-widgetParent\" lang=\"es\">\n<article class=\"MediaCard\n           MediaCard--mediaForward\n\n           customisable-border\" dir=\"ltr\"><\/p>\n<div class=\"MediaCard-media\"><a class=\"MediaCard-borderOverlay\" style=\"color: #2b7bb9\" title=\"Ver imagen en Twitter\" href=\"https:\/\/twitter.com\/SalaPrensaUNAM\/status\/973322938911948801\/photo\/1\"><span class=\"u-hiddenVisually\">Ver imagen en Twitter<\/span><\/a><\/p>\n<div class=\"MediaCard-widthConstraint js-cspForcedStyle\">\n<div class=\"MediaCard-mediaContainer js-cspForcedStyle\"><a class=\"MediaCard-mediaAsset NaturalImage\" style=\"color: #2b7bb9\" href=\"https:\/\/twitter.com\/SalaPrensaUNAM\/status\/973322938911948801\/photo\/1\"><img loading=\"lazy\" decoding=\"async\" class=\"NaturalImage-image\" title=\"Ver imagen en Twitter\" src=\"https:\/\/pbs.twimg.com\/media\/DYHwDbIU0AE9xgg?format=jpg&amp;name=small\" alt=\"Ver imagen en Twitter\" width=\"600\" height=\"400\" \/><\/a><\/div>\n<\/div>\n<\/div>\n<\/article>\n<div class=\"EmbeddedTweet-tweet\">\n<blockquote class=\"Tweet h-entry js-tweetIdInfo subject expanded\" cite=\"https:\/\/twitter.com\/SalaPrensaUNAM\/status\/973322938911948801\">\n<div class=\"Tweet-header u-cf\">\n<div class=\"Tweet-brand u-floatRight\"><\/div>\n<div class=\"TweetAuthor js-inViewportScribingTarget\"><a class=\"TweetAuthor-link Identity u-linkBlend\" style=\"color: inherit\" href=\"https:\/\/twitter.com\/SalaPrensaUNAM\"><span class=\"TweetAuthor-avatar Identity-avatar\"><img decoding=\"async\" class=\"Avatar Avatar--edge\" src=\"https:\/\/pbs.twimg.com\/profile_images\/717819133396525056\/H78p1ukJ_normal.jpg\" alt=\"\" \/><\/span><span class=\"TweetAuthor-decoratedName\"><span class=\"TweetAuthor-name Identity-name customisable-highlight\" style=\"font-weight: bold\" title=\"Sala de Prensa UNAM\">Sala de Prensa UNAM<\/span><\/span><span class=\"TweetAuthor-screenName Identity-screenName\" dir=\"ltr\" style=\"color: #697882\" title=\"@SalaPrensaUNAM\">@SalaPrensaUNAM<\/span><\/a><\/div>\n<\/div>\n<div class=\"Tweet-body e-entry-content\">\n<div class=\"u-hiddenVisually js-inViewportScribingTarget\"><\/div>\n<p class=\"Tweet-text e-entry-title\" dir=\"ltr\" lang=\"es\"><a class=\"PrettyLink hashtag customisable\" style=\"color: #2b7bb9\" href=\"https:\/\/twitter.com\/hashtag\/Bolet%C3%ADnUNAM?src=hash\" rel=\"tag\"><span class=\"PrettyLink-prefix\">#<\/span><span class=\"PrettyLink-value Tweet-prettyLink\">Bolet\u00ednUNAM<\/span><\/a> La Escuela Nacional Preparatoria informa &gt; <a class=\"link customisable\" style=\"color: #2b7bb9\" title=\"http:\/\/bit.ly\/2FOazU0\" href=\"https:\/\/t.co\/F4B9dLlX5X\" target=\"_blank\" rel=\"nofollow noopener\"><span class=\"u-hiddenVisually\">http:\/\/<\/span><span class=\"Tweet-complexLink\">bit.ly\/2FOazU0<\/span><span class=\"u-hiddenVisually\">\u00a0<\/span><\/a><\/p>\n<div class=\"Tweet-metadata dateline\" style=\"color: #697882\"><a class=\"u-linkBlend u-url customisable-highlight long-permalink\" style=\"color: inherit\" href=\"https:\/\/twitter.com\/SalaPrensaUNAM\/status\/973322938911948801\">18:20 &#8211; 12 mar. 2018<\/a><\/div>\n<ul class=\"Tweet-actions Tweet-action--newsActions\">\n<li class=\"Tweet-action Tweet-action--newsAction\">\n<div class=\"Icon Icon--heartEdge TweetAction-icon\"><\/div>\n<p><a class=\"Tweet-action--heart TweetAction TweetAction--heartEdge\" style=\"color: #697882\" title=\"Me gusta\" href=\"https:\/\/twitter.com\/intent\/like?tweet_id=973322938911948801\"><span class=\"TweetAction-stat\">22<\/span><\/a><\/li>\n<li class=\"Tweet-action Tweet-action--newsAction\">\n<div class=\"Icon Icon--replyEdge TweetAction-icon\"><\/div>\n<p><a class=\"Tweet-action--replyEdge TweetAction TweetAction--replyEdge\" style=\"color: #697882\" title=\"Ver la conversaci\u00f3n en Twitter\" href=\"https:\/\/twitter.com\/SalaPrensaUNAM\/status\/973322938911948801\"><span class=\"TweetAction-stat\">18 personas est\u00e1n hablando de esto<\/span><\/a><\/li>\n<\/ul>\n<\/div>\n<\/blockquote>\n<\/div>\n<div class=\"tweet-InformationCircle--top tweet-InformationCircle--topEdge tweet-InformationCircle\"><a class=\"Icon Icon--informationCircleWhite js-inViewportScribingTarget\" style=\"color: #2b7bb9\" title=\"Informaci\u00f3n y privacidad de Twitter Ads\" href=\"https:\/\/support.twitter.com\/articles\/20175256\"><span class=\"u-hiddenVisually\">Informaci\u00f3n y privacidad de Twitter Ads<\/span><\/a><\/div>\n<\/div>\n<div class=\"resize-sensor\"><\/div>\n<\/div>\n<\/div>\n<\/div>\n<\/section>\n<p style=\"color: #444444\">&#8220;El profesor Ricardo Col\u00edn Hern\u00e1ndez se encontraba bajo investigaci\u00f3n de las autoridades universitarias, derivado de acusaciones que hab\u00edan sido presentadas previamente en su contra&#8221;, ha informado la UNAM en un bolet\u00edn. &#8220;Las autoridades de la Escuela Nacional Preparatoria continuar\u00e1n apoyando a las alumnas y los alumnos del plantel y prest\u00e1ndoles el acompa\u00f1amiento necesario&#8221;, ha agregado la universidad.\u00a0<span style=\"font-style: inherit\">Col\u00edn, que impart\u00eda la clase de Historia en la prepa 5, ha sido el \u00fanico profesor cesado hasta el momento.<\/span><\/p>\n<p style=\"color: #444444\">Las protestas en la prepa 5 se han hecho eco en otras instituciones de la UNAM. En la facultad de Filosof\u00eda y Letras se inici\u00f3 este jueves un paro feminista en protesta por casos de violencia de g\u00e9nero contra las alumnas. Usuarias en redes sociales reclamaron que las denuncias, presentadas por varias estudiantes contra los docentes de la facultad, fueron &#8220;ignoradas&#8221;, que existe un &#8220;encubrimiento&#8221; de los abusadores y que el protocolo actual de la universidad no protege de forma adecuada a las v\u00edctimas.<\/p>\n<p style=\"color: #444444\">&#8220;No hubo ninguna sanci\u00f3n (&#8230;) y hubo dos amenazas de sacarme del doctorado, las cuales se cumplieron&#8221;, acusa una estudiante en un v\u00eddeo que circula en las redes. La facultad respondi\u00f3 que se ha dado apoyo jur\u00eddico y psicol\u00f3gico a las estudiantes que han denunciado y neg\u00f3 que existiera complicidad para proteger a los agresores.\u00a0<span style=\"font-style: inherit\">La UNAM tiene tambi\u00e9n una campa\u00f1a de comunicaci\u00f3n social para evitar el machismo en la Ciudad Universitaria, el campus m\u00e1s grande de Latinoam\u00e9rica.\u00a0<\/span>En la facultad de Ciencias Pol\u00edticas y Sociales tambi\u00e9n hubo un paro de 24 horas este viernes contra\u00a0<a style=\"font-style: inherit;color: #016ca2\" href=\"https:\/\/elpais.com\/tag\/c\/63d2707764492e98c02d7e1abd8f9bc9\" target=\"_blank\">los feminicidios<\/a>\u00a0y el acoso sexual en la universidad, el m\u00e1ximo estandarte de la educaci\u00f3n p\u00fablica en M\u00e9xico.<\/p>\n<p style=\"color: #444444\">En mayo del a\u00f1o pasado, el cuerpo de Lesvy Berl\u00edn Osorio, de 22 a\u00f1os, apareci\u00f3 sin vida en el campus principal, su cuello estaba maniatado con el cable de un tel\u00e9fono p\u00fablico. Pese a los indicios de un supuesto feminicidio, las autoridades concluyeron que la joven\u00a0<a style=\"font-style: inherit;color: #016ca2\" href=\"https:\/\/elpais.com\/internacional\/2017\/07\/07\/mexico\/1499379390_211624.html\" target=\"_blank\">se ahorc\u00f3 delante de su novio<\/a>, quien fue detenido y acusado de homicidio simple por omisi\u00f3n, ante las dudas de la opini\u00f3n p\u00fablica.\u00a0<span style=\"font-style: inherit\">En M\u00e9xico cada d\u00eda se denuncian 80 delitos sexuales en alguna agencia del Ministerio P\u00fablico del pa\u00eds y el 911, el tel\u00e9fono de emergencias, recibe casi 300 llamadas diarias relacionadas con incidentes de violencia contra la mujer, seg\u00fan datos oficiales.<\/span><\/p>\n","protected":false},"excerpt":{"rendered":"<p>La UNAM despide a un profesor tras denuncias de acoso sexual y otro docente enfrenta un juicio de pederastia<\/p>\n","protected":false},"author":5842,"featured_media":0,"comment_status":"open","ping_status":"open","sticky":false,"template":"","format":"standard","meta":{"footnotes":""},"categories":[1],"tags":[],"class_list":["post-476583","post","type-post","status-publish","format-standard","hentry","category-uncategorized"],"_links":{"self":[{"href":"https:\/\/diarioelpopular.com\/index.php\/wp-json\/wp\/v2\/posts\/476583","targetHints":{"allow":["GET"]}}],"collection":[{"href":"https:\/\/diarioelpopular.com\/index.php\/wp-json\/wp\/v2\/posts"}],"about":[{"href":"https:\/\/diarioelpopular.com\/index.php\/wp-json\/wp\/v2\/types\/post"}],"author":[{"embeddable":true,"href":"https:\/\/diarioelpopular.com\/index.php\/wp-json\/wp\/v2\/users\/5842"}],"replies":[{"embeddable":true,"href":"https:\/\/diarioelpopular.com\/index.php\/wp-json\/wp\/v2\/comments?post=476583"}],"version-history":[{"count":1,"href":"https:\/\/diarioelpopular.com\/index.php\/wp-json\/wp\/v2\/posts\/476583\/revisions"}],"predecessor-version":[{"id":476585,"href":"https:\/\/diarioelpopular.com\/index.php\/wp-json\/wp\/v2\/posts\/476583\/revisions\/476585"}],"wp:attachment":[{"href":"https:\/\/diarioelpopular.com\/index.php\/wp-json\/wp\/v2\/media?parent=476583"}],"wp:term":[{"taxonomy":"category","embeddable":true,"href":"https:\/\/diarioelpopular.com\/index.php\/wp-json\/wp\/v2\/categories?post=476583"},{"taxonomy":"post_tag","embeddable":true,"href":"https:\/\/diarioelpopular.com\/index.php\/wp-json\/wp\/v2\/tags?post=476583"}],"curies":[{"name":"wp","href":"https:\/\/api.w.org\/{rel}","templated":true}]}}